{"id":7227,"date":"2021-01-01T10:22:00","date_gmt":"2021-01-01T09:22:00","guid":{"rendered":"https:\/\/esglesiajove.barcelona\/series-estudio-biblico\/"},"modified":"2024-11-14T14:08:31","modified_gmt":"2024-11-14T13:08:31","slug":"series-estudio-biblico","status":"publish","type":"post","link":"https:\/\/esglesiajove.barcelona\/es\/series-estudio-biblico\/","title":{"rendered":"Series, estudio b\u00edblico"},"content":{"rendered":"\n<h2 class=\"wp-block-heading\">Series, un nuevo formato de estudio b\u00edblico<\/h2>\n\n\n\n<p>Unos 200 j\u00f3venes han participado de Series este curso. Ante el reto de las restricciones sociales causadas por la COVID 19, hemos tenido que reinventarnos y el resultado ha sido: Series.&nbsp;<\/p>\n\n\n\n<p>Grupos de 8-10 j\u00f3venes nos hemos reunido en l\u00ednea durante unas cuatro semanas para profundizar en los misterios del Adviento y la Cuaresma. \u00a1A ra\u00edz de esto, hemos podido consolidar nuestra fe y conectar con j\u00f3venes de todo Catalu\u00f1a!<\/p>\n\n\n\n<div style=\"height:54px\" aria-hidden=\"true\" class=\"wp-block-spacer\"><\/div>\n\n\n\n<h2 class=\"has-text-align-center wp-block-heading\">MATERIALES<\/h2>\n\n\n\n<div class=\"wp-block-buttons is-content-justification-center is-layout-flex wp-container-core-buttons-is-layout-16018d1d wp-block-buttons-is-layout-flex\">\n<div class=\"wp-block-button\"><a class=\"wp-block-button__link\" href=\"https:\/\/esglesiajove.barcelona\/wp-content\/uploads\/Como-llevar-un-grupo-biblico.pdf\">C\u00f3mo llevar un grupo peque\u00f1o<\/a><\/div>\n<\/div>\n\n\n\n<h2 class=\"wp-block-heading\">Sries Adviento<\/h2>\n\n\n\n<div class=\"wp-block-columns is-layout-flex wp-container-core-columns-is-layout-9d6595d7 wp-block-columns-is-layout-flex\">\n<div class=\"wp-block-column is-layout-flow wp-block-column-is-layout-flow\">\n<div class=\"wp-block-columns is-layout-flex wp-container-core-columns-is-layout-9d6595d7 wp-block-columns-is-layout-flex\">\n<div class=\"wp-block-column is-layout-flow wp-block-column-is-layout-flow\">\n<div data-wp-interactive=\"core\/file\" class=\"wp-block-file\"><object data-wp-bind--hidden=\"!state.hasPdfPreview\" hidden class=\"wp-block-file__embed\" data=\"https:\/\/esglesiajove.barcelona\/wp-content\/uploads\/Sessio-1_-una-llum-a-la-foscor-1.pdf\" type=\"application\/pdf\" style=\"width:100%;height:600px\" aria-label=\"Incrustado de Incrustaci\u00f3 del fitxer Sessio-1_-una-llum-a-la-foscor-1..\"><\/object><a id=\"wp-block-file--media-9496df00-8246-4b29-8446-f3a3f2756655\" href=\"https:\/\/esglesiajove.barcelona\/wp-content\/uploads\/Sessio-1_-una-llum-a-la-foscor-1.pdf\">Sessio-1_-una-llum-a-la-foscor-1<\/a><a href=\"https:\/\/esglesiajove.barcelona\/wp-content\/uploads\/Sessio-1_-una-llum-a-la-foscor-1.pdf\" class=\"wp-block-file__button\" download aria-describedby=\"wp-block-file--media-9496df00-8246-4b29-8446-f3a3f2756655\">Baixa<\/a><\/div>\n<\/div>\n\n\n\n<div class=\"wp-block-column is-layout-flow wp-block-column-is-layout-flow\">\n<div data-wp-interactive=\"core\/file\" class=\"wp-block-file\"><object data-wp-bind--hidden=\"!state.hasPdfPreview\" hidden class=\"wp-block-file__embed\" data=\"https:\/\/esglesiajove.barcelona\/wp-content\/uploads\/Sessio-2_-Deu-o-el-Cesar.pdf\" type=\"application\/pdf\" style=\"width:100%;height:600px\" aria-label=\"Incrustado de Incrustaci\u00f3 del fitxer Sessio-2_-Deu-o-el-Cesar..\"><\/object><a id=\"wp-block-file--media-6da7660d-290b-4e14-8f3e-d711bc34f29a\" href=\"https:\/\/esglesiajove.barcelona\/wp-content\/uploads\/Sessio-2_-Deu-o-el-Cesar.pdf\">Sessio-2_-Deu-o-el-Cesar<\/a><a href=\"https:\/\/esglesiajove.barcelona\/wp-content\/uploads\/Sessio-2_-Deu-o-el-Cesar.pdf\" class=\"wp-block-file__button\" download aria-describedby=\"wp-block-file--media-6da7660d-290b-4e14-8f3e-d711bc34f29a\">Baixa<\/a><\/div>\n<\/div>\n<\/div>\n<\/div>\n\n\n\n<div class=\"wp-block-column is-layout-flow wp-block-column-is-layout-flow\">\n<div class=\"wp-block-columns is-layout-flex wp-container-core-columns-is-layout-9d6595d7 wp-block-columns-is-layout-flex\">\n<div class=\"wp-block-column is-layout-flow wp-block-column-is-layout-flow\">\n<div data-wp-interactive=\"core\/file\" class=\"wp-block-file\"><object data-wp-bind--hidden=\"!state.hasPdfPreview\" hidden class=\"wp-block-file__embed\" data=\"https:\/\/esglesiajove.barcelona\/wp-content\/uploads\/Sessio-3_-Esperar-amb-esperanca.pdf\" type=\"application\/pdf\" style=\"width:100%;height:600px\" aria-label=\"Incrustado de Incrustaci\u00f3 del fitxer Sessio-3_-Esperar-amb-esperanca..\"><\/object><a id=\"wp-block-file--media-ee498281-f02b-4348-8424-61b2988605fa\" href=\"https:\/\/esglesiajove.barcelona\/wp-content\/uploads\/Sessio-3_-Esperar-amb-esperanca.pdf\">Sessio-3_-Esperar-amb-esperanca<\/a><a href=\"https:\/\/esglesiajove.barcelona\/wp-content\/uploads\/Sessio-3_-Esperar-amb-esperanca.pdf\" class=\"wp-block-file__button\" download aria-describedby=\"wp-block-file--media-ee498281-f02b-4348-8424-61b2988605fa\">Baixa<\/a><\/div>\n<\/div>\n\n\n\n<div class=\"wp-block-column is-layout-flow wp-block-column-is-layout-flow\">\n<div data-wp-interactive=\"core\/file\" class=\"wp-block-file\"><object data-wp-bind--hidden=\"!state.hasPdfPreview\" hidden class=\"wp-block-file__embed\" data=\"https:\/\/esglesiajove.barcelona\/wp-content\/uploads\/Sessio-4_-El-regal.pdf\" type=\"application\/pdf\" style=\"width:100%;height:600px\" aria-label=\"Incrustado de Incrustaci\u00f3 del fitxer Sessio-4_-El-regal..\"><\/object><a id=\"wp-block-file--media-8f46f61d-707b-4bf9-a5ac-755e809c64ce\" href=\"https:\/\/esglesiajove.barcelona\/wp-content\/uploads\/Sessio-4_-El-regal.pdf\">Sessio-4_-El-regal<\/a><a href=\"https:\/\/esglesiajove.barcelona\/wp-content\/uploads\/Sessio-4_-El-regal.pdf\" class=\"wp-block-file__button\" download aria-describedby=\"wp-block-file--media-8f46f61d-707b-4bf9-a5ac-755e809c64ce\">Baixa<\/a><\/div>\n<\/div>\n<\/div>\n<\/div>\n<\/div>\n\n\n\n<div style=\"height:38px\" aria-hidden=\"true\" class=\"wp-block-spacer\"><\/div>\n\n\n\n<h2 class=\"wp-block-heading\">S\u00e8ries Exodus<\/h2>\n\n\n\n<div class=\"wp-block-columns is-layout-flex wp-container-core-columns-is-layout-9d6595d7 wp-block-columns-is-layout-flex\">\n<div class=\"wp-block-column is-layout-flow wp-block-column-is-layout-flow\">\n<div class=\"wp-block-columns is-layout-flex wp-container-core-columns-is-layout-9d6595d7 wp-block-columns-is-layout-flex\">\n<div class=\"wp-block-column is-layout-flow wp-block-column-is-layout-flow\">\n<div data-wp-interactive=\"core\/file\" class=\"wp-block-file\"><object data-wp-bind--hidden=\"!state.hasPdfPreview\" hidden class=\"wp-block-file__embed\" data=\"https:\/\/esglesiajove.barcelona\/wp-content\/uploads\/Sessio-1_-Egipte-1.pdf\" type=\"application\/pdf\" style=\"width:100%;height:600px\" aria-label=\"Incrustado de Incrustaci\u00f3 del fitxer Sessio-1_-Egipte-1..\"><\/object><a id=\"wp-block-file--media-9496df00-8246-4b29-8446-f3a3f2756655\" href=\"https:\/\/esglesiajove.barcelona\/wp-content\/uploads\/Sessio-1_-Egipte-1.pdf\">Sessio-1_-Egipte-1<\/a><a href=\"https:\/\/esglesiajove.barcelona\/wp-content\/uploads\/Sessio-1_-Egipte-1.pdf\" class=\"wp-block-file__button\" download aria-describedby=\"wp-block-file--media-9496df00-8246-4b29-8446-f3a3f2756655\">Baixa<\/a><\/div>\n<\/div>\n\n\n\n<div class=\"wp-block-column is-layout-flow wp-block-column-is-layout-flow\">\n<div data-wp-interactive=\"core\/file\" class=\"wp-block-file\"><object data-wp-bind--hidden=\"!state.hasPdfPreview\" hidden class=\"wp-block-file__embed\" data=\"https:\/\/esglesiajove.barcelona\/wp-content\/uploads\/Sessio-2_-El-desert.pdf\" type=\"application\/pdf\" style=\"width:100%;height:600px\" aria-label=\"Incrustado de Incrustaci\u00f3 del fitxer Sessio-2_-El-desert..\"><\/object><a id=\"wp-block-file--media-6da7660d-290b-4e14-8f3e-d711bc34f29a\" href=\"https:\/\/esglesiajove.barcelona\/wp-content\/uploads\/Sessio-2_-El-desert.pdf\">Sessio-2_-El-desert<\/a><a href=\"https:\/\/esglesiajove.barcelona\/wp-content\/uploads\/Sessio-2_-El-desert.pdf\" class=\"wp-block-file__button\" download aria-describedby=\"wp-block-file--media-6da7660d-290b-4e14-8f3e-d711bc34f29a\">Baixa<\/a><\/div>\n<\/div>\n<\/div>\n<\/div>\n\n\n\n<div class=\"wp-block-column is-layout-flow wp-block-column-is-layout-flow\">\n<div class=\"wp-block-columns is-layout-flex wp-container-core-columns-is-layout-9d6595d7 wp-block-columns-is-layout-flex\">\n<div class=\"wp-block-column is-layout-flow wp-block-column-is-layout-flow\">\n<div data-wp-interactive=\"core\/file\" class=\"wp-block-file\"><object data-wp-bind--hidden=\"!state.hasPdfPreview\" hidden class=\"wp-block-file__embed\" data=\"https:\/\/esglesiajove.barcelona\/wp-content\/uploads\/Sessio-3_-lAlianca.pdf\" type=\"application\/pdf\" style=\"width:100%;height:600px\" aria-label=\"Incrustado de Incrustaci\u00f3 del fitxer Sessio-3_-lAlianca..\"><\/object><a id=\"wp-block-file--media-ee498281-f02b-4348-8424-61b2988605fa\" href=\"https:\/\/esglesiajove.barcelona\/wp-content\/uploads\/Sessio-3_-lAlianca.pdf\">Sessio-3_-lAlianca<\/a><a href=\"https:\/\/esglesiajove.barcelona\/wp-content\/uploads\/Sessio-3_-lAlianca.pdf\" class=\"wp-block-file__button\" download aria-describedby=\"wp-block-file--media-ee498281-f02b-4348-8424-61b2988605fa\">Baixa<\/a><\/div>\n<\/div>\n\n\n\n<div class=\"wp-block-column is-layout-flow wp-block-column-is-layout-flow\">\n<div data-wp-interactive=\"core\/file\" class=\"wp-block-file\"><object data-wp-bind--hidden=\"!state.hasPdfPreview\" hidden class=\"wp-block-file__embed\" data=\"https:\/\/esglesiajove.barcelona\/wp-content\/uploads\/Sessio-4_-la-Terra-Promesa.pdf\" type=\"application\/pdf\" style=\"width:100%;height:600px\" aria-label=\"Incrustado de Incrustaci\u00f3 del fitxer Sessio-4_-la-Terra-Promesa..\"><\/object><a id=\"wp-block-file--media-8f46f61d-707b-4bf9-a5ac-755e809c64ce\" href=\"https:\/\/esglesiajove.barcelona\/wp-content\/uploads\/Sessio-4_-la-Terra-Promesa.pdf\">Sessio-4_-la-Terra-Promesa<\/a><a href=\"https:\/\/esglesiajove.barcelona\/wp-content\/uploads\/Sessio-4_-la-Terra-Promesa.pdf\" class=\"wp-block-file__button\" download aria-describedby=\"wp-block-file--media-8f46f61d-707b-4bf9-a5ac-755e809c64ce\">Baixa<\/a><\/div>\n<\/div>\n<\/div>\n<\/div>\n<\/div>\n\n\n\n<figure class=\"wp-block-gallery has-nested-images columns-default is-cropped wp-block-gallery-1 is-layout-flex wp-block-gallery-is-layout-flex\">\n<figure class=\"wp-block-image size-large\"><img decoding=\"async\" data-id=\"19133\" src=\"https:\/\/esglesiajove.barcelona\/wp-content\/uploads\/2024\/11\/0b174eff-cbfd-487d-94e1-47a12be0a9fe.jpg\" alt=\"\" class=\"wp-image-19133\"\/><\/figure>\n\n\n\n<figure class=\"wp-block-image size-large\"><img decoding=\"async\" data-id=\"19136\" src=\"https:\/\/esglesiajove.barcelona\/wp-content\/uploads\/2024\/11\/81ae3b04-e688-42c3-98bc-2f283789df6c.jpg\" alt=\"S\u00e8ries\" class=\"wp-image-19136\"\/><\/figure>\n\n\n\n<figure class=\"wp-block-image size-large\"><img decoding=\"async\" data-id=\"19134\" src=\"https:\/\/esglesiajove.barcelona\/wp-content\/uploads\/2024\/11\/869d891a-8ae4-49df-be08-e6482b090e0e.jpg\" alt=\"S\u00e8ries\" class=\"wp-image-19134\"\/><\/figure>\n\n\n\n<figure class=\"wp-block-image size-large\"><img decoding=\"async\" data-id=\"19135\" src=\"https:\/\/esglesiajove.barcelona\/wp-content\/uploads\/2024\/11\/8209a126-4197-48d1-a086-d1c5820beea0.jpg\" alt=\"\" class=\"wp-image-19135\"\/><\/figure>\n\n\n\n<figure class=\"wp-block-image size-large\"><img decoding=\"async\" data-id=\"19137\" src=\"https:\/\/esglesiajove.barcelona\/wp-content\/uploads\/2024\/11\/c7771c6c-db64-4dab-a60c-e5209eac4a8a.jpg\" alt=\"\" class=\"wp-image-19137\"\/><\/figure>\n\n\n\n<figure class=\"wp-block-image size-large\"><img decoding=\"async\" data-id=\"19138\" src=\"https:\/\/esglesiajove.barcelona\/wp-content\/uploads\/2024\/11\/d70b1100-4b9a-4a33-9384-68f5d071d5a6.jpg\" alt=\"\" class=\"wp-image-19138\"\/><\/figure>\n<\/figure>\n","protected":false},"excerpt":{"rendered":"<p>Series, un nuevo formato de estudio b\u00edblico Unos 200 j\u00f3venes han participado de Series este curso. Ante el reto de las restricciones sociales causadas por la COVID 19, hemos tenido&#8230;<\/p>\n","protected":false},"author":1,"featured_media":6355,"comment_status":"closed","ping_status":"closed","sticky":false,"template":"","format":"standard","meta":{"inline_featured_image":false,"footnotes":""},"categories":[56],"tags":[],"class_list":{"0":"post-7227","1":"post","2":"type-post","3":"status-publish","4":"format-standard","5":"has-post-thumbnail","7":"category-articles"},"_links":{"self":[{"href":"https:\/\/esglesiajove.barcelona\/es\/wp-json\/wp\/v2\/posts\/7227","targetHints":{"allow":["GET"]}}],"collection":[{"href":"https:\/\/esglesiajove.barcelona\/es\/wp-json\/wp\/v2\/posts"}],"about":[{"href":"https:\/\/esglesiajove.barcelona\/es\/wp-json\/wp\/v2\/types\/post"}],"author":[{"embeddable":true,"href":"https:\/\/esglesiajove.barcelona\/es\/wp-json\/wp\/v2\/users\/1"}],"replies":[{"embeddable":true,"href":"https:\/\/esglesiajove.barcelona\/es\/wp-json\/wp\/v2\/comments?post=7227"}],"version-history":[{"count":1,"href":"https:\/\/esglesiajove.barcelona\/es\/wp-json\/wp\/v2\/posts\/7227\/revisions"}],"predecessor-version":[{"id":7228,"href":"https:\/\/esglesiajove.barcelona\/es\/wp-json\/wp\/v2\/posts\/7227\/revisions\/7228"}],"wp:featuredmedia":[{"embeddable":true,"href":"https:\/\/esglesiajove.barcelona\/es\/wp-json\/wp\/v2\/media\/6355"}],"wp:attachment":[{"href":"https:\/\/esglesiajove.barcelona\/es\/wp-json\/wp\/v2\/media?parent=7227"}],"wp:term":[{"taxonomy":"category","embeddable":true,"href":"https:\/\/esglesiajove.barcelona\/es\/wp-json\/wp\/v2\/categories?post=7227"},{"taxonomy":"post_tag","embeddable":true,"href":"https:\/\/esglesiajove.barcelona\/es\/wp-json\/wp\/v2\/tags?post=7227"}],"curies":[{"name":"wp","href":"https:\/\/api.w.org\/{rel}","templated":true}]}}