{"id":7229,"date":"2022-07-01T11:03:42","date_gmt":"2022-07-01T09:03:42","guid":{"rendered":"https:\/\/esglesiajove.barcelona\/calendario-curso-22-23\/"},"modified":"2022-07-01T11:39:31","modified_gmt":"2022-07-01T09:39:31","slug":"calendario-curso-22-23","status":"publish","type":"post","link":"https:\/\/esglesiajove.barcelona\/es\/calendario-curso-22-23\/","title":{"rendered":"Calendario curso 22-23"},"content":{"rendered":"\n<h2 class=\"wp-block-heading\">\u00a1Ya tenemos nuestro calendario del curso 2022-2023!<\/h2>\n\n\n\n<p>Como podr\u00e1s observar en el calendario de Esgl\u00e9sia Jove Barcelona, a lo largo de este curso habr\u00e1 algunos encuentros para todos y otros que estar\u00e1n dirigidos a determinadas edades.  <\/p>\n\n\n\n\n\n<div style=\"height:48px\" aria-hidden=\"true\" class=\"wp-block-spacer\"><\/div>\n\n\n\n<p>Empezando por los <strong><a href=\"https:\/\/esglesiajove.barcelona\/que-hacemos\/adolescentes\/\" target=\"_blank\" rel=\"noreferrer noopener\">adolescentes (14-17 a\u00f1os)<\/a><\/strong>, este curso volveremos a hacer las actividades <a href=\"https:\/\/esglesiajove.barcelona\/olimpiadas-connecta-2022\/\" target=\"_blank\" rel=\"noreferrer noopener\"><em>Connecta<\/em><\/a>. Un formato din\u00e1mico y profundo para conocer a otros j\u00f3venes y conectar con Dios. <\/p>\n\n\n\n<p>En segundo lugar, los <a href=\"https:\/\/esglesiajove.barcelona\/que-hacemos\/jovenes\/\" target=\"_blank\" rel=\"noreferrer noopener\"><strong>j\u00f3venes (18-24 a\u00f1os)<\/strong><\/a> tienen desde la posibilidad de apuntarse a unos ejercicios espirituales a hacer una salida. Tambi\u00e9n existen los <em><a href=\"https:\/\/esglesiajove.barcelona\/safor-es\/\" target=\"_blank\" rel=\"noreferrer noopener\">SAFORS<\/a><\/em>, dirigidos a aquellos j\u00f3venes universitarios que buscan reunirse, acercarse al Se\u00f1or y evangelizar en la universidad. <\/p>\n\n\n\n<p>Por otro lado, los <strong><a href=\"https:\/\/esglesiajove.barcelona\/que-hacemos\/jovenes-adultos\/\" target=\"_blank\" rel=\"noreferrer noopener\">j\u00f3venes adultos (25-35)<\/a><\/strong> forman parte del <em><a href=\"https:\/\/esglesiajove.barcelona\/grupo-joan-roig-jovenes-adultos\/\" target=\"_blank\" rel=\"noreferrer noopener\">Grupo Joan Roig<\/a><\/em>, un grupo de j\u00f3venes de realidades eclesiales diversas que quiere ser una comunidad que articula pensamiento y busca criterio.<\/p>\n\n\n\n<p>Adem\u00e1s, para los sacerdotes acompa\u00f1antes de j\u00f3venes, durante el a\u00f1o se celebrar\u00e1n diversos encuentros para unirse, compartir y crecer juntos.<\/p>\n\n\n\n<p>Para aquellos que quieran hacer un servicio, retomamos la <em><a href=\"https:\/\/esglesiajove.barcelona\/mision-mans-buides\/\" target=\"_blank\" rel=\"noreferrer noopener\">Misi\u00f3n Mans Buides<\/a><\/em>, que consiste en salidas con las <a href=\"https:\/\/comunitatdelanyell.org\" target=\"_blank\" rel=\"noreferrer noopener\">Hermanitas del Cordero<\/a> por las calles de Barcelona al encuentro del pobre. Tambi\u00e9n empezamos un <em><a href=\"https:\/\/esglesiajove.barcelona\/acompanamos-a-heridos-de-guerra\/\" target=\"_blank\" rel=\"noreferrer noopener\">Voluntariado con heridos de guerra<\/a> <\/em>(para mayores de edad).<\/p>\n\n\n\n<p>Finalmente, este a\u00f1o lanzamos <em>ADSUM<\/em>, una comunidad misionera pensada para evangelizar a los adolescentes de  Barcelona. &nbsp;<\/p>\n\n\n\n<p>Desc\u00e1rgate el calendario de Esgl\u00e9sia Jove Barcelona, en el que podr\u00e1s encontrar toda la informaci\u00f3n.<\/p>\n\n\n\n<div class=\"wp-block-group is-layout-flow wp-block-group-is-layout-flow\">\n<p class=\"has-text-align-right\">Atentamente, <\/p>\n\n\n\n<p class=\"has-text-align-right\">Equipo Esgl\u00e9sia Jove Barcelona<\/p>\n<\/div>\n","protected":false},"excerpt":{"rendered":"<p>\u00a1Ya tenemos nuestro calendario del curso 2022-2023! Como podr\u00e1s observar en el calendario de Esgl\u00e9sia Jove Barcelona, a lo largo de este curso habr\u00e1 algunos encuentros para todos y otros&#8230;<\/p>\n","protected":false},"author":1,"featured_media":7230,"comment_status":"closed","ping_status":"closed","sticky":false,"template":"","format":"standard","meta":{"inline_featured_image":false,"footnotes":""},"categories":[56],"tags":[],"class_list":{"0":"post-7229","1":"post","2":"type-post","3":"status-publish","4":"format-standard","5":"has-post-thumbnail","7":"category-articles"},"_links":{"self":[{"href":"https:\/\/esglesiajove.barcelona\/es\/wp-json\/wp\/v2\/posts\/7229","targetHints":{"allow":["GET"]}}],"collection":[{"href":"https:\/\/esglesiajove.barcelona\/es\/wp-json\/wp\/v2\/posts"}],"about":[{"href":"https:\/\/esglesiajove.barcelona\/es\/wp-json\/wp\/v2\/types\/post"}],"author":[{"embeddable":true,"href":"https:\/\/esglesiajove.barcelona\/es\/wp-json\/wp\/v2\/users\/1"}],"replies":[{"embeddable":true,"href":"https:\/\/esglesiajove.barcelona\/es\/wp-json\/wp\/v2\/comments?post=7229"}],"version-history":[{"count":0,"href":"https:\/\/esglesiajove.barcelona\/es\/wp-json\/wp\/v2\/posts\/7229\/revisions"}],"wp:featuredmedia":[{"embeddable":true,"href":"https:\/\/esglesiajove.barcelona\/es\/wp-json\/wp\/v2\/media\/7230"}],"wp:attachment":[{"href":"https:\/\/esglesiajove.barcelona\/es\/wp-json\/wp\/v2\/media?parent=7229"}],"wp:term":[{"taxonomy":"category","embeddable":true,"href":"https:\/\/esglesiajove.barcelona\/es\/wp-json\/wp\/v2\/categories?post=7229"},{"taxonomy":"post_tag","embeddable":true,"href":"https:\/\/esglesiajove.barcelona\/es\/wp-json\/wp\/v2\/tags?post=7229"}],"curies":[{"name":"wp","href":"https:\/\/api.w.org\/{rel}","templated":true}]}}