{"id":7231,"date":"2023-06-14T09:38:44","date_gmt":"2023-06-14T07:38:44","guid":{"rendered":"https:\/\/esglesiajove.barcelona\/vela-eucaristica-diocesana-del-corpus\/"},"modified":"2024-11-14T14:08:35","modified_gmt":"2024-11-14T13:08:35","slug":"vela-eucaristica-diocesana-del-corpus","status":"publish","type":"post","link":"https:\/\/esglesiajove.barcelona\/es\/vela-eucaristica-diocesana-del-corpus\/","title":{"rendered":"Vela Eucar\u00edstica Diocesana del Corpus"},"content":{"rendered":"\n<p>El pasado 18 de junio se celebr\u00f3 la tradicional <a href=\"https:\/\/esglesiajove.barcelona\/activitats\/vetlla-eucaristica-diocesana-del-corpus\/\">Vela Eucar\u00edstica del Corpus Christi en la Sagrada Familia<\/a>, organizada por las capillas de adoraci\u00f3n perpetua y Esgl\u00e9sia Jove Barcelona. Fue presidida por el Cardenal Juan Jos\u00e9 Omella, a quien acompa\u00f1aron los obispos auxiliares Mons. Sergi Gordo y Mons. Javier Vilanova. La celebraci\u00f3n cont\u00f3 con el rezo de la Liturgia de las Horas, m\u00fasica, una predicaci\u00f3n del Cardenal y adoraci\u00f3n.<\/p>\n\n\n\n<p>Al acabar, se bendijo Barcelona y se retir\u00f3 el Sant\u00edsimo Sacramento a la capilla para hacer unas horas de adoraci\u00f3n por turnos. <\/p>\n\n\n\n<p>\u00a1Os esperamos el a\u00f1o que viene en la pr\u00f3xima Vela Eucar\u00edstica del Corpus! <\/p>\n\n\n\n<p>Pod\u00e9is encontrar m\u00e1s informaci\u00f3n en la p\u00e1gina web del <a href=\"https:\/\/esglesia.barcelona\/es\/actualitat\/la-vigilia-de-corpus-vuelve-al-arzobispado-de-barcelona\/\" target=\"_blank\" rel=\"noopener\">Arzobispado de Barcelona<\/a>.<\/p>\n\n\n\n<figure class=\"wp-block-gallery has-nested-images columns-default is-cropped wp-block-gallery-1 is-layout-flex wp-block-gallery-is-layout-flex\">\n<figure class=\"wp-block-image size-large\"><a href=\"https:\/\/esglesiajove.barcelona\/vetlla-eucaristica-diocesana-del-corpus\/vetlla-s-f-42\/\" target=\"_blank\" rel=\"noopener\"><img decoding=\"async\" data-id=\"17273\" src=\"https:\/\/esglesiajove.barcelona\/wp-content\/uploads\/2024\/11\/Vetlla-S-F-42.jpg\" alt=\"\" class=\"wp-image-17273\"\/><\/a><\/figure>\n\n\n\n<figure class=\"wp-block-image size-large\"><a href=\"https:\/\/esglesiajove.barcelona\/vetlla-eucaristica-diocesana-del-corpus\/vetlla-s-f-74\/\" target=\"_blank\" rel=\"noopener\"><img decoding=\"async\" data-id=\"17272\" src=\"https:\/\/esglesiajove.barcelona\/wp-content\/uploads\/2024\/11\/Vetlla-S-F-74.jpg\" alt=\"\" class=\"wp-image-17272\"\/><\/a><\/figure>\n<\/figure>\n\n\n\n<p><\/p>\n","protected":false},"excerpt":{"rendered":"<p>El pasado 18 de junio se celebr\u00f3 la tradicional Vela Eucar\u00edstica del Corpus Christi en la Sagrada Familia, organizada por las capillas de adoraci\u00f3n perpetua y Esgl\u00e9sia Jove Barcelona. Fue&#8230;<\/p>\n","protected":false},"author":1,"featured_media":6345,"comment_status":"closed","ping_status":"closed","sticky":false,"template":"","format":"standard","meta":{"inline_featured_image":false,"footnotes":""},"categories":[],"tags":[],"class_list":["post-7231","post","type-post","status-publish","format-standard","has-post-thumbnail"],"_links":{"self":[{"href":"https:\/\/esglesiajove.barcelona\/es\/wp-json\/wp\/v2\/posts\/7231","targetHints":{"allow":["GET"]}}],"collection":[{"href":"https:\/\/esglesiajove.barcelona\/es\/wp-json\/wp\/v2\/posts"}],"about":[{"href":"https:\/\/esglesiajove.barcelona\/es\/wp-json\/wp\/v2\/types\/post"}],"author":[{"embeddable":true,"href":"https:\/\/esglesiajove.barcelona\/es\/wp-json\/wp\/v2\/users\/1"}],"replies":[{"embeddable":true,"href":"https:\/\/esglesiajove.barcelona\/es\/wp-json\/wp\/v2\/comments?post=7231"}],"version-history":[{"count":1,"href":"https:\/\/esglesiajove.barcelona\/es\/wp-json\/wp\/v2\/posts\/7231\/revisions"}],"predecessor-version":[{"id":7232,"href":"https:\/\/esglesiajove.barcelona\/es\/wp-json\/wp\/v2\/posts\/7231\/revisions\/7232"}],"wp:featuredmedia":[{"embeddable":true,"href":"https:\/\/esglesiajove.barcelona\/es\/wp-json\/wp\/v2\/media\/6345"}],"wp:attachment":[{"href":"https:\/\/esglesiajove.barcelona\/es\/wp-json\/wp\/v2\/media?parent=7231"}],"wp:term":[{"taxonomy":"category","embeddable":true,"href":"https:\/\/esglesiajove.barcelona\/es\/wp-json\/wp\/v2\/categories?post=7231"},{"taxonomy":"post_tag","embeddable":true,"href":"https:\/\/esglesiajove.barcelona\/es\/wp-json\/wp\/v2\/tags?post=7231"}],"curies":[{"name":"wp","href":"https:\/\/api.w.org\/{rel}","templated":true}]}}