{"id":7237,"date":"2021-04-17T09:44:00","date_gmt":"2021-04-17T07:44:00","guid":{"rendered":"https:\/\/esglesiajove.barcelona\/betel21-te-quiero-vivo\/"},"modified":"2021-04-17T13:40:12","modified_gmt":"2021-04-17T11:40:12","slug":"betel21-te-quiero-vivo","status":"publish","type":"post","link":"https:\/\/esglesiajove.barcelona\/es\/betel21-te-quiero-vivo\/","title":{"rendered":"Betel21. Te quiero vivo."},"content":{"rendered":"\n<p>Una jornada de m\u00fasica, conferencias y plegaria llena de j\u00f3venes de la di\u00f3cesis. Betel21. Te quiero vivo.<\/p>\n\n\n\n\n\n<div style=\"height:48px\" aria-hidden=\"true\" class=\"wp-block-spacer\"><\/div>\n\n\n\n\n\n<div style=\"height:45px\" aria-hidden=\"true\" class=\"wp-block-spacer\"><\/div>\n\n\n\n<figure class=\"wp-block-embed is-type-video is-provider-youtube wp-block-embed-youtube wp-embed-aspect-16-9 wp-has-aspect-ratio\"><div class=\"wp-block-embed__wrapper\">\n<iframe loading=\"lazy\" title=\"Betel21 - Esdeveniment cat\u00f2lic 2021\" width=\"1080\" height=\"608\" src=\"https:\/\/www.youtube.com\/embed\/ON0oNTrHOcI?feature=oembed\" frameborder=\"0\" allow=\"accelerometer; autoplay; clipboard-write; encrypted-media; gyroscope; picture-in-picture; web-share\" referrerpolicy=\"strict-origin-when-cross-origin\" allowfullscreen><\/iframe>\n<\/div><\/figure>\n","protected":false},"excerpt":{"rendered":"<p>Una jornada de m\u00fasica, conferencias y plegaria llena de j\u00f3venes de la di\u00f3cesis. Betel21. Te quiero vivo.<\/p>\n","protected":false},"author":1,"featured_media":6348,"comment_status":"closed","ping_status":"closed","sticky":false,"template":"","format":"standard","meta":{"inline_featured_image":false,"footnotes":""},"categories":[56],"tags":[],"class_list":{"0":"post-7237","1":"post","2":"type-post","3":"status-publish","4":"format-standard","5":"has-post-thumbnail","7":"category-articles"},"_links":{"self":[{"href":"https:\/\/esglesiajove.barcelona\/es\/wp-json\/wp\/v2\/posts\/7237","targetHints":{"allow":["GET"]}}],"collection":[{"href":"https:\/\/esglesiajove.barcelona\/es\/wp-json\/wp\/v2\/posts"}],"about":[{"href":"https:\/\/esglesiajove.barcelona\/es\/wp-json\/wp\/v2\/types\/post"}],"author":[{"embeddable":true,"href":"https:\/\/esglesiajove.barcelona\/es\/wp-json\/wp\/v2\/users\/1"}],"replies":[{"embeddable":true,"href":"https:\/\/esglesiajove.barcelona\/es\/wp-json\/wp\/v2\/comments?post=7237"}],"version-history":[{"count":0,"href":"https:\/\/esglesiajove.barcelona\/es\/wp-json\/wp\/v2\/posts\/7237\/revisions"}],"wp:featuredmedia":[{"embeddable":true,"href":"https:\/\/esglesiajove.barcelona\/es\/wp-json\/wp\/v2\/media\/6348"}],"wp:attachment":[{"href":"https:\/\/esglesiajove.barcelona\/es\/wp-json\/wp\/v2\/media?parent=7237"}],"wp:term":[{"taxonomy":"category","embeddable":true,"href":"https:\/\/esglesiajove.barcelona\/es\/wp-json\/wp\/v2\/categories?post=7237"},{"taxonomy":"post_tag","embeddable":true,"href":"https:\/\/esglesiajove.barcelona\/es\/wp-json\/wp\/v2\/tags?post=7237"}],"curies":[{"name":"wp","href":"https:\/\/api.w.org\/{rel}","templated":true}]}}