{"id":7238,"date":"2023-10-04T21:50:50","date_gmt":"2023-10-04T19:50:50","guid":{"rendered":"https:\/\/esglesiajove.barcelona\/ascenso-nocturno-a-montserrat\/"},"modified":"2025-01-08T11:03:25","modified_gmt":"2025-01-08T10:03:25","slug":"ascenso-nocturno-a-montserrat","status":"publish","type":"post","link":"https:\/\/esglesiajove.barcelona\/es\/ascenso-nocturno-a-montserrat\/","title":{"rendered":"Ascenso nocturno a Montserrat"},"content":{"rendered":"\n<p>Este viernes por la noche tuvo lugar la romer\u00eda nocturna a <a href=\"https:\/\/goo.gl\/maps\/PQz5aeU249WQKxR5A\" target=\"_blank\" rel=\"noreferrer noopener\">Montserrat<\/a>, donde pudimos disfrutar de la noche, de las vistas, de conversaciones con los j\u00f3venes y del rosario de la mano de Mar\u00eda. Rezamos por la di\u00f3cesis de Barcelona, \u00a1y especialmente por sus j\u00f3venes!<\/p>\n\n\n\n\n\n<p><\/p>\n\n\n\n<p>Mochila, cena, cantimplora, ropa de abrigo\u2026 Todo preparado para el ascenso a Montserrat. \u00a1Planazo de viernes noche! Quiz\u00e1s para algunos puede parecer una cosa extra\u00f1a, y yo tengo que reconocer que aquella tarde, cuando sal\u00ed del trabajo pens\u00e9: \u00a1est\u00e1s fatal! Pero una vez llegados a Terrassa, donde nos esperaban para cenar, la ilusi\u00f3n volvi\u00f3. Qu\u00e9 mejor forma de acabar el mes de mayo, mes de Mar\u00eda, que subiendo a Montserrat a ver la <em>Moreneta<\/em>, a ofrecerle el final de trimestre y los ex\u00e1menes\u2026<\/p>\n\n\n\n<h2 class=\"wp-block-heading\">La romer\u00eda<\/h2>\n\n\n\n<p>Principalmente, la romer\u00eda fue una oportunidad magn\u00edfica para tener tiempo para pensar, fue una forma de \u00abpararme\u201d en el camino, de andar hacia Mar\u00eda. Dirigi\u00e9ndonos hacia Mar\u00eda vivimos unas horas de caminata, conversaci\u00f3n, silencio, testimonios que me ayudaron mucho. Tambi\u00e9n, fue un regalo poder compartir con otros j\u00f3venes, guardo muy buen recuerdo de los momentos de conversaci\u00f3n sincera.<\/p>\n\n\n\n<p>Al principio, primeras horas de la ma\u00f1ana lleg\u00e1bamos a Monistrol, donde se a\u00f1adieron unos cuantos motivados m\u00e1s que hab\u00edan necesitado unas horas extras para animarse. \u00a1Y empezamos la subida!<\/p>\n\n\n\n<p>Seguro que todo el mundo que haya vivido una romer\u00eda entiende la sensaci\u00f3n que llena el coraz\u00f3n cuando finalmente llegas al destino, a casa, en sus pies. Me impact\u00f3 puesto que muchas veces hab\u00eda subido a Montserrat a pesar de que nunca durante la noche, y fue una oportunidad de empezar el d\u00eda en plena sinton\u00eda (aunque un poco cansada tambi\u00e9n). Finalmente, pudimos celebrar la eucarist\u00eda en plena naturaleza, con la luz de la ma\u00f1ana y visitamos la Virgen Mar\u00eda y a sus pies pedimos por toda la di\u00f3cesis y especialmente por los j\u00f3venes.<\/p>\n\n\n\n<p class=\"has-text-align-right\"><strong>Laura Molero<br>Joven Safor Mundet<\/strong><\/p>\n","protected":false},"excerpt":{"rendered":"<p>Este viernes por la noche tuvo lugar la romer\u00eda nocturna a Montserrat, donde pudimos disfrutar de la noche, de las vistas, de conversaciones con los j\u00f3venes y del rosario de&#8230;<\/p>\n","protected":false},"author":1,"featured_media":6332,"comment_status":"closed","ping_status":"closed","sticky":false,"template":"","format":"standard","meta":{"inline_featured_image":false,"footnotes":""},"categories":[],"tags":[],"class_list":["post-7238","post","type-post","status-publish","format-standard","has-post-thumbnail"],"_links":{"self":[{"href":"https:\/\/esglesiajove.barcelona\/es\/wp-json\/wp\/v2\/posts\/7238","targetHints":{"allow":["GET"]}}],"collection":[{"href":"https:\/\/esglesiajove.barcelona\/es\/wp-json\/wp\/v2\/posts"}],"about":[{"href":"https:\/\/esglesiajove.barcelona\/es\/wp-json\/wp\/v2\/types\/post"}],"author":[{"embeddable":true,"href":"https:\/\/esglesiajove.barcelona\/es\/wp-json\/wp\/v2\/users\/1"}],"replies":[{"embeddable":true,"href":"https:\/\/esglesiajove.barcelona\/es\/wp-json\/wp\/v2\/comments?post=7238"}],"version-history":[{"count":1,"href":"https:\/\/esglesiajove.barcelona\/es\/wp-json\/wp\/v2\/posts\/7238\/revisions"}],"predecessor-version":[{"id":9072,"href":"https:\/\/esglesiajove.barcelona\/es\/wp-json\/wp\/v2\/posts\/7238\/revisions\/9072"}],"wp:featuredmedia":[{"embeddable":true,"href":"https:\/\/esglesiajove.barcelona\/es\/wp-json\/wp\/v2\/media\/6332"}],"wp:attachment":[{"href":"https:\/\/esglesiajove.barcelona\/es\/wp-json\/wp\/v2\/media?parent=7238"}],"wp:term":[{"taxonomy":"category","embeddable":true,"href":"https:\/\/esglesiajove.barcelona\/es\/wp-json\/wp\/v2\/categories?post=7238"},{"taxonomy":"post_tag","embeddable":true,"href":"https:\/\/esglesiajove.barcelona\/es\/wp-json\/wp\/v2\/tags?post=7238"}],"curies":[{"name":"wp","href":"https:\/\/api.w.org\/{rel}","templated":true}]}}