{"id":7239,"date":"2022-05-04T08:39:00","date_gmt":"2022-05-04T06:39:00","guid":{"rendered":"https:\/\/esglesiajove.barcelona\/el-cardenal-con-los-jovenes-adultos\/"},"modified":"2024-11-14T14:08:59","modified_gmt":"2024-11-14T13:08:59","slug":"el-cardenal-con-los-jovenes-adultos","status":"publish","type":"post","link":"https:\/\/esglesiajove.barcelona\/es\/el-cardenal-con-los-jovenes-adultos\/","title":{"rendered":"El Cardenal con los j\u00f3venes adultos"},"content":{"rendered":"\n<p>Mons. Juan Jos\u00e9 Omella vino a dar una charla al <a href=\"http:\/\/esglesia.barcelona\/es\/actualitat\/el-cardenal-omella-se-reune-con-el-grupo-joan-roig-en-la-sagrada-familia\/\" target=\"_blank\" rel=\"noreferrer noopener\">grupo Joan Roig de j\u00f3venes profesionales de Esgl\u00e9sia Jove Barcelona<\/a>. El Cardenal nos habl\u00f3 sobre la aut\u00e9ntica misi\u00f3n de la Iglesia y de los cristianos, anim\u00e1ndonos a salir en busca de los necesitados y a hacer Iglesia. \u00a1La jornada cont\u00f3, como es habitual, con un rato de plegaria, un debate en grupos y una cena!<\/p>\n\n\n\n<p>\u00a1Nos vemos el 6 de julio a las 19\u202fh en el Seminario Conciliar de Barcelona!<\/p>\n\n\n\n<figure class=\"wp-block-gallery has-nested-images columns-default is-cropped wp-block-gallery-1 is-layout-flex wp-block-gallery-is-layout-flex\">\n<figure class=\"wp-block-image size-large\"><a href=\"https:\/\/esglesiajove.barcelona\/el-cardenal-visita-al-grup-joan-roig\/j-roig-s-f-35-jpg_low\/\" target=\"_blank\" rel=\"noopener\"><img decoding=\"async\" data-id=\"17284\" src=\"https:\/\/esglesiajove.barcelona\/wp-content\/uploads\/2024\/11\/J-Roig-S-F-35_low.jpg\" alt=\"Cardenal\" class=\"wp-image-17284\"\/><\/a><\/figure>\n\n\n\n<figure class=\"wp-block-image size-large\"><a href=\"https:\/\/esglesiajove.barcelona\/el-cardenal-visita-al-grup-joan-roig\/j-roig-s-f-10-jpg_low\/\" target=\"_blank\" rel=\"noopener\"><img decoding=\"async\" data-id=\"17280\" src=\"https:\/\/esglesiajove.barcelona\/wp-content\/uploads\/2024\/11\/J-Roig-S-F-10_low.jpg\" alt=\"\" class=\"wp-image-17280\"\/><\/a><\/figure>\n\n\n\n<figure class=\"wp-block-image size-large\"><a href=\"https:\/\/esglesiajove.barcelona\/el-cardenal-visita-al-grup-joan-roig\/j-roig-s-f-16-jpg_low\/\" target=\"_blank\" rel=\"noopener\"><img decoding=\"async\" data-id=\"17285\" src=\"https:\/\/esglesiajove.barcelona\/wp-content\/uploads\/2024\/11\/J-Roig-S-F-16_low.jpg\" alt=\"Cardenal\" class=\"wp-image-17285\"\/><\/a><\/figure>\n\n\n\n<figure class=\"wp-block-image size-large\"><a href=\"https:\/\/esglesiajove.barcelona\/el-cardenal-visita-al-grup-joan-roig\/j-roig-s-f-28-jpg_low\/\" target=\"_blank\" rel=\"noopener\"><img decoding=\"async\" data-id=\"17281\" src=\"https:\/\/esglesiajove.barcelona\/wp-content\/uploads\/2024\/11\/J-Roig-S-F-28_low.jpg\" alt=\"\" class=\"wp-image-17281\"\/><\/a><\/figure>\n\n\n\n<figure class=\"wp-block-image size-large\"><a href=\"https:\/\/esglesiajove.barcelona\/el-cardenal-visita-al-grup-joan-roig\/j-roig-s-f-6-jpg_low\/\" target=\"_blank\" rel=\"noopener\"><img decoding=\"async\" data-id=\"17279\" src=\"https:\/\/esglesiajove.barcelona\/wp-content\/uploads\/2024\/11\/J-Roig-S-F-6_low.jpg\" alt=\"\" class=\"wp-image-17279\"\/><\/a><\/figure>\n\n\n\n<figure class=\"wp-block-image size-large\"><a href=\"https:\/\/esglesiajove.barcelona\/el-cardenal-visita-al-grup-joan-roig\/j-roig-s-f-41-jpg_low\/\" target=\"_blank\" rel=\"noopener\"><img decoding=\"async\" data-id=\"17283\" src=\"https:\/\/esglesiajove.barcelona\/wp-content\/uploads\/2024\/11\/J-Roig-S-F-41_low.jpg\" alt=\"\" class=\"wp-image-17283\"\/><\/a><\/figure>\n\n\n\n<figure class=\"wp-block-image size-large\"><a href=\"https:\/\/esglesiajove.barcelona\/el-cardenal-visita-al-grup-joan-roig\/j-roig-s-f-23-jpg_low\/\" target=\"_blank\" rel=\"noopener\"><img decoding=\"async\" data-id=\"17286\" src=\"https:\/\/esglesiajove.barcelona\/wp-content\/uploads\/2024\/11\/J-Roig-S-F-23_low.jpg\" alt=\"\" class=\"wp-image-17286\"\/><\/a><\/figure>\n\n\n\n<figure class=\"wp-block-image size-large\"><a href=\"https:\/\/esglesiajove.barcelona\/el-cardenal-visita-al-grup-joan-roig\/j-roig-s-f-18-jpg_low\/\" target=\"_blank\" rel=\"noopener\"><img decoding=\"async\" data-id=\"17282\" src=\"https:\/\/esglesiajove.barcelona\/wp-content\/uploads\/2024\/11\/J-Roig-S-F-18_low.jpg\" alt=\"Cardenal\" class=\"wp-image-17282\"\/><\/a><\/figure>\n<\/figure>\n","protected":false},"excerpt":{"rendered":"<p>Mons. Juan Jos\u00e9 Omella vino a dar una charla al grupo Joan Roig de j\u00f3venes profesionales de Esgl\u00e9sia Jove Barcelona. El Cardenal nos habl\u00f3 sobre la aut\u00e9ntica misi\u00f3n de la&#8230;<\/p>\n","protected":false},"author":1,"featured_media":6369,"comment_status":"closed","ping_status":"closed","sticky":false,"template":"","format":"standard","meta":{"inline_featured_image":false,"footnotes":""},"categories":[],"tags":[],"class_list":["post-7239","post","type-post","status-publish","format-standard","has-post-thumbnail"],"_links":{"self":[{"href":"https:\/\/esglesiajove.barcelona\/es\/wp-json\/wp\/v2\/posts\/7239","targetHints":{"allow":["GET"]}}],"collection":[{"href":"https:\/\/esglesiajove.barcelona\/es\/wp-json\/wp\/v2\/posts"}],"about":[{"href":"https:\/\/esglesiajove.barcelona\/es\/wp-json\/wp\/v2\/types\/post"}],"author":[{"embeddable":true,"href":"https:\/\/esglesiajove.barcelona\/es\/wp-json\/wp\/v2\/users\/1"}],"replies":[{"embeddable":true,"href":"https:\/\/esglesiajove.barcelona\/es\/wp-json\/wp\/v2\/comments?post=7239"}],"version-history":[{"count":1,"href":"https:\/\/esglesiajove.barcelona\/es\/wp-json\/wp\/v2\/posts\/7239\/revisions"}],"predecessor-version":[{"id":7248,"href":"https:\/\/esglesiajove.barcelona\/es\/wp-json\/wp\/v2\/posts\/7239\/revisions\/7248"}],"wp:featuredmedia":[{"embeddable":true,"href":"https:\/\/esglesiajove.barcelona\/es\/wp-json\/wp\/v2\/media\/6369"}],"wp:attachment":[{"href":"https:\/\/esglesiajove.barcelona\/es\/wp-json\/wp\/v2\/media?parent=7239"}],"wp:term":[{"taxonomy":"category","embeddable":true,"href":"https:\/\/esglesiajove.barcelona\/es\/wp-json\/wp\/v2\/categories?post=7239"},{"taxonomy":"post_tag","embeddable":true,"href":"https:\/\/esglesiajove.barcelona\/es\/wp-json\/wp\/v2\/tags?post=7239"}],"curies":[{"name":"wp","href":"https:\/\/api.w.org\/{rel}","templated":true}]}}