{"id":7293,"date":"2023-02-23T14:49:07","date_gmt":"2023-02-23T13:49:07","guid":{"rendered":"https:\/\/esglesiajove.barcelona\/19a-setmana-de-cine-espiritual-de-barcelona\/"},"modified":"2023-02-23T14:44:29","modified_gmt":"2023-02-23T13:44:29","slug":"19a-setmana-de-cine-espiritual-de-barcelona","status":"publish","type":"post","link":"https:\/\/esglesiajove.barcelona\/es\/19a-setmana-de-cine-espiritual-de-barcelona\/","title":{"rendered":"19a Setmana de Cine Espiritual de Barcelona"},"content":{"rendered":"\n<p>Hace 19 a\u00f1os que la Setmana de Cine Espiritual, organizada por este secretariado, est\u00e1 en marcha en distintas escuelas de inspiraci\u00f3n cristiana. Una iniciativa para acercar la fe desde el mundo audiovisual, empezando por la proyecci\u00f3n de modelos de virtudes humanas. Estos ciclos de cine nacieron en 2004 impulsados por la Archidi\u00f3cesis de Barcelona.   <\/p>\n\n\n\n<p>La Setmana del Cine Espiritual es un proyecto que pretende contribuir al di\u00e1logo interreligioso y favorecer la reinserci\u00f3n social de personas en centros penitenciarios, adem\u00e1s de educar la mirada de j\u00f3venes. As\u00ed, m\u00e1s de <strong>3.900 espectadores<\/strong> se pudieron beneficiar el a\u00f1o pasado del proyecto, entre ellos <strong>muchos adolescentes de unos 20 centros educativos inscritos.  <\/strong><\/p>\n\n\n\n<p>La Muestra de Cine Espiritual se celebra cada a\u00f1o del <strong>15 de octubre al 8 de diciembre<\/strong> y entre las entidades colaboradoras en que ceden sus espacios para las proyecciones se encuentran el Centro Parroquial de St. Vicen\u00e7 de Sarri\u00e0 y el centro cultural Llu\u00efsos d&#8217;Horta. <\/p>\n\n\n\n<p>Se prevee que hacia mayo se sepan las nuevas asignaciones de pel\u00edculas para la <strong>20a Setmana de Cine Espiritual de 2023.<\/strong>  <\/p>\n\n\n\n<h2 class=\"wp-block-heading\">FILMS PROYECTADOS EN EL 2022<\/h2>\n\n\n\n<div data-wp-interactive=\"core\/file\" class=\"wp-block-file aligncenter\"><object data-wp-bind--hidden=\"!state.hasPdfPreview\" hidden class=\"wp-block-file__embed\" data=\"https:\/\/esglesiajove.barcelona\/wp-content\/uploads\/XIX-Dossier-de-contenidos-Curso-2022-2023_centros.pdf\" type=\"application\/pdf\" style=\"width:100%;height:200px\" aria-label=\"Incrustado de XIX-Dossier-de-contenidos-Curso-2022-2023_centros.\"><\/object><a id=\"wp-block-file--media-9a5e7ecf-ae38-4b95-969d-70e66e09e0b3\" href=\"https:\/\/esglesiajove.barcelona\/wp-content\/uploads\/XIX-Dossier-de-contenidos-Curso-2022-2023_centros.pdf\">XIX-Dossier-de-contenidos-Curso-2022-2023_centros<\/a><a href=\"https:\/\/esglesiajove.barcelona\/wp-content\/uploads\/XIX-Dossier-de-contenidos-Curso-2022-2023_centros.pdf\" class=\"wp-block-file__button wp-element-button\" download aria-describedby=\"wp-block-file--media-9a5e7ecf-ae38-4b95-969d-70e66e09e0b3\">Baixa<\/a><\/div>\n\n\n\n<p>Las proyecciones beben del <a href=\"https:\/\/cinemaespiritual.gencat.cat\/ca\/fons_filmografic\/\" target=\"_blank\" rel=\"noopener\">fondo filmogr\u00e1fico de las religiones<\/a>, creado en 2014 por la Direcci\u00f3n General de Asuntos Religiosos de la Generalitat. <\/p>\n\n\n\n<h2 class=\"wp-block-heading\">\u00bfEres docente y quieres inscribir a tu escuela?<\/h2>\n\n\n\n<p>Envia un correo a: nuriafont@lluisoshorta.cat i 619105927<\/p>\n","protected":false},"excerpt":{"rendered":"<p>Hace 19 a\u00f1os que la Setmana de Cine Espiritual, organizada por este secretariado, est\u00e1 en marcha en distintas escuelas de inspiraci\u00f3n cristiana. Una iniciativa para acercar la fe desde el&#8230;<\/p>\n","protected":false},"author":1,"featured_media":6373,"comment_status":"closed","ping_status":"closed","sticky":false,"template":"","format":"standard","meta":{"inline_featured_image":false,"footnotes":""},"categories":[],"tags":[],"class_list":["post-7293","post","type-post","status-publish","format-standard","has-post-thumbnail"],"_links":{"self":[{"href":"https:\/\/esglesiajove.barcelona\/es\/wp-json\/wp\/v2\/posts\/7293","targetHints":{"allow":["GET"]}}],"collection":[{"href":"https:\/\/esglesiajove.barcelona\/es\/wp-json\/wp\/v2\/posts"}],"about":[{"href":"https:\/\/esglesiajove.barcelona\/es\/wp-json\/wp\/v2\/types\/post"}],"author":[{"embeddable":true,"href":"https:\/\/esglesiajove.barcelona\/es\/wp-json\/wp\/v2\/users\/1"}],"replies":[{"embeddable":true,"href":"https:\/\/esglesiajove.barcelona\/es\/wp-json\/wp\/v2\/comments?post=7293"}],"version-history":[{"count":0,"href":"https:\/\/esglesiajove.barcelona\/es\/wp-json\/wp\/v2\/posts\/7293\/revisions"}],"wp:featuredmedia":[{"embeddable":true,"href":"https:\/\/esglesiajove.barcelona\/es\/wp-json\/wp\/v2\/media\/6373"}],"wp:attachment":[{"href":"https:\/\/esglesiajove.barcelona\/es\/wp-json\/wp\/v2\/media?parent=7293"}],"wp:term":[{"taxonomy":"category","embeddable":true,"href":"https:\/\/esglesiajove.barcelona\/es\/wp-json\/wp\/v2\/categories?post=7293"},{"taxonomy":"post_tag","embeddable":true,"href":"https:\/\/esglesiajove.barcelona\/es\/wp-json\/wp\/v2\/tags?post=7293"}],"curies":[{"name":"wp","href":"https:\/\/api.w.org\/{rel}","templated":true}]}}