{"id":7319,"date":"2023-12-23T13:52:54","date_gmt":"2023-12-23T12:52:54","guid":{"rendered":"https:\/\/esglesiajove.barcelona\/connecta-especial-navidad\/"},"modified":"2025-01-08T11:03:24","modified_gmt":"2025-01-08T10:03:24","slug":"connecta-especial-navidad","status":"publish","type":"post","link":"https:\/\/esglesiajove.barcelona\/es\/connecta-especial-navidad\/","title":{"rendered":"Connecta: Especial Navidad"},"content":{"rendered":"\n<p>El pasado 23 de diciembre tuvo lugar el encuentro de adolescentes \u201cConnecta: con los pobres\u201d. Fue un encuentro donde los j\u00f3venes adolescentes palparon de cerca el sentido del servicio a los dem\u00e1s, especialmente a los pobres, haciendo una recogida de alimentos, sirviendo a las personas sin hogar y acompa\u00f1\u00e1ndolas esta Navidad.<\/p>\n\n\n\n<p><\/p>\n\n\n\n\n\n<p><\/p>\n\n\n\n<p><\/p>\n\n\n\n<p>Llevaba unos d\u00edas pensando en la actividad de la Iglesia Joven con los pobres. \u00bfQu\u00e9 pod\u00eda hacer para motivar a mis adolescentes a venir?<\/p>\n\n\n\n<p>Desde la pandemia, su fe estaba menos firme, m\u00e1s d\u00e9bil, no quer\u00edan comprometerse a nada\u2026 las colonias \u201cViu l\u2019Estiu\u201d les hab\u00edan gustado mucho, los lazos que hab\u00edan hecho, las relaciones con Dios, con los monitores y con los j\u00f3venes los hab\u00edan cambiado pero\u2026 ahora todo volv\u00eda a ser lo de siempre, hab\u00eda vuelto la monoton\u00eda, hab\u00eda vuelto el d\u00eda a d\u00eda y la desilusi\u00f3n.<br><\/p>\n\n\n\n<p>Entonces preparamos la actividad de Navidad. Un tiempo despu\u00e9s de enviar la informaci\u00f3n sobre la actividad por el grupo de adolescentes nadie hab\u00eda confirmado asistencia, no hab\u00edan dicho nada. \u00bfLo hab\u00edan visto? \u00bfLes habr\u00eda llamado la atenci\u00f3n?<\/p>\n\n\n\n<p>Despu\u00e9s de unos d\u00edas meditando qu\u00e9 hacer y rezando por ellos, el Se\u00f1or me abri\u00f3 los ojos: hab\u00eda que estimarlos uno a uno, de una manera \u00fanica y personal. Ellos necesitan sentirse queridos, sentir que les importas y que sus problemas, a pesar de que puedan parecernos insignificantes, tambi\u00e9n son escuchados. As\u00ed fue c\u00f3mo, finalmente, vinieron unos cuantos, y fue una gracia de Dios poder vivir aquella experiencia.<\/p>\n\n\n\n<p>Se reencontraron con j\u00f3venes que hac\u00eda tiempo que no ve\u00edan, vieron la realidad de una Iglesia que es grande y que est\u00e1 llena de adolescentes, como ellos, que tienen necesidades m\u00e1s profundas y m\u00e1s trascendentes que la mayor\u00eda de sus compa\u00f1eros de clase. Despu\u00e9s de hacer un rato de juegos y de presentaci\u00f3n nos explicaron c\u00f3mo ser\u00eda la tarde: unos cu\u00e1ntos ir\u00edan a felicitar la Navidad a la gente de la calle, otros a recoger alimentos a los supermercados de los alrededores y otros preparar\u00edan comer para los pobres que quisieran cenar aquella noche<br><br>Al acabar pasamos a la capilla a escuchar a un chico que antes viv\u00eda en la calle. Era un chico marroqu\u00ed, que hab\u00eda llegado aqu\u00ed andando!! Hab\u00eda recorrido muchos pa\u00edses, incluso Turqu\u00eda, todo para evitar la frontera de Espa\u00f1a con Marruecos. Una historia realmente fuerte. Cuando acab\u00f3 el testimonio, nos dividimos en los diferentes grupos de trabajo.<\/p>\n\n\n\n<p>Yo fui con cuatro chicas que no conoc\u00eda y un responsable que tampoco hab\u00eda visto nunca a la puerta de un Carrefour en la Rambla de Barcelona. Ten\u00edamos que repartir <em>flyers<\/em> invitando a la gente a que nos diera alg\u00fan turr\u00f3n o barquillos. De este modo para que la gente de la calle pudiera tener una cena un poco navide\u00f1a aquel d\u00eda.<br><br>Vimos de todo: gente que nos hizo caso, gente que no, gente que iba corriendo y no ten\u00eda tiempo ni de escucharte y tambi\u00e9n personas que te prestaban atenci\u00f3n y mostraban inter\u00e9s a aquello que les dec\u00edas. No s\u00e9 si fue mucho la comida que recogimos pero lo que s\u00ed que puedo decir es que todos los que est\u00e1bamos all\u00e1 nos sentimos realmente realizados aquella tarde. Sab\u00edamos que lo hab\u00edamos hecho bien y que, gracias a nosotros, mucha gente podr\u00eda cenar aquella noche. \u00a1Qu\u00e9 manera tan bonita de empezar las fiestas!<br><br>En la hora que nos dijeron, volvimos a la iglesia e hicimos un rato de adoraci\u00f3n y reflexi\u00f3n ante Cristo sacramentado. \u00c9ramos unas cien personas, rezando para que esta Navidad fuera diferente para aquellos que viven en la calle. Y nos dec\u00eda el P. Carlos: \u00bfqu\u00e9 pobreza encontramos nosotros en el d\u00eda a d\u00eda? \u00bfQuiz\u00e1s no tenemos necesidades materiales, pero.. y espirituales? \u00bfSomos pobres de esp\u00edritu? \u00bfSomos realmente conscientes de que la Navidad es el mismo Jes\u00fas que nace en nuestros corazones, estamos preparados?<\/p>\n\n\n\n<p>Con esta reflexi\u00f3n y cantos maravillosos, el d\u00eda 23 empezamos la Navidad junto a quienes m\u00e1s lo necesitan y, sobre todo, junto a Dios<br><\/p>\n\n\n\n<p class=\"has-text-align-right\"><strong>Lucia Marfil<br>Fordis, Cornell\u00e0<\/strong><\/p>\n\n\n\n<p><\/p>\n\n\n\n<p class=\"has-text-align-left\"><a href=\"https:\/\/esglesiajove.barcelona\/connecta-fugir-o-afrontar\/\" target=\"_blank\" rel=\"noreferrer noopener\">\u00a1Pulsa aqu\u00ed si quieres obtener m\u00e1s informaci\u00f3n sobre las actividades de Connecta!<strong><br><\/strong><\/a><\/p>\n\n\n\n<figure class=\"wp-block-gallery has-nested-images columns-default is-cropped wp-block-gallery-1 is-layout-flex wp-block-gallery-is-layout-flex\">\n<figure class=\"wp-block-image size-full\"><a href=\"https:\/\/esglesiajove.barcelona\/wp-content\/uploads\/2024\/11\/DSC08532.jpg\" target=\"_blank\" rel=\"noopener\"><img decoding=\"async\" data-id=\"20339\" src=\"https:\/\/esglesiajove.barcelona\/wp-content\/uploads\/2024\/11\/DSC08532.jpg\" alt=\"\" class=\"wp-image-20339\"\/><\/a><\/figure>\n\n\n\n<figure class=\"wp-block-image size-full\"><a href=\"https:\/\/esglesiajove.barcelona\/wp-content\/uploads\/2024\/11\/DSC08566.jpg\" target=\"_blank\" rel=\"noopener\"><img decoding=\"async\" data-id=\"20338\" src=\"https:\/\/esglesiajove.barcelona\/wp-content\/uploads\/2024\/11\/DSC08566.jpg\" alt=\"\" class=\"wp-image-20338\"\/><\/a><\/figure>\n\n\n\n<figure class=\"wp-block-image size-full\"><a href=\"https:\/\/esglesiajove.barcelona\/wp-content\/uploads\/2024\/11\/DSC08576.jpg\" target=\"_blank\" rel=\"noopener\"><img decoding=\"async\" data-id=\"20340\" src=\"https:\/\/esglesiajove.barcelona\/wp-content\/uploads\/2024\/11\/DSC08576.jpg\" alt=\"\" class=\"wp-image-20340\"\/><\/a><\/figure>\n\n\n\n<figure class=\"wp-block-image size-full\"><a href=\"https:\/\/esglesiajove.barcelona\/wp-content\/uploads\/2024\/11\/image00009-7-scaled-1.jpeg\" target=\"_blank\" rel=\"noopener\"><img decoding=\"async\" data-id=\"20343\" src=\"https:\/\/esglesiajove.barcelona\/wp-content\/uploads\/2024\/11\/image00009-7-scaled-1.jpeg\" alt=\"\" class=\"wp-image-20343\"\/><\/a><\/figure>\n\n\n\n<figure class=\"wp-block-image size-full\"><a href=\"https:\/\/esglesiajove.barcelona\/wp-content\/uploads\/2024\/11\/image00005-copia-scaled-1.jpeg\" target=\"_blank\" rel=\"noopener\"><img decoding=\"async\" data-id=\"20342\" src=\"https:\/\/esglesiajove.barcelona\/wp-content\/uploads\/2024\/11\/image00005-copia-scaled-1.jpeg\" alt=\"\" class=\"wp-image-20342\"\/><\/a><\/figure>\n\n\n\n<figure class=\"wp-block-image size-full\"><a href=\"https:\/\/esglesiajove.barcelona\/wp-content\/uploads\/2024\/11\/image00001-9-scaled-1.jpeg\" target=\"_blank\" rel=\"noopener\"><img decoding=\"async\" data-id=\"28135\" src=\"https:\/\/esglesiajove.barcelona\/wp-content\/uploads\/2024\/11\/image00001-9-scaled-1.jpeg\" alt=\"\" class=\"wp-image-28135\"\/><\/a><\/figure>\n\n\n\n<figure class=\"wp-block-image size-full\"><a href=\"https:\/\/esglesiajove.barcelona\/wp-content\/uploads\/2024\/11\/image00003-8-scaled-1.jpeg\" target=\"_blank\" rel=\"noopener\"><img decoding=\"async\" data-id=\"28137\" src=\"https:\/\/esglesiajove.barcelona\/wp-content\/uploads\/2024\/11\/image00003-8-scaled-1.jpeg\" alt=\"\" class=\"wp-image-28137\"\/><\/a><\/figure>\n\n\n\n<figure class=\"wp-block-image size-full\"><a href=\"https:\/\/esglesiajove.barcelona\/wp-content\/uploads\/2024\/11\/image00002-8-scaled-1.jpeg\" target=\"_blank\" rel=\"noopener\"><img decoding=\"async\" data-id=\"28136\" src=\"https:\/\/esglesiajove.barcelona\/wp-content\/uploads\/2024\/11\/image00002-8-scaled-1.jpeg\" alt=\"\" class=\"wp-image-28136\"\/><\/a><\/figure>\n\n\n\n<figure class=\"wp-block-image size-full\"><a href=\"https:\/\/esglesiajove.barcelona\/wp-content\/uploads\/2024\/11\/image00004-8-scaled-1.jpeg\" target=\"_blank\" rel=\"noopener\"><img decoding=\"async\" data-id=\"28138\" src=\"https:\/\/esglesiajove.barcelona\/wp-content\/uploads\/2024\/11\/image00004-8-scaled-1.jpeg\" alt=\"\" class=\"wp-image-28138\"\/><\/a><\/figure>\n\n\n\n<figure class=\"wp-block-image size-full\"><a href=\"https:\/\/esglesiajove.barcelona\/wp-content\/uploads\/2024\/11\/image00007-8-scaled-1.jpeg\" target=\"_blank\" rel=\"noopener\"><img decoding=\"async\" data-id=\"28139\" src=\"https:\/\/esglesiajove.barcelona\/wp-content\/uploads\/2024\/11\/image00007-8-scaled-1.jpeg\" alt=\"\" class=\"wp-image-28139\"\/><\/a><\/figure>\n\n\n\n<figure class=\"wp-block-image size-full\"><a href=\"https:\/\/esglesiajove.barcelona\/wp-content\/uploads\/2024\/11\/image00008-7-scaled-1.jpeg\" target=\"_blank\" rel=\"noopener\"><img decoding=\"async\" data-id=\"28140\" src=\"https:\/\/esglesiajove.barcelona\/wp-content\/uploads\/2024\/11\/image00008-7-scaled-1.jpeg\" alt=\"\" class=\"wp-image-28140\"\/><\/a><\/figure>\n\n\n\n<figure class=\"wp-block-image size-full\"><a href=\"https:\/\/esglesiajove.barcelona\/wp-content\/uploads\/2024\/11\/image00010-8-scaled-1.jpeg\" target=\"_blank\" rel=\"noopener\"><img decoding=\"async\" data-id=\"28141\" src=\"https:\/\/esglesiajove.barcelona\/wp-content\/uploads\/2024\/11\/image00010-8-scaled-1.jpeg\" alt=\"\" class=\"wp-image-28141\"\/><\/a><\/figure>\n\n\n\n<figure class=\"wp-block-image size-full\"><a href=\"https:\/\/esglesiajove.barcelona\/wp-content\/uploads\/2024\/11\/image00006-7-scaled-1.jpeg\" target=\"_blank\" rel=\"noopener\"><img decoding=\"async\" data-id=\"28142\" src=\"https:\/\/esglesiajove.barcelona\/wp-content\/uploads\/2024\/11\/image00006-7-scaled-1.jpeg\" alt=\"\" class=\"wp-image-28142\"\/><\/a><\/figure>\n<\/figure>\n","protected":false},"excerpt":{"rendered":"<p>El pasado 23 de diciembre tuvo lugar el encuentro de adolescentes \u201cConnecta: con los pobres\u201d. Fue un encuentro donde los j\u00f3venes adolescentes palparon de cerca el sentido del servicio a&#8230;<\/p>\n","protected":false},"author":1,"featured_media":6330,"comment_status":"closed","ping_status":"closed","sticky":false,"template":"","format":"standard","meta":{"inline_featured_image":false,"footnotes":""},"categories":[],"tags":[],"class_list":["post-7319","post","type-post","status-publish","format-standard","has-post-thumbnail"],"_links":{"self":[{"href":"https:\/\/esglesiajove.barcelona\/es\/wp-json\/wp\/v2\/posts\/7319","targetHints":{"allow":["GET"]}}],"collection":[{"href":"https:\/\/esglesiajove.barcelona\/es\/wp-json\/wp\/v2\/posts"}],"about":[{"href":"https:\/\/esglesiajove.barcelona\/es\/wp-json\/wp\/v2\/types\/post"}],"author":[{"embeddable":true,"href":"https:\/\/esglesiajove.barcelona\/es\/wp-json\/wp\/v2\/users\/1"}],"replies":[{"embeddable":true,"href":"https:\/\/esglesiajove.barcelona\/es\/wp-json\/wp\/v2\/comments?post=7319"}],"version-history":[{"count":1,"href":"https:\/\/esglesiajove.barcelona\/es\/wp-json\/wp\/v2\/posts\/7319\/revisions"}],"predecessor-version":[{"id":7320,"href":"https:\/\/esglesiajove.barcelona\/es\/wp-json\/wp\/v2\/posts\/7319\/revisions\/7320"}],"wp:featuredmedia":[{"embeddable":true,"href":"https:\/\/esglesiajove.barcelona\/es\/wp-json\/wp\/v2\/media\/6330"}],"wp:attachment":[{"href":"https:\/\/esglesiajove.barcelona\/es\/wp-json\/wp\/v2\/media?parent=7319"}],"wp:term":[{"taxonomy":"category","embeddable":true,"href":"https:\/\/esglesiajove.barcelona\/es\/wp-json\/wp\/v2\/categories?post=7319"},{"taxonomy":"post_tag","embeddable":true,"href":"https:\/\/esglesiajove.barcelona\/es\/wp-json\/wp\/v2\/tags?post=7319"}],"curies":[{"name":"wp","href":"https:\/\/api.w.org\/{rel}","templated":true}]}}