{"id":7329,"date":"2021-09-30T08:38:00","date_gmt":"2021-09-30T06:38:00","guid":{"rendered":"https:\/\/esglesiajove.barcelona\/sacerdotes-acompanantes-de-jovenes-olaizola\/"},"modified":"2024-11-14T14:10:52","modified_gmt":"2024-11-14T13:10:52","slug":"sacerdotes-acompanantes-de-jovenes-olaizola","status":"publish","type":"post","link":"https:\/\/esglesiajove.barcelona\/es\/sacerdotes-acompanantes-de-jovenes-olaizola\/","title":{"rendered":"Sacerdotes acompa\u00f1antes de j\u00f3venes. Olaizola."},"content":{"rendered":"\n<p>El 30 de septiembre los sacerdotes acompa\u00f1antes de j\u00f3venes nos reunimos para escuchar a Jos\u00e9 M. Rodr\u00edguez Olaizola, SJ en el <a href=\"https:\/\/goo.gl\/maps\/BcFu69VspzLV7vaw7\" target=\"_blank\" rel=\"noopener\">Seminario<\/a>. Con \u00e9l pudimos profundizar en el acompa\u00f1amiento espiritual a los j\u00f3venes en la libertad, tal y como anunciaba el t\u00edtulo de la charla:<strong> \u201cLibertad y tiempo: dos temas a tratar en el acompa\u00f1amiento\u201c.<\/strong><\/p>\n\n\n\n<h2 class=\"wp-block-heading\">El invitado<\/h2>\n\n\n\n<p><strong>Jos\u00e9 M. Rodr\u00edguez Olaizola<\/strong> es jesuita y soci\u00f3logo. Desde hace a\u00f1os intenta ofrecer una mirada a nuestra sociedad que conjugue la fe y la vida cotidiana, con proyectos de comunicaci\u00f3n y evangelizaci\u00f3n a trav\u00e9s de Internet.<\/p>\n\n\n\n<figure class=\"wp-block-gallery has-nested-images columns-default is-cropped wp-block-gallery-1 is-layout-flex wp-block-gallery-is-layout-flex\">\n<figure class=\"wp-block-image size-large\"><a href=\"https:\/\/esglesiajove.barcelona\/capellans-acompanyants-de-joves-olaizola\/whatsapp-image-2022-07-13-at-9-21-54-am-1\/\" target=\"_blank\" rel=\"noopener\"><img decoding=\"async\" data-id=\"19070\" src=\"https:\/\/esglesiajove.barcelona\/wp-content\/uploads\/2024\/11\/WhatsApp-Image-2022-07-13-at-9.21.54-AM-1.jpeg\" alt=\"Capellans acompanyants de joves\" class=\"wp-image-19070\"\/><\/a><\/figure>\n\n\n\n<figure class=\"wp-block-image size-large\"><a href=\"https:\/\/esglesiajove.barcelona\/capellans-acompanyants-de-joves-olaizola\/whatsapp-image-2022-07-13-at-9-21-54-am\/\" target=\"_blank\" rel=\"noopener\"><img decoding=\"async\" data-id=\"19071\" src=\"https:\/\/esglesiajove.barcelona\/wp-content\/uploads\/2024\/11\/WhatsApp-Image-2022-07-13-at-9.21.54-AM.jpeg\" alt=\"Capellans acompanyants de joves\" class=\"wp-image-19071\"\/><\/a><\/figure>\n<\/figure>\n\n\n\n<hr class=\"wp-block-separator has-alpha-channel-opacity\"\/>\n\n\n\n<div style=\"height:37px\" aria-hidden=\"true\" class=\"wp-block-spacer\"><\/div>\n\n\n\n<div class=\"wp-block-buttons is-content-justification-center is-layout-flex wp-container-core-buttons-is-layout-16018d1d wp-block-buttons-is-layout-flex\">\n<div class=\"wp-block-button\"><a class=\"wp-block-button__link wp-element-button\" href=\"https:\/\/esglesiajove.barcelona\/ha-pasado\/\">M\u00e1s noticias<\/a><\/div>\n<\/div>\n","protected":false},"excerpt":{"rendered":"<p>El 30 de septiembre los sacerdotes acompa\u00f1antes de j\u00f3venes nos reunimos para escuchar a Jos\u00e9 M. Rodr\u00edguez Olaizola, SJ en el Seminario. Con \u00e9l pudimos profundizar en el acompa\u00f1amiento espiritual&#8230;<\/p>\n","protected":false},"author":1,"featured_media":6351,"comment_status":"closed","ping_status":"closed","sticky":false,"template":"","format":"standard","meta":{"inline_featured_image":false,"footnotes":""},"categories":[],"tags":[],"class_list":["post-7329","post","type-post","status-publish","format-standard","has-post-thumbnail"],"_links":{"self":[{"href":"https:\/\/esglesiajove.barcelona\/es\/wp-json\/wp\/v2\/posts\/7329","targetHints":{"allow":["GET"]}}],"collection":[{"href":"https:\/\/esglesiajove.barcelona\/es\/wp-json\/wp\/v2\/posts"}],"about":[{"href":"https:\/\/esglesiajove.barcelona\/es\/wp-json\/wp\/v2\/types\/post"}],"author":[{"embeddable":true,"href":"https:\/\/esglesiajove.barcelona\/es\/wp-json\/wp\/v2\/users\/1"}],"replies":[{"embeddable":true,"href":"https:\/\/esglesiajove.barcelona\/es\/wp-json\/wp\/v2\/comments?post=7329"}],"version-history":[{"count":1,"href":"https:\/\/esglesiajove.barcelona\/es\/wp-json\/wp\/v2\/posts\/7329\/revisions"}],"predecessor-version":[{"id":7330,"href":"https:\/\/esglesiajove.barcelona\/es\/wp-json\/wp\/v2\/posts\/7329\/revisions\/7330"}],"wp:featuredmedia":[{"embeddable":true,"href":"https:\/\/esglesiajove.barcelona\/es\/wp-json\/wp\/v2\/media\/6351"}],"wp:attachment":[{"href":"https:\/\/esglesiajove.barcelona\/es\/wp-json\/wp\/v2\/media?parent=7329"}],"wp:term":[{"taxonomy":"category","embeddable":true,"href":"https:\/\/esglesiajove.barcelona\/es\/wp-json\/wp\/v2\/categories?post=7329"},{"taxonomy":"post_tag","embeddable":true,"href":"https:\/\/esglesiajove.barcelona\/es\/wp-json\/wp\/v2\/tags?post=7329"}],"curies":[{"name":"wp","href":"https:\/\/api.w.org\/{rel}","templated":true}]}}