{"id":7333,"date":"2021-11-20T12:54:00","date_gmt":"2021-11-20T11:54:00","guid":{"rendered":"https:\/\/esglesiajove.barcelona\/connecta-huir-o-afrontar\/"},"modified":"2024-11-14T14:11:06","modified_gmt":"2024-11-14T13:11:06","slug":"connecta-huir-o-afrontar","status":"publish","type":"post","link":"https:\/\/esglesiajove.barcelona\/es\/connecta-huir-o-afrontar\/","title":{"rendered":"Connecta: \u00bfHuir o afrontar?"},"content":{"rendered":"\n<p><em>\u00a1Connecta<\/em> son unos encuentros en que, desde Esgl\u00e9sia Jove Barcelona, queremos que los j\u00f3venes adolescentes (de entre 14 y 17 a\u00f1os) conecten con otros j\u00f3venes y con Dios!<\/p>\n\n\n\n\n\n<div style=\"height:58px\" aria-hidden=\"true\" class=\"wp-block-spacer\"><\/div>\n\n\n\n<div class=\"wp-block-columns is-layout-flex wp-container-core-columns-is-layout-9d6595d7 wp-block-columns-is-layout-flex\">\n<div class=\"wp-block-column is-layout-flow wp-block-column-is-layout-flow\" style=\"flex-basis:66.66%\">\n<h2 class=\"wp-block-heading\">J\u00f3venes emocionados<\/h2>\n\n\n\n<p>Despu\u00e9s de mucho tiempo y a causa de la pandemia, en mi parroquia, Santa Eul\u00e0lia de Proven\u00e7ana, en L&#8217;Hospitalet de Llobregat, encontramos la necesidad de volver a crear un grupo de j\u00f3venes. Es un grupo nuevo, no muy grande, con muchas ganas de hablar y buscar a Dios. Por correo nos lleg\u00f3 la noticia de que volv\u00edan a hacer encuentros para los j\u00f3venes; el primero que hac\u00edan era \u201c<em>Connecta<\/em>: \u00bfhuir o afrontar?\u201d y sin duda los monitores hicimos todo lo posible para ir.<\/p>\n\n\n\n<p>Los j\u00f3venes estaban emocionados y encantados de ir a encontrarse con chicos y chicas como ellos que tienen, probablemente, las mismas preguntas e inquietudes. Recuerdo perfectamente todo lo que sucedi\u00f3 durante aquella tarde. Llegamos muy temprano, cosa que nos permiti\u00f3 hablar y presentarnos a Mn. Carlos. Nos pusimos a jugar a f\u00fatbol y a baloncesto y cada vez m\u00e1s j\u00f3venes ven\u00edan y se un\u00edan a los partidos.<\/p>\n<\/div>\n\n\n\n<div class=\"wp-block-column is-layout-flow wp-block-column-is-layout-flow\" style=\"flex-basis:33.33%\">\n<figure class=\"wp-block-image size-large\"><img decoding=\"async\" src=\"https:\/\/esglesiajove.barcelona\/wp-content\/uploads\/2024\/11\/Connecta-storie-1.jpg\" alt=\"\" class=\"wp-image-19301\"\/><\/figure>\n<\/div>\n<\/div>\n\n\n\n<p>Pienso que la primera parte del encuentro estuvo muy acertada, los chicos tuvieron la oportunidad de hablar, jugar y conocer a los otros. Fue una gran manera de animarlos y hacer grupo. En la segunda parte, Paula P\u00e9rez Laporta, psic\u00f3loga general sanitaria, imparti\u00f3 una charla tratando temas muy importantes. La adolescencia y juventud es una \u00e9poca muy dif\u00edcil, es una \u00e9poca en que depende de c\u00f3mo est\u00e9s emocionalmente te puedes hundir y te sientes como si nadie te entendiera. Todos los j\u00f3venes alguna vez se han sentido as\u00ed, y bajo el lema \u201cHuir o afrontar las adversidades\u00bb, tienen que aprender a enfrentarse a todo aquello que les es dif\u00edcil o les supone un reto. Con la ayuda del Se\u00f1or ser\u00e1n capaces de enfrentarse a todo.<\/p>\n\n\n\n<h2 class=\"wp-block-heading\">Lo mejor<\/h2>\n\n\n\n<p>Mi parte preferida, sin duda, fue la oraci\u00f3n que se hizo al final de la tarde. Las canciones de estilo Taiz\u00e9 y la adoraci\u00f3n al Sant\u00edsimo nos acercaron a Dios de una manera inexplicable. No podr\u00eda haber acabado mejor, rodeados de gente joven como nosotros y tan cerca del Se\u00f1or.<\/p>\n\n\n\n<p>A los j\u00f3venes de Santa Eul\u00e0lia les encant\u00f3 vivir esta experiencia con otros j\u00f3venes, escuchar la charla, hablar de sus preocupaciones y conocer a gente nueva. Ellos todav\u00eda hablan con j\u00f3venes del encuentro, y en cuanto se sabe que hay otro hablan entre ellos para reencontrarse. Pero lo m\u00e1s importante es que se sintieron muy cerca de Dios.<\/p>\n\n\n\n<p class=\"has-text-align-right\"><strong>Clara Maneja<br><meta charset=\"utf-8\">Santa Eul\u00e0lia de Proven\u00e7ana<\/strong>, L&#8217;<strong>Hospitalet de Llobregat<\/strong><\/p>\n\n\n\n<figure class=\"wp-block-gallery has-nested-images columns-default is-cropped wp-block-gallery-1 is-layout-flex wp-block-gallery-is-layout-flex\">\n<figure class=\"wp-block-image size-large\"><a href=\"https:\/\/esglesiajove.barcelona\/connecta-fugir-o-afrontar\/image00001-4\/\" target=\"_blank\" rel=\"noopener\"><img decoding=\"async\" data-id=\"19278\" src=\"https:\/\/esglesiajove.barcelona\/wp-content\/uploads\/2024\/11\/image00001-4.jpeg\" alt=\"\" class=\"wp-image-19278\"\/><\/a><\/figure>\n\n\n\n<figure class=\"wp-block-image size-large\"><a href=\"https:\/\/esglesiajove.barcelona\/connecta-fugir-o-afrontar\/image00002-3\/\" target=\"_blank\" rel=\"noopener\"><img decoding=\"async\" data-id=\"19294\" src=\"https:\/\/esglesiajove.barcelona\/wp-content\/uploads\/2024\/11\/image00002-3.jpeg\" alt=\"\" class=\"wp-image-19294\"\/><\/a><\/figure>\n\n\n\n<figure class=\"wp-block-image size-large\"><a href=\"https:\/\/esglesiajove.barcelona\/connecta-fugir-o-afrontar\/image00003-3\/\" target=\"_blank\" rel=\"noopener\"><img decoding=\"async\" data-id=\"19293\" src=\"https:\/\/esglesiajove.barcelona\/wp-content\/uploads\/2024\/11\/image00003-3.jpeg\" alt=\"\" class=\"wp-image-19293\"\/><\/a><\/figure>\n\n\n\n<figure class=\"wp-block-image size-large\"><a href=\"https:\/\/esglesiajove.barcelona\/connecta-fugir-o-afrontar\/image00004-3\/\" target=\"_blank\" rel=\"noopener\"><img decoding=\"async\" data-id=\"19286\" src=\"https:\/\/esglesiajove.barcelona\/wp-content\/uploads\/2024\/11\/image00004-3.jpeg\" alt=\"\" class=\"wp-image-19286\"\/><\/a><\/figure>\n\n\n\n<figure class=\"wp-block-image size-large\"><a href=\"https:\/\/esglesiajove.barcelona\/connecta-fugir-o-afrontar\/image00005-3\/\" target=\"_blank\" rel=\"noopener\"><img decoding=\"async\" data-id=\"19281\" src=\"https:\/\/esglesiajove.barcelona\/wp-content\/uploads\/2024\/11\/image00005-3.jpeg\" alt=\"\" class=\"wp-image-19281\"\/><\/a><\/figure>\n\n\n\n<figure class=\"wp-block-image size-large\"><a href=\"https:\/\/esglesiajove.barcelona\/connecta-fugir-o-afrontar\/image00006-2\/\" target=\"_blank\" rel=\"noopener\"><img decoding=\"async\" data-id=\"19280\" src=\"https:\/\/esglesiajove.barcelona\/wp-content\/uploads\/2024\/11\/image00006-2.jpeg\" alt=\"\" class=\"wp-image-19280\"\/><\/a><\/figure>\n\n\n\n<figure class=\"wp-block-image size-large\"><a href=\"https:\/\/esglesiajove.barcelona\/connecta-fugir-o-afrontar\/image00007-3\/\" target=\"_blank\" rel=\"noopener\"><img decoding=\"async\" data-id=\"19279\" src=\"https:\/\/esglesiajove.barcelona\/wp-content\/uploads\/2024\/11\/image00007-3.jpeg\" alt=\"\" class=\"wp-image-19279\"\/><\/a><\/figure>\n\n\n\n<figure class=\"wp-block-image size-large\"><a href=\"https:\/\/esglesiajove.barcelona\/connecta-fugir-o-afrontar\/image00008-2\/\" target=\"_blank\" rel=\"noopener\"><img decoding=\"async\" data-id=\"19290\" src=\"https:\/\/esglesiajove.barcelona\/wp-content\/uploads\/2024\/11\/image00008-2.jpeg\" alt=\"\" class=\"wp-image-19290\"\/><\/a><\/figure>\n\n\n\n<figure class=\"wp-block-image size-large\"><a href=\"https:\/\/esglesiajove.barcelona\/connecta-fugir-o-afrontar\/image00009-3\/\" target=\"_blank\" rel=\"noopener\"><img decoding=\"async\" data-id=\"19289\" src=\"https:\/\/esglesiajove.barcelona\/wp-content\/uploads\/2024\/11\/image00009-3.jpeg\" alt=\"\" class=\"wp-image-19289\"\/><\/a><\/figure>\n\n\n\n<figure class=\"wp-block-image size-large\"><a href=\"https:\/\/esglesiajove.barcelona\/connecta-fugir-o-afrontar\/image00010-3\/\" target=\"_blank\" rel=\"noopener\"><img decoding=\"async\" data-id=\"19298\" src=\"https:\/\/esglesiajove.barcelona\/wp-content\/uploads\/2024\/11\/image00010-3.jpeg\" alt=\"\" class=\"wp-image-19298\"\/><\/a><\/figure>\n\n\n\n<figure class=\"wp-block-image size-large\"><a href=\"https:\/\/esglesiajove.barcelona\/connecta-fugir-o-afrontar\/image00011-2\/\" target=\"_blank\" rel=\"noopener\"><img decoding=\"async\" data-id=\"19288\" src=\"https:\/\/esglesiajove.barcelona\/wp-content\/uploads\/2024\/11\/image00011-2.jpeg\" alt=\"\" class=\"wp-image-19288\"\/><\/a><\/figure>\n\n\n\n<figure class=\"wp-block-image size-large\"><a href=\"https:\/\/esglesiajove.barcelona\/connecta-fugir-o-afrontar\/image00012-3\/\" target=\"_blank\" rel=\"noopener\"><img decoding=\"async\" data-id=\"19291\" src=\"https:\/\/esglesiajove.barcelona\/wp-content\/uploads\/2024\/11\/image00012-3.jpeg\" alt=\"\" class=\"wp-image-19291\"\/><\/a><\/figure>\n\n\n\n<figure class=\"wp-block-image size-large\"><a href=\"https:\/\/esglesiajove.barcelona\/connecta-fugir-o-afrontar\/image00013-3\/\" target=\"_blank\" rel=\"noopener\"><img decoding=\"async\" data-id=\"19295\" src=\"https:\/\/esglesiajove.barcelona\/wp-content\/uploads\/2024\/11\/image00013-3.jpeg\" alt=\"\" class=\"wp-image-19295\"\/><\/a><\/figure>\n\n\n\n<figure class=\"wp-block-image size-large\"><a href=\"https:\/\/esglesiajove.barcelona\/connecta-fugir-o-afrontar\/image00014-3\/\" target=\"_blank\" rel=\"noopener\"><img decoding=\"async\" data-id=\"19299\" src=\"https:\/\/esglesiajove.barcelona\/wp-content\/uploads\/2024\/11\/image00014-3.jpeg\" alt=\"\" class=\"wp-image-19299\"\/><\/a><\/figure>\n\n\n\n<figure class=\"wp-block-image size-large\"><a href=\"https:\/\/esglesiajove.barcelona\/connecta-fugir-o-afrontar\/image00015-4\/\" target=\"_blank\" rel=\"noopener\"><img decoding=\"async\" data-id=\"19296\" src=\"https:\/\/esglesiajove.barcelona\/wp-content\/uploads\/2024\/11\/image00015-4.jpeg\" alt=\"\" class=\"wp-image-19296\"\/><\/a><\/figure>\n\n\n\n<figure class=\"wp-block-image size-large\"><a href=\"https:\/\/esglesiajove.barcelona\/connecta-fugir-o-afrontar\/image00016-3\/\" target=\"_blank\" rel=\"noopener\"><img decoding=\"async\" data-id=\"19292\" src=\"https:\/\/esglesiajove.barcelona\/wp-content\/uploads\/2024\/11\/image00016-3.jpeg\" alt=\"\" class=\"wp-image-19292\"\/><\/a><\/figure>\n\n\n\n<figure class=\"wp-block-image size-large\"><a href=\"https:\/\/esglesiajove.barcelona\/connecta-fugir-o-afrontar\/image00017-4\/\" target=\"_blank\" rel=\"noopener\"><img decoding=\"async\" data-id=\"19300\" src=\"https:\/\/esglesiajove.barcelona\/wp-content\/uploads\/2024\/11\/image00017-4.jpeg\" alt=\"\" class=\"wp-image-19300\"\/><\/a><\/figure>\n\n\n\n<figure class=\"wp-block-image size-large\"><a href=\"https:\/\/esglesiajove.barcelona\/connecta-fugir-o-afrontar\/image00018-3\/\" target=\"_blank\" rel=\"noopener\"><img decoding=\"async\" data-id=\"19284\" src=\"https:\/\/esglesiajove.barcelona\/wp-content\/uploads\/2024\/11\/image00018-3.jpeg\" alt=\"\" class=\"wp-image-19284\"\/><\/a><\/figure>\n\n\n\n<figure class=\"wp-block-image size-large\"><a href=\"https:\/\/esglesiajove.barcelona\/connecta-fugir-o-afrontar\/image00019-5\/\" target=\"_blank\" rel=\"noopener\"><img decoding=\"async\" data-id=\"19297\" src=\"https:\/\/esglesiajove.barcelona\/wp-content\/uploads\/2024\/11\/image00019-5.jpeg\" alt=\"\" class=\"wp-image-19297\"\/><\/a><\/figure>\n\n\n\n<figure class=\"wp-block-image size-large\"><a href=\"https:\/\/esglesiajove.barcelona\/connecta-fugir-o-afrontar\/image00020-2-2\/\" target=\"_blank\" rel=\"noopener\"><img decoding=\"async\" data-id=\"19287\" src=\"https:\/\/esglesiajove.barcelona\/wp-content\/uploads\/2024\/11\/image00020-2.jpeg\" alt=\"\" class=\"wp-image-19287\"\/><\/a><\/figure>\n\n\n\n<figure class=\"wp-block-image size-large\"><a href=\"https:\/\/esglesiajove.barcelona\/connecta-fugir-o-afrontar\/image00021-4\/\" target=\"_blank\" rel=\"noopener\"><img decoding=\"async\" data-id=\"19285\" src=\"https:\/\/esglesiajove.barcelona\/wp-content\/uploads\/2024\/11\/image00021-4.jpeg\" alt=\"\" class=\"wp-image-19285\"\/><\/a><\/figure>\n\n\n\n<figure class=\"wp-block-image size-large\"><a href=\"https:\/\/esglesiajove.barcelona\/connecta-fugir-o-afrontar\/image00022-3\/\" target=\"_blank\" rel=\"noopener\"><img decoding=\"async\" data-id=\"19283\" src=\"https:\/\/esglesiajove.barcelona\/wp-content\/uploads\/2024\/11\/image00022-3.jpeg\" alt=\"\" class=\"wp-image-19283\"\/><\/a><\/figure>\n\n\n\n<figure class=\"wp-block-image size-large\"><a href=\"https:\/\/esglesiajove.barcelona\/connecta-fugir-o-afrontar\/image00023-2-2\/\" target=\"_blank\" rel=\"noopener\"><img decoding=\"async\" data-id=\"19282\" src=\"https:\/\/esglesiajove.barcelona\/wp-content\/uploads\/2024\/11\/image00023-2.jpeg\" alt=\"\" class=\"wp-image-19282\"\/><\/a><\/figure>\n<\/figure>\n","protected":false},"excerpt":{"rendered":"<p>\u00a1Connecta son unos encuentros en que, desde Esgl\u00e9sia Jove Barcelona, queremos que los j\u00f3venes adolescentes (de entre 14 y 17 a\u00f1os) conecten con otros j\u00f3venes y con Dios! J\u00f3venes emocionados&#8230;<\/p>\n","protected":false},"author":1,"featured_media":6329,"comment_status":"closed","ping_status":"closed","sticky":false,"template":"","format":"standard","meta":{"inline_featured_image":false,"footnotes":""},"categories":[],"tags":[],"class_list":["post-7333","post","type-post","status-publish","format-standard","has-post-thumbnail"],"_links":{"self":[{"href":"https:\/\/esglesiajove.barcelona\/es\/wp-json\/wp\/v2\/posts\/7333","targetHints":{"allow":["GET"]}}],"collection":[{"href":"https:\/\/esglesiajove.barcelona\/es\/wp-json\/wp\/v2\/posts"}],"about":[{"href":"https:\/\/esglesiajove.barcelona\/es\/wp-json\/wp\/v2\/types\/post"}],"author":[{"embeddable":true,"href":"https:\/\/esglesiajove.barcelona\/es\/wp-json\/wp\/v2\/users\/1"}],"replies":[{"embeddable":true,"href":"https:\/\/esglesiajove.barcelona\/es\/wp-json\/wp\/v2\/comments?post=7333"}],"version-history":[{"count":1,"href":"https:\/\/esglesiajove.barcelona\/es\/wp-json\/wp\/v2\/posts\/7333\/revisions"}],"predecessor-version":[{"id":7334,"href":"https:\/\/esglesiajove.barcelona\/es\/wp-json\/wp\/v2\/posts\/7333\/revisions\/7334"}],"wp:featuredmedia":[{"embeddable":true,"href":"https:\/\/esglesiajove.barcelona\/es\/wp-json\/wp\/v2\/media\/6329"}],"wp:attachment":[{"href":"https:\/\/esglesiajove.barcelona\/es\/wp-json\/wp\/v2\/media?parent=7333"}],"wp:term":[{"taxonomy":"category","embeddable":true,"href":"https:\/\/esglesiajove.barcelona\/es\/wp-json\/wp\/v2\/categories?post=7333"},{"taxonomy":"post_tag","embeddable":true,"href":"https:\/\/esglesiajove.barcelona\/es\/wp-json\/wp\/v2\/tags?post=7333"}],"curies":[{"name":"wp","href":"https:\/\/api.w.org\/{rel}","templated":true}]}}