{"id":7339,"date":"2021-12-12T16:35:00","date_gmt":"2021-12-12T15:35:00","guid":{"rendered":"https:\/\/esglesiajove.barcelona\/ejercicios-espirituales-jovenes-adultos\/"},"modified":"2024-11-14T14:11:17","modified_gmt":"2024-11-14T13:11:17","slug":"ejercicios-espirituales-jovenes-adultos","status":"publish","type":"post","link":"https:\/\/esglesiajove.barcelona\/es\/ejercicios-espirituales-jovenes-adultos\/","title":{"rendered":"Ejercicios Espirituales J\u00f3venes Adultos"},"content":{"rendered":"\n<h2 class=\"wp-block-heading\">Un fin de semana pensado para <a href=\"https:\/\/esglesiajove.barcelona\/i-jornades-del-grup-joan-roig-amb-marta-rodriguez\/\">j\u00f3venes adultos<\/a>.&nbsp;<\/h2>\n\n\n\n<p>Un fin de semana en que se pudo desconectar del mundo para conectar con el Se\u00f1or.<\/p>\n\n\n\n\n\n<p><\/p>\n\n\n\n<p><\/p>\n\n\n\n<p>Los d\u00edas 10, 11 y 12 de diciembre unos veinte j\u00f3venes participamos de unos ejercicios espirituales que tuvieron lugar en la casa de espiritualidad \u201cSagrada Familia\u201d de Barcelona. Solo por el lugar donde hicimos el retiro, sab\u00eda que no podr\u00edamos estar mejor cuidados. Los ejercicios espirituales, en un principio, ten\u00edan que ser predicados por el Obispo Toni, pero por cuestiones de salud no le fue posible. As\u00ed que contamos con la compa\u00f1\u00eda del P. Emili Gil. A pesar de que algunos esperaban con ansias poderse reencontrar con el Obispo, su ausencia nos permiti\u00f3 poder rezar y encomendarlo todav\u00eda m\u00e1s. Y hoy todav\u00eda, hay que seguirlo haciendo.<\/p>\n\n\n\n<p>Si soy sincera, era la segunda vez en mi vida que participaba de unos ejercicios espirituales. A pesar de que los primeros hab\u00edan sido hac\u00eda pocos meses, estaba a la expectativa de saber qu\u00e9 har\u00edamos a lo largo de los d\u00edas. Para suerte m\u00eda, nada m\u00e1s llegar ya nos hicieron llegar el horario del fin de semana. Cenamos juntos y, antes de ir a dormir, tuvimos una sesi\u00f3n introductoria en la cual se nos explic\u00f3 que a lo largo de aquellos d\u00edas ten\u00edamos que convivir en silencio. Tengo que reconocer que el silencio se nos hizo un poco complicado, pero despu\u00e9s de unos toques de atenci\u00f3n por parte del P. Carlos, entendimos que era lo mejor para nosotros. La estructura de los ejercicios era muy sencilla pero a la vez compleja: laudes por la ma\u00f1ana, desayunar, meditaciones con ratos de oraci\u00f3n, reflexi\u00f3n y posibilidad de confesi\u00f3n, misa, comida, meditaciones, v\u00edsperas, cena, breve meditaci\u00f3n y rato de plegaria.<\/p>\n\n\n\n<div class=\"wp-block-columns is-layout-flex wp-container-core-columns-is-layout-9d6595d7 wp-block-columns-is-layout-flex\">\n<div class=\"wp-block-column is-layout-flow wp-block-column-is-layout-flow\" style=\"flex-basis:66.66%\">\n<p>Hace realmente poco que he empezado a rezar diariamente a Dios, soy \u201cnueva\u201d en todo esto, y es quiz\u00e1s por este motivo que cuando hablo con Dios, ante \u00c9l, en la capilla, me gusta hacerlo sola. As\u00ed me aseguro de que me est\u00e1 escuchando a m\u00ed (man\u00edas m\u00edas). Sab\u00eda que ser\u00eda dif\u00edcil poder tener un rato con Dios a lo largo de estos d\u00edas, es por eso que la madrugada de s\u00e1bado, me vest\u00ed (puesto que a Dios no se lo puede ir a visitar con pijama), y compart\u00ed con \u00c9l un rato de oraci\u00f3n. Pensaba que sentir\u00eda a Dios dici\u00e9ndome: \u201cGracias por este sacrificio, podr\u00edas estar durmiendo, como todo el resto, y has venido a m\u00ed\u201d. Pero, no. Lo ten\u00eda mal entendido, yo no tengo que esperar nada de Dios, porque \u00c9l ya me lo ha dado todo. Ahora soy yo quien le tengo que ofrecer y entregar.<\/p>\n<\/div>\n\n\n\n<div class=\"wp-block-column is-layout-flow wp-block-column-is-layout-flow\" style=\"flex-basis:33.33%\">\n<figure class=\"wp-block-gallery has-nested-images columns-default is-cropped wp-block-gallery-1 is-layout-flex wp-block-gallery-is-layout-flex\">\n<figure class=\"wp-block-image size-large\"><img decoding=\"async\" data-id=\"19408\" src=\"https:\/\/esglesiajove.barcelona\/wp-content\/uploads\/2024\/11\/Exercicis-espiritulas_Mesa-de-trabajo-1-copia-15-1024x1024.jpg\" alt=\"\" class=\"wp-image-19408\"\/><\/figure>\n<\/figure>\n<\/div>\n<\/div>\n\n\n\n<p>Por providencia, despu\u00e9s de unas semanas pensando y teniendo la inquietud de que quer\u00eda conocer m\u00e1s la Virgen Maria y fortalecer mi relaci\u00f3n con ella, las meditaciones que nos predic\u00f3 el P. Emili Gil fueron los 5 misterios de gozo del rosario. \u00a1C\u00f3mo nos cuida el Se\u00f1or! Estos ejercicios espirituales fueron el primer paso para poder conocer m\u00e1s a nuestra madre. Y, hoy, dos semanas despu\u00e9s, despacio, todav\u00eda la estoy conociendo.&nbsp;<\/p>\n\n\n\n<p>Es dif\u00edcil resumir tres d\u00edas, y no tres d\u00edas cualquiera, en una p\u00e1gina, pero es lo que se me ha pedido y as\u00ed lo he hecho. Os animo a todos y a todas a participar en unos ejercicios espirituales para desconectar del mundo, de las responsabilidades, del trabajo, de los estudios y poder conectar con Dios y contigo mismo.<\/p>\n\n\n\n<p class=\"has-text-align-right\"><strong>Clara Garrit Nicolau<br>Parroquia Sant Pere del Masnou<\/strong><\/p>\n\n\n\n<p><\/p>\n\n\n\n<p><\/p>\n","protected":false},"excerpt":{"rendered":"<p>Un fin de semana pensado para j\u00f3venes adultos.&nbsp; Un fin de semana en que se pudo desconectar del mundo para conectar con el Se\u00f1or. Los d\u00edas 10, 11 y 12&#8230;<\/p>\n","protected":false},"author":1,"featured_media":6317,"comment_status":"closed","ping_status":"closed","sticky":false,"template":"","format":"standard","meta":{"inline_featured_image":false,"footnotes":""},"categories":[],"tags":[],"class_list":["post-7339","post","type-post","status-publish","format-standard","has-post-thumbnail"],"_links":{"self":[{"href":"https:\/\/esglesiajove.barcelona\/es\/wp-json\/wp\/v2\/posts\/7339","targetHints":{"allow":["GET"]}}],"collection":[{"href":"https:\/\/esglesiajove.barcelona\/es\/wp-json\/wp\/v2\/posts"}],"about":[{"href":"https:\/\/esglesiajove.barcelona\/es\/wp-json\/wp\/v2\/types\/post"}],"author":[{"embeddable":true,"href":"https:\/\/esglesiajove.barcelona\/es\/wp-json\/wp\/v2\/users\/1"}],"replies":[{"embeddable":true,"href":"https:\/\/esglesiajove.barcelona\/es\/wp-json\/wp\/v2\/comments?post=7339"}],"version-history":[{"count":1,"href":"https:\/\/esglesiajove.barcelona\/es\/wp-json\/wp\/v2\/posts\/7339\/revisions"}],"predecessor-version":[{"id":7340,"href":"https:\/\/esglesiajove.barcelona\/es\/wp-json\/wp\/v2\/posts\/7339\/revisions\/7340"}],"wp:featuredmedia":[{"embeddable":true,"href":"https:\/\/esglesiajove.barcelona\/es\/wp-json\/wp\/v2\/media\/6317"}],"wp:attachment":[{"href":"https:\/\/esglesiajove.barcelona\/es\/wp-json\/wp\/v2\/media?parent=7339"}],"wp:term":[{"taxonomy":"category","embeddable":true,"href":"https:\/\/esglesiajove.barcelona\/es\/wp-json\/wp\/v2\/categories?post=7339"},{"taxonomy":"post_tag","embeddable":true,"href":"https:\/\/esglesiajove.barcelona\/es\/wp-json\/wp\/v2\/tags?post=7339"}],"curies":[{"name":"wp","href":"https:\/\/api.w.org\/{rel}","templated":true}]}}