{"id":7341,"date":"2021-12-13T17:18:00","date_gmt":"2021-12-13T16:18:00","guid":{"rendered":"https:\/\/esglesiajove.barcelona\/plegaria-taize-en-la-sagrada-familia\/"},"modified":"2024-11-14T14:11:20","modified_gmt":"2024-11-14T13:11:20","slug":"plegaria-taize-en-la-sagrada-familia","status":"publish","type":"post","link":"https:\/\/esglesiajove.barcelona\/es\/plegaria-taize-en-la-sagrada-familia\/","title":{"rendered":"Plegaria Taiz\u00e9 en la Sagrada Familia"},"content":{"rendered":"\n<p>El pasado domingo tuvo lugar, en la Bas\u00edlica de la Sagrada Familia, un <a href=\"https:\/\/www.taize.fr\/es_article32687.html\" target=\"_blank\" rel=\"noopener\">encuentro muy especial:<\/a> la plegaria con la comunidad de Taiz\u00e9, con la presencia del hermano Alois, prior de Taiz\u00e9, y otros hermanos de la Comunidad. M\u00e1s de 2000 personas asistieron, entre ellas el Cardenal Omella y sus obispos auxiliares.<\/p>\n\n\n\n<p>Taiz\u00e9 es un referente ecum\u00e9nico de encuentro de cristianos de diferentes denominaciones. Una vez m\u00e1s la Bas\u00edlica de la Sagrada Familia ha sido un espacio de acogida, de plegaria, \u00a1de preparaci\u00f3n a la Navidad y de esperanza!<\/p>\n\n\n\n\n\n<p><\/p>\n\n\n\n<p><br>El pasado 12 de diciembre, los hermanos de Taiz\u00e9 visitaron Barcelona y compartimos una preciosa plegaria en la bas\u00edlica de la Sagrada Familia. El acto se inici\u00f3 con una representaci\u00f3n teatral de c\u00f3mo Gaud\u00ed se imagin\u00f3 la construcci\u00f3n del templo, acompa\u00f1ada de m\u00fasica en directo y dando un protagonismo especial a la estrella que corona la nueva torre de la Virgen Mar\u00eda.<\/p>\n\n\n\n<p>A continuaci\u00f3n, se dio a la plegaria al estilo Taiz\u00e9, acompa\u00f1ada de sus cantos, lecturas y del momento de silencio. Merece la pena decir que emocionaba sentir como el esp\u00edritu de la comunidad se hac\u00eda tan presente entre todos nosotros. La plegaria concluy\u00f3 con la oportunidad de acercarse a venerar la cruz, la cual colocaron tendida en el suelo, tal como hacen las noches de viernes en la Iglesia de la Reconciliaci\u00f3n.<\/p>\n\n\n\n<p><br><\/p>\n\n\n\n<h2 class=\"wp-block-heading\">Hermano Alois<\/h2>\n\n\n\n<p>Hay que destacar tambi\u00e9n el momento en el cual el hermano Alois dirigi\u00f3 unas palabras, llenas de gozo y esperanza, seguido por el encendido de velas, transportando la luz de llama en llama, entre todos los presentes. Para m\u00ed, este siempre ha sido un momento muy especial. En el contexto de la semana de Taiz\u00e9, representa la luz de la resurrecci\u00f3n, donde a nivel personal tambi\u00e9n has crecido y te has transformado, y donde aunque se apague la vela, sigues siendo portador de su llama cuando vuelves a casa.<\/p>\n\n\n\n<p>Y es que, para m\u00ed, ir a Taiz\u00e9 es ir a reencontrarse con la fuente. Taiz\u00e9 es un peque\u00f1o pueblo de Francia, pero tambi\u00e9n es una comunidad en todo el mundo. En \u00faltimo t\u00e9rmino, todo lo que vives, creces y renuevas ah\u00ed, lo llevas despu\u00e9s de vuelta para seguir siendo luz para los qui\u00e9n te rodean. Todo ello, este esp\u00edritu es el que se hizo presente all\u00ed, a la Sagrada Familia, con tantas personas reunidas en una misma plegaria, dando gracias por el a\u00f1o tan dif\u00edcil que acaba y pidiendo fuerza para el siguiente.<\/p>\n\n\n\n<p class=\"has-text-align-right\"><strong>Gabriel Porcel<br>Taiz\u00e9<\/strong><\/p>\n\n\n\n<p><a href=\"https:\/\/esglesiajove.barcelona\/sent-la-creu-de-filipines\/\" target=\"_blank\" rel=\"noreferrer noopener\">Otros eventos en la Bas\u00edlica de la Sagrada Familia<\/a><\/p>\n\n\n\n<figure class=\"wp-block-gallery has-nested-images columns-default is-cropped wp-block-gallery-1 is-layout-flex wp-block-gallery-is-layout-flex\">\n<figure class=\"wp-block-image size-large\"><a href=\"https:\/\/esglesiajove.barcelona\/pregaria-taize-a-la-sagrada-familia\/image00018-2\/\" target=\"_blank\" rel=\"noopener\"><img decoding=\"async\" data-id=\"19258\" src=\"https:\/\/esglesiajove.barcelona\/wp-content\/uploads\/2024\/11\/image00018-2-scaled-1.jpeg\" alt=\"\" class=\"wp-image-19258\"\/><\/a><\/figure>\n\n\n\n<figure class=\"wp-block-image size-large\"><a href=\"https:\/\/esglesiajove.barcelona\/pregaria-taize-a-la-sagrada-familia\/image00019-copia\/\" target=\"_blank\" rel=\"noopener\"><img decoding=\"async\" data-id=\"19260\" src=\"https:\/\/esglesiajove.barcelona\/wp-content\/uploads\/2024\/11\/image00019-copia-scaled-1.jpeg\" alt=\"\" class=\"wp-image-19260\"\/><\/a><\/figure>\n\n\n\n<figure class=\"wp-block-image size-large\"><a href=\"https:\/\/esglesiajove.barcelona\/pregaria-taize-a-la-sagrada-familia\/image00020-2\/\" target=\"_blank\" rel=\"noopener\"><img decoding=\"async\" data-id=\"19262\" src=\"https:\/\/esglesiajove.barcelona\/wp-content\/uploads\/2024\/11\/image00020-1-scaled-1.jpeg\" alt=\"\" class=\"wp-image-19262\"\/><\/a><\/figure>\n\n\n\n<figure class=\"wp-block-image size-large\"><a href=\"https:\/\/esglesiajove.barcelona\/pregaria-taize-a-la-sagrada-familia\/image00021-3\/\" target=\"_blank\" rel=\"noopener\"><img decoding=\"async\" data-id=\"19263\" src=\"https:\/\/esglesiajove.barcelona\/wp-content\/uploads\/2024\/11\/image00021-3-scaled-1.jpeg\" alt=\"\" class=\"wp-image-19263\"\/><\/a><\/figure>\n\n\n\n<figure class=\"wp-block-image size-large\"><a href=\"https:\/\/esglesiajove.barcelona\/pregaria-taize-a-la-sagrada-familia\/image00023-2\/\" target=\"_blank\" rel=\"noopener\"><img decoding=\"async\" data-id=\"19265\" src=\"https:\/\/esglesiajove.barcelona\/wp-content\/uploads\/2024\/11\/image00023-1-scaled-1.jpeg\" alt=\"\" class=\"wp-image-19265\"\/><\/a><\/figure>\n\n\n\n<figure class=\"wp-block-image size-large\"><a href=\"https:\/\/esglesiajove.barcelona\/pregaria-taize-a-la-sagrada-familia\/image00022-2\/\" target=\"_blank\" rel=\"noopener\"><img decoding=\"async\" data-id=\"19264\" src=\"https:\/\/esglesiajove.barcelona\/wp-content\/uploads\/2024\/11\/image00022-2-scaled-1.jpeg\" alt=\"\" class=\"wp-image-19264\"\/><\/a><\/figure>\n\n\n\n<figure class=\"wp-block-image size-large\"><a href=\"https:\/\/esglesiajove.barcelona\/pregaria-taize-a-la-sagrada-familia\/image00024-2\/\" target=\"_blank\" rel=\"noopener\"><img decoding=\"async\" data-id=\"19266\" src=\"https:\/\/esglesiajove.barcelona\/wp-content\/uploads\/2024\/11\/image00024-1-scaled-1.jpeg\" alt=\"\" class=\"wp-image-19266\"\/><\/a><\/figure>\n\n\n\n<figure class=\"wp-block-image size-large\"><a href=\"https:\/\/esglesiajove.barcelona\/pregaria-taize-a-la-sagrada-familia\/image00025-2\/\" target=\"_blank\" rel=\"noopener\"><img decoding=\"async\" data-id=\"19267\" src=\"https:\/\/esglesiajove.barcelona\/wp-content\/uploads\/2024\/11\/image00025-2-scaled-1.jpeg\" alt=\"\" class=\"wp-image-19267\"\/><\/a><\/figure>\n\n\n\n<figure class=\"wp-block-image size-large\"><a href=\"https:\/\/esglesiajove.barcelona\/pregaria-taize-a-la-sagrada-familia\/image00026-2\/\" target=\"_blank\" rel=\"noopener\"><img decoding=\"async\" data-id=\"19268\" src=\"https:\/\/esglesiajove.barcelona\/wp-content\/uploads\/2024\/11\/image00026-1-scaled-1.jpeg\" alt=\"Taiz\u00e9\" class=\"wp-image-19268\"\/><\/a><\/figure>\n\n\n\n<figure class=\"wp-block-image size-large\"><a href=\"https:\/\/esglesiajove.barcelona\/pregaria-taize-a-la-sagrada-familia\/image00027-2\/\" target=\"_blank\" rel=\"noopener\"><img decoding=\"async\" data-id=\"19269\" src=\"https:\/\/esglesiajove.barcelona\/wp-content\/uploads\/2024\/11\/image00027-2-scaled-1.jpeg\" alt=\"Taiz\u00e9\" class=\"wp-image-19269\"\/><\/a><\/figure>\n\n\n\n<figure class=\"wp-block-image size-large\"><a href=\"https:\/\/esglesiajove.barcelona\/pregaria-taize-a-la-sagrada-familia\/image00028-2\/\" target=\"_blank\" rel=\"noopener\"><img decoding=\"async\" data-id=\"19270\" src=\"https:\/\/esglesiajove.barcelona\/wp-content\/uploads\/2024\/11\/image00028-1-scaled-1.jpeg\" alt=\"Taiz\u00e9\" class=\"wp-image-19270\"\/><\/a><\/figure>\n\n\n\n<figure class=\"wp-block-image size-large\"><a href=\"https:\/\/esglesiajove.barcelona\/pregaria-taize-a-la-sagrada-familia\/image00029-2\/\" target=\"_blank\" rel=\"noopener\"><img decoding=\"async\" data-id=\"19271\" src=\"https:\/\/esglesiajove.barcelona\/wp-content\/uploads\/2024\/11\/image00029-1-scaled-1.jpeg\" alt=\"Taiz\u00e9\" class=\"wp-image-19271\"\/><\/a><\/figure>\n\n\n\n<figure class=\"wp-block-image size-large\"><a href=\"https:\/\/esglesiajove.barcelona\/pregaria-taize-a-la-sagrada-familia\/image00030-2\/\" target=\"_blank\" rel=\"noopener\"><img decoding=\"async\" data-id=\"19272\" src=\"https:\/\/esglesiajove.barcelona\/wp-content\/uploads\/2024\/11\/image00030-1-scaled-1.jpeg\" alt=\"Taiz\u00e9\" class=\"wp-image-19272\"\/><\/a><\/figure>\n\n\n\n<figure class=\"wp-block-image size-large\"><a href=\"https:\/\/esglesiajove.barcelona\/pregaria-taize-a-la-sagrada-familia\/image00031\/\" target=\"_blank\" rel=\"noopener\"><img decoding=\"async\" data-id=\"19273\" src=\"https:\/\/esglesiajove.barcelona\/wp-content\/uploads\/2024\/11\/image00031-scaled-1.jpeg\" alt=\"Taiz\u00e9\" class=\"wp-image-19273\"\/><\/a><\/figure>\n\n\n\n<figure class=\"wp-block-image size-large\"><a href=\"https:\/\/esglesiajove.barcelona\/pregaria-taize-a-la-sagrada-familia\/image00032-2\/\" target=\"_blank\" rel=\"noopener\"><img decoding=\"async\" data-id=\"19274\" src=\"https:\/\/esglesiajove.barcelona\/wp-content\/uploads\/2024\/11\/image00032-1-scaled-1.jpeg\" alt=\"Taiz\u00e9\" class=\"wp-image-19274\"\/><\/a><\/figure>\n<\/figure>\n","protected":false},"excerpt":{"rendered":"<p>El pasado domingo tuvo lugar, en la Bas\u00edlica de la Sagrada Familia, un encuentro muy especial: la plegaria con la comunidad de Taiz\u00e9, con la presencia del hermano Alois, prior&#8230;<\/p>\n","protected":false},"author":1,"featured_media":6333,"comment_status":"closed","ping_status":"closed","sticky":false,"template":"","format":"standard","meta":{"inline_featured_image":false,"footnotes":""},"categories":[56],"tags":[],"class_list":{"0":"post-7341","1":"post","2":"type-post","3":"status-publish","4":"format-standard","5":"has-post-thumbnail","7":"category-articles"},"_links":{"self":[{"href":"https:\/\/esglesiajove.barcelona\/es\/wp-json\/wp\/v2\/posts\/7341","targetHints":{"allow":["GET"]}}],"collection":[{"href":"https:\/\/esglesiajove.barcelona\/es\/wp-json\/wp\/v2\/posts"}],"about":[{"href":"https:\/\/esglesiajove.barcelona\/es\/wp-json\/wp\/v2\/types\/post"}],"author":[{"embeddable":true,"href":"https:\/\/esglesiajove.barcelona\/es\/wp-json\/wp\/v2\/users\/1"}],"replies":[{"embeddable":true,"href":"https:\/\/esglesiajove.barcelona\/es\/wp-json\/wp\/v2\/comments?post=7341"}],"version-history":[{"count":1,"href":"https:\/\/esglesiajove.barcelona\/es\/wp-json\/wp\/v2\/posts\/7341\/revisions"}],"predecessor-version":[{"id":7342,"href":"https:\/\/esglesiajove.barcelona\/es\/wp-json\/wp\/v2\/posts\/7341\/revisions\/7342"}],"wp:featuredmedia":[{"embeddable":true,"href":"https:\/\/esglesiajove.barcelona\/es\/wp-json\/wp\/v2\/media\/6333"}],"wp:attachment":[{"href":"https:\/\/esglesiajove.barcelona\/es\/wp-json\/wp\/v2\/media?parent=7341"}],"wp:term":[{"taxonomy":"category","embeddable":true,"href":"https:\/\/esglesiajove.barcelona\/es\/wp-json\/wp\/v2\/categories?post=7341"},{"taxonomy":"post_tag","embeddable":true,"href":"https:\/\/esglesiajove.barcelona\/es\/wp-json\/wp\/v2\/tags?post=7341"}],"curies":[{"name":"wp","href":"https:\/\/api.w.org\/{rel}","templated":true}]}}