{"id":7343,"date":"2021-12-15T17:48:00","date_gmt":"2021-12-15T16:48:00","guid":{"rendered":"https:\/\/esglesiajove.barcelona\/grupo-joan-roig-inicios\/"},"modified":"2021-12-15T17:09:00","modified_gmt":"2021-12-15T16:09:00","slug":"grupo-joan-roig-inicios","status":"publish","type":"post","link":"https:\/\/esglesiajove.barcelona\/es\/grupo-joan-roig-inicios\/","title":{"rendered":"Grupo Joan Roig. Inicios"},"content":{"rendered":"\n<p>El grupo Joan Roig nace como un punto de encuentro para todos los j\u00f3venes adultos (24-35 a\u00f1os) de las diferentes realidades, carismas y movimientos de la Iglesia de Barcelona. Desde la oraci\u00f3n y con misi\u00f3n prof\u00e9tica, el grupo Joan Roig quiere ser una comunidad que articula pensamiento y busca criterio. Fieles a su patr\u00f3n, el Beato Joan Roig, el anhelo del grupo es transformar el mundo desde el amor y a partir del estudio de la Doctrina Social de la Iglesia.<\/p>\n\n\n\n\n\n<p><\/p>\n\n\n\n<p><\/p>\n\n\n\n<h2 class=\"wp-block-heading\"><strong>Grupo Joan Roig: una peque\u00f1a revoluci\u00f3n social en la Iglesia de Barcelona<\/strong><\/h2>\n\n\n\n<p>El 16 de diciembre de 2020, algo se empez\u00f3 a mover en la Iglesia de Barcelona. Una chispa, encendida en el Seminario Conciliar de Barcelona; un mes despu\u00e9s de la beatificaci\u00f3n de Joan Roig y Diggle (1917-1936), m\u00e1rtir, \u201crevolucionario de la ternura y del perd\u00f3n\u201d, en palabras del cardenal Omella.<\/p>\n\n\n\n<p>Aquel 16 de diciembre, un grupo de j\u00f3venes \u2014unos finalizando sus estudios superiores, otros iniciando los primeros pasos de su carrera profesional, pero <em>millennials <\/em>al fin y al cabo\u2014, movidos por el anhelo de llevar el mensaje de Cristo a la vida p\u00fablica y por la b\u00fasqueda del bien com\u00fan, mediante los instrumentos que facilita el Magisterio, especialmente la Doctrina Social de la Iglesia, desde una vertiente eminentemente pr\u00e1ctica, constatan el principio de una comunidad que abrazaba una nueva generaci\u00f3n de fieles, decidida a transformar la sociedad a partir del Evangelio.<\/p>\n\n\n\n<p>Era una chispa la que se encend\u00eda un d\u00eda de diciembre de 2020. Una chispa que quer\u00eda llevar fuego al mundo: el Grupo Joan Roig. Para llevarlo a Cristo.<\/p>\n\n\n\n<h2 class=\"wp-block-heading\">Obispo Toni<\/h2>\n\n\n\n<p>\u00abDesde la plegaria y con misi\u00f3n prof\u00e9tica, el Grupo Joan Roig busca ser una comunidad que articula pensamiento y busca criterio\u00bb<em>.<\/em><\/p>\n\n\n\n<p>Las palabras del obispo Antonio Vadell definen muy bien lo que buscamos en este grupo. Desde aquel momento en que lo creamos, hemos ido organizando una serie de ciclos de formaci\u00f3n, impartidos en la sede de la Delegaci\u00f3n de Juventud de Barcelona. Las charlas siempre han seguido un mismo patr\u00f3n: adoraci\u00f3n, ponencia, creaci\u00f3n de grupos, puesta en com\u00fan del contenido de la charla y clausura. Y, si la situaci\u00f3n sanitaria lo permit\u00eda, acompa\u00f1adas de una buena cena.<\/p>\n\n\n\n<p>El esp\u00edritu de fraternidad cuaj\u00f3 tanto que r\u00e1pidamente sali\u00f3 un encuentro formativo y de recreo el fin de semana del 30 de abril al 2 de mayo de 2021 en la finca de Can Morat\u00f3 (Llagostera) y una peregrinaci\u00f3n, siguiendo los pasos del ap\u00f3stol Santiago, los d\u00edas 20 al 27 de agosto de 2021. Sin olvidar la salida en procesi\u00f3n que se organiz\u00f3 desde la parroquia de Santa Maria de Badalona, hasta Sant Pere del Masnou, el 11 de septiembre de 2021, donde reposan los restos de Joan Roig, nuestro patr\u00f3n. Todos estos d\u00edas han sido momentos de oraci\u00f3n, recogimiento y manifestaciones de amistad: comuni\u00f3n en el amor y uni\u00f3n en la misi\u00f3n.<\/p>\n\n\n\n<h2 class=\"wp-block-heading\">Hacia d\u00f3nde vamos<\/h2>\n\n\n\n<p>Nos encontramos, pues, en los inicios: la chispa, despacio, va deviniendo fuego, siguiendo las palabras de Jes\u00fas, que quer\u00eda prender fuego a toda la tierra. El fuego de su amor. Empezando por nuestro coraz\u00f3n. Es esto lo que nos ense\u00f1a el Grupo Joan Roig: a crecer desde dentro, mirando afuera, y buscando ser santos en el lugar que Dios nos haya querido poner. Es un deseo de transformar el mundo, inspirados por el Amor de Dios, que es amor como vocaci\u00f3n. Y \u00bfqu\u00e9 es m\u00e1s revolucionario, parafraseando al cardenal Omella, que el amor que sabe perdonar, incluso a los propios verdugos, como lo hizo el beato Joan Roig?<\/p>\n\n\n\n<p><br><em>\u00abGod is with me<\/em>\u00ab, asegur\u00f3 el beato, mientras se lo llevaban para ser fusilado. \u201cDios est\u00e1 conmigo\u201d. Hoy, parece que, desde el Cielo, nos diga: \u201c<em>God is with you<\/em>\u201d. Dios est\u00e1 con nosotros, con los que queremos revolucionar con su Amor y volverlo \u00c9l.<\/p>\n\n\n\n<p class=\"has-text-align-right\"><strong>Joven adulto del Grupo Joan Roig<\/strong><\/p>\n\n\n\n<hr class=\"wp-block-separator has-alpha-channel-opacity\"\/>\n\n\n\n<div style=\"height:37px\" aria-hidden=\"true\" class=\"wp-block-spacer\"><\/div>\n\n\n\n<div class=\"wp-block-buttons is-content-justification-center is-layout-flex wp-container-core-buttons-is-layout-16018d1d wp-block-buttons-is-layout-flex\">\n<div class=\"wp-block-button\"><a class=\"wp-block-button__link wp-element-button\" href=\"https:\/\/esglesiajove.barcelona\/grup-joan-roig-joves-adults\/\" target=\"_blank\" rel=\"noreferrer noopener\">Grup Joan Roig<\/a><\/div>\n<\/div>\n","protected":false},"excerpt":{"rendered":"<p>El grupo Joan Roig nace como un punto de encuentro para todos los j\u00f3venes adultos (24-35 a\u00f1os) de las diferentes realidades, carismas y movimientos de la Iglesia de Barcelona. Desde&#8230;<\/p>\n","protected":false},"author":1,"featured_media":6334,"comment_status":"closed","ping_status":"closed","sticky":false,"template":"","format":"standard","meta":{"inline_featured_image":false,"footnotes":""},"categories":[56],"tags":[],"class_list":{"0":"post-7343","1":"post","2":"type-post","3":"status-publish","4":"format-standard","5":"has-post-thumbnail","7":"category-articles"},"_links":{"self":[{"href":"https:\/\/esglesiajove.barcelona\/es\/wp-json\/wp\/v2\/posts\/7343","targetHints":{"allow":["GET"]}}],"collection":[{"href":"https:\/\/esglesiajove.barcelona\/es\/wp-json\/wp\/v2\/posts"}],"about":[{"href":"https:\/\/esglesiajove.barcelona\/es\/wp-json\/wp\/v2\/types\/post"}],"author":[{"embeddable":true,"href":"https:\/\/esglesiajove.barcelona\/es\/wp-json\/wp\/v2\/users\/1"}],"replies":[{"embeddable":true,"href":"https:\/\/esglesiajove.barcelona\/es\/wp-json\/wp\/v2\/comments?post=7343"}],"version-history":[{"count":0,"href":"https:\/\/esglesiajove.barcelona\/es\/wp-json\/wp\/v2\/posts\/7343\/revisions"}],"wp:featuredmedia":[{"embeddable":true,"href":"https:\/\/esglesiajove.barcelona\/es\/wp-json\/wp\/v2\/media\/6334"}],"wp:attachment":[{"href":"https:\/\/esglesiajove.barcelona\/es\/wp-json\/wp\/v2\/media?parent=7343"}],"wp:term":[{"taxonomy":"category","embeddable":true,"href":"https:\/\/esglesiajove.barcelona\/es\/wp-json\/wp\/v2\/categories?post=7343"},{"taxonomy":"post_tag","embeddable":true,"href":"https:\/\/esglesiajove.barcelona\/es\/wp-json\/wp\/v2\/tags?post=7343"}],"curies":[{"name":"wp","href":"https:\/\/api.w.org\/{rel}","templated":true}]}}