{"id":7344,"date":"2021-12-20T19:55:00","date_gmt":"2021-12-20T18:55:00","guid":{"rendered":"https:\/\/esglesiajove.barcelona\/vela-de-oracion-por-el-obispo-toni\/"},"modified":"2021-12-20T17:13:00","modified_gmt":"2021-12-20T16:13:00","slug":"vela-de-oracion-por-el-obispo-toni","status":"publish","type":"post","link":"https:\/\/esglesiajove.barcelona\/es\/vela-de-oracion-por-el-obispo-toni\/","title":{"rendered":"Vela de oraci\u00f3n por el Obispo Toni"},"content":{"rendered":"\n<p class=\"has-text-color\" style=\"color:#717171\">El Santuario de Nostra Senyora del Sagrat Cor lleno. M\u00e1s de 10.000 personas conectadas por <em>streaming<\/em>. As\u00ed fue la vela de oraci\u00f3n por el Obispo Toni Vadell.<\/p>\n\n\n\n<p class=\"has-text-color\" style=\"color:#717171\"><\/p>\n\n\n\n\n\n<p><\/p>\n\n\n\n<p>Llego al Santuario de Nostra Senyora del Sagrat Cor un poco trastornado, inquieto, nervioso. Como con una piedra en el est\u00f3mago y el coraz\u00f3n en la boca. Esta ma\u00f1ana el Obispo Toni ha tenido una complicaci\u00f3n m\u00e9dica que ha ido empeorando a lo largo del d\u00eda y, por lo que dicen, su salud es ahora mismo muy delicada. El pensamiento de que puede morir hoy mismo me entristece. De hecho, llevo todo el d\u00eda con los ojos h\u00famedos y en m\u00e1s de un momento he roto a llorar. Me siento en el banco y oigo c\u00f3mo el cardenal Juan Jos\u00e9 va dirigiendo la oraci\u00f3n, haciendo ratos de silencio y leyendo de vez en cuando alg\u00fan texto. El templo est\u00e1 atestado, el Sant\u00edsimo nos preside y nos une en la oraci\u00f3n. Una mujer a mi lado llora silenciosamente y le ofrezco un pa\u00f1uelo de un paquete que me han regalado horas antes. Constato una vez m\u00e1s cu\u00e1n bonita es la Providencia.<\/p>\n\n\n\n<h2 class=\"wp-block-heading\">La experiencia en el santuario<\/h2>\n\n\n\n<p>A medida que van pasando las horas, la vela es larga, voy levantando la cabeza y voy reconociendo rostros conocidos. Aqu\u00ed detr\u00e1s tengo a Marc, veo a Vicky m\u00e1s adelante y unos bancos a mano izquierda a M\u00edriam. Me admira cu\u00e1n querido es nuestro pastor que nos re\u00fane. Gracias Se\u00f1or por darnos la comunidad, donde encontramos descanso y consuelo. La m\u00fasica nos acompa\u00f1a y gu\u00eda nuestra oraci\u00f3n. La canci\u00f3n <em>Me rindo<\/em> me toca el coraz\u00f3n, particularmente cuando repetimos una y otra vez el \u201cque se haga en m\u00ed tu voluntad\u201d. Me doy cuenta que mi oraci\u00f3n ha ido cambiando desde que llegu\u00e9 a las ocho y media. Ya no rezo solamente para que se haga el milagro por la intercesi\u00f3n del Beato Joan Roig. Rezo para que, aqu\u00ed y ahora, se haga siempre la voluntad del Se\u00f1or y \u00c9l me d\u00e9 la gracia para aceptarla y amarla. Tanto si el Se\u00f1or quiere sanar a nuestro querido Obispo Toni, como si lo quiere con \u00c9l, que se haga siempre su voluntad.<\/p>\n\n\n\n<p>Admito que me sorprendo a m\u00ed mismo. En poco m\u00e1s de tres horas ha cambiado no solo mi oraci\u00f3n, sino la disposici\u00f3n de mi coraz\u00f3n. A pesar de que sigo triste, estoy sereno y me siento muy acompa\u00f1ado. Y juzgando por lo que veo alrededor, pienso que no soy el \u00fanico. Me llena de alegr\u00eda ver c\u00f3mo la Iglesia de Barcelona ha respondido de manera tan r\u00e1pida y contundente al llamamiento a rezar por el Obispo Toni, que debe de estar a poco m\u00e1s de 100 metros de donde estamos nosotros. Siento que lo estamos acompa\u00f1ando, sosteniendo y queriendo, para aquello que venga despu\u00e9s, sea lo que sea.<\/p>\n\n\n\n<p>Se\u00f1or, qu\u00e9 pasada. La fe (\/\u2019*f\u0259\/, con acento de Mallorca) es un regalazo.<\/p>\n\n\n\n<p class=\"has-text-align-right\"><strong>Joven amigo del Bisbe Toni<\/strong><\/p>\n\n\n\n<figure class=\"wp-block-embed is-type-video is-provider-youtube wp-block-embed-youtube wp-embed-aspect-16-9 wp-has-aspect-ratio\"><div class=\"wp-block-embed__wrapper\">\n<iframe loading=\"lazy\" title=\"Vetlla de Preg\u00e0ria pel Bisbe Toni Vadell\" width=\"1080\" height=\"608\" src=\"https:\/\/www.youtube.com\/embed\/K4zQrRV7dQk?feature=oembed\" frameborder=\"0\" allow=\"accelerometer; autoplay; clipboard-write; encrypted-media; gyroscope; picture-in-picture; web-share\" referrerpolicy=\"strict-origin-when-cross-origin\" allowfullscreen><\/iframe>\n<\/div><\/figure>\n","protected":false},"excerpt":{"rendered":"<p>El Santuario de Nostra Senyora del Sagrat Cor lleno. M\u00e1s de 10.000 personas conectadas por streaming. As\u00ed fue la vela de oraci\u00f3n por el Obispo Toni Vadell. Llego al Santuario&#8230;<\/p>\n","protected":false},"author":1,"featured_media":6318,"comment_status":"closed","ping_status":"closed","sticky":false,"template":"","format":"standard","meta":{"inline_featured_image":false,"footnotes":""},"categories":[],"tags":[],"class_list":["post-7344","post","type-post","status-publish","format-standard","has-post-thumbnail"],"_links":{"self":[{"href":"https:\/\/esglesiajove.barcelona\/es\/wp-json\/wp\/v2\/posts\/7344","targetHints":{"allow":["GET"]}}],"collection":[{"href":"https:\/\/esglesiajove.barcelona\/es\/wp-json\/wp\/v2\/posts"}],"about":[{"href":"https:\/\/esglesiajove.barcelona\/es\/wp-json\/wp\/v2\/types\/post"}],"author":[{"embeddable":true,"href":"https:\/\/esglesiajove.barcelona\/es\/wp-json\/wp\/v2\/users\/1"}],"replies":[{"embeddable":true,"href":"https:\/\/esglesiajove.barcelona\/es\/wp-json\/wp\/v2\/comments?post=7344"}],"version-history":[{"count":0,"href":"https:\/\/esglesiajove.barcelona\/es\/wp-json\/wp\/v2\/posts\/7344\/revisions"}],"wp:featuredmedia":[{"embeddable":true,"href":"https:\/\/esglesiajove.barcelona\/es\/wp-json\/wp\/v2\/media\/6318"}],"wp:attachment":[{"href":"https:\/\/esglesiajove.barcelona\/es\/wp-json\/wp\/v2\/media?parent=7344"}],"wp:term":[{"taxonomy":"category","embeddable":true,"href":"https:\/\/esglesiajove.barcelona\/es\/wp-json\/wp\/v2\/categories?post=7344"},{"taxonomy":"post_tag","embeddable":true,"href":"https:\/\/esglesiajove.barcelona\/es\/wp-json\/wp\/v2\/tags?post=7344"}],"curies":[{"name":"wp","href":"https:\/\/api.w.org\/{rel}","templated":true}]}}