{"id":7345,"date":"2022-01-20T15:44:00","date_gmt":"2022-01-20T14:44:00","guid":{"rendered":"https:\/\/esglesiajove.barcelona\/capellanes-acompanantes-de-jovenes-fran-ramirez\/"},"modified":"2024-11-14T14:11:27","modified_gmt":"2024-11-14T13:11:27","slug":"capellanes-acompanantes-de-jovenes-fran-ramirez","status":"publish","type":"post","link":"https:\/\/esglesiajove.barcelona\/es\/capellanes-acompanantes-de-jovenes-fran-ramirez\/","title":{"rendered":"Capellanes acompa\u00f1antes de J\u00f3venes. Fran Ram\u00edrez"},"content":{"rendered":"\n<p>El pasado 20 de enero tuvimos un encuentro de todos los sacerdotes acompa\u00f1antes de j\u00f3venes de Barcelona, convocada por el cardenal Omella. All\u00ed escuchamos a Fran Ram\u00edrez, responsable del sector de j\u00f3venes de la <a href=\"https:\/\/www.accioncatolicageneral.es\" target=\"_blank\" rel=\"noopener\">Acci\u00f3n Cat\u00f3lica General en Espa\u00f1a<\/a>.<\/p>\n\n\n\n\n\n<p><\/p>\n\n\n\n<div class=\"wp-block-columns is-layout-flex wp-container-core-columns-is-layout-9d6595d7 wp-block-columns-is-layout-flex\">\n<div class=\"wp-block-column is-layout-flow wp-block-column-is-layout-flow\" style=\"flex-basis:66.66%\">\n<p>La comunidad y el acompa\u00f1amiento con los j\u00f3venes.<\/p>\n\n\n\n<p>El encuentro de sacerdotes que acompa\u00f1an a j\u00f3venes, convocado por nuestro cardenal Omella, tuvo lugar en el Seminario Conciliar de nuestra di\u00f3cesis el jueves 20 de enero. Los asistentes eran en su mayor\u00eda sacerdotes, pero tambi\u00e9n hab\u00eda di\u00e1conos y seminaristas.<\/p>\n\n\n\n<p>Fran Ram\u00edrez, responsable del sector de j\u00f3venes de la Acci\u00f3n Cat\u00f3lica General en Espa\u00f1a, inici\u00f3 el encuentro con su presentaci\u00f3n haciendo mucho \u00e9nfasis en dos aspectos relacionados con los j\u00f3venes: la peque\u00f1a comunidad y el acompa\u00f1amiento. Antes de empezar con las formalidades que pueden haber en el planteamiento de estas realidades, en Fran nos anim\u00f3 a todos a tener claras cuatro ideas:<\/p>\n<\/div>\n\n\n\n<div class=\"wp-block-column is-layout-flow wp-block-column-is-layout-flow\" style=\"flex-basis:33.33%\">\n<figure class=\"wp-block-image size-large\"><img decoding=\"async\" src=\"https:\/\/esglesiajove.barcelona\/wp-content\/uploads\/2024\/11\/IMG_4478.jpg\" alt=\"\" class=\"wp-image-19087\"\/><\/figure>\n<\/div>\n<\/div>\n\n\n\n<h3 class=\"wp-block-heading\">Las ideas<\/h3>\n\n\n\n<ul class=\"wp-block-list\">\n<li>Querer a los j\u00f3venes y apasionarnos siempre con ellos y sus realidades.<\/li>\n\n\n\n<li>Ser responsables y trabajar propuestas serias, no improvisando.<\/li>\n\n\n\n<li>Sonrisa y ser positivos.<\/li>\n\n\n\n<li>No cansarse nunca de volver a empezar.<\/li>\n<\/ul>\n\n\n\n<p>A menudo nos podemos acostumbrar a no tener en cuenta estos aspectos, que pueden parecer de lo m\u00e1s sencillo y obvio. Aun as\u00ed no va mal que de vez en cuando vayamos haciendo repaso de si los cumplimos o no. Tal y como dice el papa Francisco en la <em>Christus Vivit<\/em>,&nbsp;<\/p>\n\n\n\n<blockquote class=\"wp-block-quote is-layout-flow wp-block-quote-is-layout-flow\">\n<p><em><strong>\u00ab<\/strong><\/em><strong>En&nbsp;los&nbsp;j\u00f3venes&nbsp;tambi\u00e9n&nbsp;est\u00e1n&nbsp;los&nbsp;golpes,&nbsp;los&nbsp;fracasos,&nbsp;los&nbsp;recuerdos&nbsp;tristes&nbsp;clavados&nbsp;en el&nbsp;alma<\/strong><em><strong>\u00bb&nbsp;<\/strong><\/em><\/p>\n<cite><em>Christus Vivit<\/em>, 83. <\/cite><\/blockquote>\n\n\n\n<p>Esto nos tiene que hacer ser conscientes a los sacerdotes de que Jes\u00fas se hace presente en las cruces de los j\u00f3venes, en aquellas cruces que por ellos son tan significativas y duras. Por este motivo, nuestra tarea como pastores o acompa\u00f1antes de los j\u00f3venes tiene que ser siempre activa y positiva: trabajar con ellos, re\u00edr con ellos y sufrir con ellos para que puedan encontrar en la Iglesia una comunidad donde encontrarse querido y acompa\u00f1ado.<\/p>\n\n\n\n<p>En esta l\u00ednea, Fran nos invita a potenciar y encaminar a los j\u00f3venes a un encuentro personal y real con Jes\u00fas, un encuentro que los haga arraigar en la persona de Cristo. Tenemos que procurar pensar alguna manera de trabajar los procesos de formaci\u00f3n de los j\u00f3venes para que puedan darse cuenta de que no es imposible conocer a Dios, encontrarse con el Amor y la Vida. Un aspecto que lleg\u00f3 a destacar en Fran fue la importancia de transmitir que la santidad se consigue en el d\u00eda a d\u00eda, no en cosas extraordinarias que quiz\u00e1s yo nunca llegar\u00eda a hacer, sino en las tareas cotidianas: en el estudio, el trabajo, el deporte\u2026<\/p>\n\n\n\n<h3 class=\"wp-block-heading\">Adem\u00e1s de esto<\/h3>\n\n\n\n<p>Adem\u00e1s, se remarc\u00f3 la necesidad del acompa\u00f1amiento de los j\u00f3venes hoy en d\u00eda. Los j\u00f3venes que hoy est\u00e9n muy acompa\u00f1ados y formados, con una fe profunda y experiencial en Jes\u00fas, podr\u00e1n, m\u00e1s adelante, ser unos agentes pastorales excelentes para la generaci\u00f3n siguiente. Y alert\u00f3 de que es urgente que nosotros nos esforcemos para formar lo mejor posible a los j\u00f3venes hoy. Uno de los aspectos que resalt\u00f3 en la formaci\u00f3n y el acompa\u00f1amiento es la importancia de la oraci\u00f3n, una oraci\u00f3n constante y personal.<\/p>\n\n\n\n<p>Este di\u00e1logo constante con el Se\u00f1or, el hecho de necesitar hablar con Dios y de encontrarse con \u00c9l, tiene que ser el motor de evangelizaci\u00f3n de los j\u00f3venes y para los j\u00f3venes. Esto s\u00ed, evitando qued\u00e1rnoslo todo para nosotros, es decir, \u00aben salida\u00bb. No podemos pretender que todo lo que hemos recibido y cultivamos sea solo para la comunidad donde nos encontramos: tenemos que llevar a Cristo y la experiencia que hemos tenido con \u00c9l a todo el mundo.<\/p>\n\n\n\n<p>Posteriormente, Mn. Carlos present\u00f3 la preparaci\u00f3n de la JMJ de Lisboa del a\u00f1o 2023; puede parecer que todav\u00eda queda mucho, pero se ha apostado para preparar lo mejor posible este evento, que ha sido la c\u00faspide de cualquier encuentro mundial con j\u00f3venes en la Iglesia desde que san Juan Pablo II las inici\u00f3.<\/p>\n\n\n\n<h3 class=\"wp-block-heading\">Mn. Ferran Lorda<\/h3>\n\n\n\n<p>Mn. Ferran Lorda dio su testimonio con relaci\u00f3n a todo lo que supone para una comunidad organizar una peregrinaci\u00f3n de estas dimensiones. Las experiencias vividas, el camino compartido, los contratiempos, las heridas y lesiones, la satisfacci\u00f3n de llegar al destino\u2026 Todas y cada una de estas y muchas m\u00e1s experiencias hacen que los j\u00f3venes descubran la fuerza y la comuni\u00f3n del Esp\u00edritu. \u00c9l sopla en nuestra Iglesia guiada por el Papa y camina con todos nosotros.<\/p>\n\n\n\n<p>Finalmente, Mn. Bruno, como antiguo delegado de la Delegaci\u00f3n de J\u00f3venes, ahora el Seretariado de Pastoral con J\u00f3venes, relat\u00f3 tambi\u00e9n todo lo que supone organizar una peregrinaci\u00f3n de estas dimensiones para un grupo de m\u00e1s de 400 j\u00f3venes. En pocas palabras podemos resumir que es el Esp\u00edritu quien acaba organizando el viaje, a pesar de que es fundamental prepararlo todo lo mejor posible. Esta es la belleza de nuestra Iglesia, la sinodalidad llevada a la pr\u00e1ctica.<\/p>\n\n\n\n<p><\/p>\n\n\n\n<p class=\"has-text-align-right\"><strong>Mn. Alfons de Alarc\u00f3n<\/strong><\/p>\n\n\n\n<p class=\"has-text-align-right\"><strong>Parroquia Santa Maria Mitjancera de Totes les Gr\u00e0cies<\/strong><\/p>\n\n\n\n<figure class=\"wp-block-gallery has-nested-images columns-default is-cropped wp-block-gallery-1 is-layout-flex wp-block-gallery-is-layout-flex\">\n<figure class=\"wp-block-image size-large\"><a href=\"https:\/\/esglesiajove.barcelona\/trobada-capellans-acompany\/img_4471\/\" target=\"_blank\" rel=\"noopener\"><img decoding=\"async\" data-id=\"19079\" src=\"https:\/\/esglesiajove.barcelona\/wp-content\/uploads\/2024\/11\/IMG_4471.jpg\" alt=\"capellans joves\" class=\"wp-image-19079\"\/><\/a><\/figure>\n\n\n\n<figure class=\"wp-block-image size-large\"><a href=\"https:\/\/esglesiajove.barcelona\/trobada-capellans-acompany\/img_4474\/\" target=\"_blank\" rel=\"noopener\"><img decoding=\"async\" data-id=\"19083\" src=\"https:\/\/esglesiajove.barcelona\/wp-content\/uploads\/2024\/11\/IMG_4474.jpg\" alt=\"capellans joves\" class=\"wp-image-19083\"\/><\/a><\/figure>\n\n\n\n<figure class=\"wp-block-image size-large\"><a href=\"https:\/\/esglesiajove.barcelona\/trobada-capellans-acompany\/img_4475\/\" target=\"_blank\" rel=\"noopener\"><img decoding=\"async\" data-id=\"19084\" src=\"https:\/\/esglesiajove.barcelona\/wp-content\/uploads\/2024\/11\/IMG_4475-scaled-1.jpg\" alt=\"capellans joves\" class=\"wp-image-19084\"\/><\/a><\/figure>\n\n\n\n<figure class=\"wp-block-image size-large\"><a href=\"https:\/\/esglesiajove.barcelona\/trobada-capellans-acompany\/img_4476\/\" target=\"_blank\" rel=\"noopener\"><img decoding=\"async\" data-id=\"19085\" src=\"https:\/\/esglesiajove.barcelona\/wp-content\/uploads\/2024\/11\/IMG_4476.jpg\" alt=\"capellans joves\" class=\"wp-image-19085\"\/><\/a><\/figure>\n\n\n\n<figure class=\"wp-block-image size-large\"><a href=\"https:\/\/esglesiajove.barcelona\/trobada-capellans-acompany\/img_4477\/\" target=\"_blank\" rel=\"noopener\"><img decoding=\"async\" data-id=\"19086\" src=\"https:\/\/esglesiajove.barcelona\/wp-content\/uploads\/2024\/11\/IMG_4477.jpg\" alt=\"capellans joves\" class=\"wp-image-19086\"\/><\/a><\/figure>\n\n\n\n<figure class=\"wp-block-image size-large\"><a href=\"https:\/\/esglesiajove.barcelona\/trobada-capellans-acompany\/img_4478\/\" target=\"_blank\" rel=\"noopener\"><img decoding=\"async\" data-id=\"19087\" src=\"https:\/\/esglesiajove.barcelona\/wp-content\/uploads\/2024\/11\/IMG_4478.jpg\" alt=\"capellans joves\" class=\"wp-image-19087\"\/><\/a><\/figure>\n<\/figure>\n\n\n\n<hr class=\"wp-block-separator has-alpha-channel-opacity\"\/>\n\n\n\n<div style=\"height:37px\" aria-hidden=\"true\" class=\"wp-block-spacer\"><\/div>\n\n\n\n<div class=\"wp-block-buttons is-content-justification-center is-layout-flex wp-container-core-buttons-is-layout-16018d1d wp-block-buttons-is-layout-flex\">\n<div class=\"wp-block-button\"><a class=\"wp-block-button__link wp-element-button\" href=\"https:\/\/esglesiajove.barcelona\/ha-passat\/\">M\u00e9s not\u00edcies<\/a><\/div>\n<\/div>\n","protected":false},"excerpt":{"rendered":"<p>El pasado 20 de enero tuvimos un encuentro de todos los sacerdotes acompa\u00f1antes de j\u00f3venes de Barcelona, convocada por el cardenal Omella. All\u00ed escuchamos a Fran Ram\u00edrez, responsable del sector&#8230;<\/p>\n","protected":false},"author":1,"featured_media":6335,"comment_status":"closed","ping_status":"closed","sticky":false,"template":"","format":"standard","meta":{"inline_featured_image":false,"footnotes":""},"categories":[],"tags":[],"class_list":["post-7345","post","type-post","status-publish","format-standard","has-post-thumbnail"],"_links":{"self":[{"href":"https:\/\/esglesiajove.barcelona\/es\/wp-json\/wp\/v2\/posts\/7345","targetHints":{"allow":["GET"]}}],"collection":[{"href":"https:\/\/esglesiajove.barcelona\/es\/wp-json\/wp\/v2\/posts"}],"about":[{"href":"https:\/\/esglesiajove.barcelona\/es\/wp-json\/wp\/v2\/types\/post"}],"author":[{"embeddable":true,"href":"https:\/\/esglesiajove.barcelona\/es\/wp-json\/wp\/v2\/users\/1"}],"replies":[{"embeddable":true,"href":"https:\/\/esglesiajove.barcelona\/es\/wp-json\/wp\/v2\/comments?post=7345"}],"version-history":[{"count":1,"href":"https:\/\/esglesiajove.barcelona\/es\/wp-json\/wp\/v2\/posts\/7345\/revisions"}],"predecessor-version":[{"id":7346,"href":"https:\/\/esglesiajove.barcelona\/es\/wp-json\/wp\/v2\/posts\/7345\/revisions\/7346"}],"wp:featuredmedia":[{"embeddable":true,"href":"https:\/\/esglesiajove.barcelona\/es\/wp-json\/wp\/v2\/media\/6335"}],"wp:attachment":[{"href":"https:\/\/esglesiajove.barcelona\/es\/wp-json\/wp\/v2\/media?parent=7345"}],"wp:term":[{"taxonomy":"category","embeddable":true,"href":"https:\/\/esglesiajove.barcelona\/es\/wp-json\/wp\/v2\/categories?post=7345"},{"taxonomy":"post_tag","embeddable":true,"href":"https:\/\/esglesiajove.barcelona\/es\/wp-json\/wp\/v2\/tags?post=7345"}],"curies":[{"name":"wp","href":"https:\/\/api.w.org\/{rel}","templated":true}]}}