{"id":7405,"date":"2024-11-04T14:18:23","date_gmt":"2024-11-04T13:18:23","guid":{"rendered":"https:\/\/esglesiajove.barcelona\/connecta-inicio-de-curso\/"},"modified":"2025-01-08T11:03:21","modified_gmt":"2025-01-08T10:03:21","slug":"connecta-inicio-de-curso","status":"publish","type":"post","link":"https:\/\/esglesiajove.barcelona\/es\/connecta-inicio-de-curso\/","title":{"rendered":"Connecta: Inicio de curso"},"content":{"rendered":"\n<h4 class=\"wp-block-heading\">Hasta 120 j\u00f3venes de entre 14 y 17 a\u00f1os asistieron el pasado fin de semana a <em>Connecta<\/em>, la jornada que cada a\u00f1o da comienzo a las actividades con adolescentes.<\/h4>\n\n\n\n<p>Este curso, la din\u00e1mica consisti\u00f3 en subir a pie hasta el Santuario del Tibidabo. El camino estuvo lleno de juegos entre los grupos de distintas parroquias y ratos de reflexi\u00f3n para compartir experiencias. <\/p>\n\n\n\n<p>El d\u00eda termin\u00f3 con un rato de adoraci\u00f3n en el santuario para conectar con el Se\u00f1or.  <\/p>\n\n\n\n<p>\u00bfTienes curiosidad por saber <strong>c\u00f3mo y por qu\u00e9 surgi\u00f3 Connecta?<\/strong> Encuentra toda la informaci\u00f3n sobre nuestros inicios <a href=\"https:\/\/esglesiajove.barcelona\/connecta-fugir-o-afrontar\/\">aqu\u00ed<\/a><\/p>\n\n\n\n\n\n<figure class=\"wp-block-gallery has-nested-images columns-default is-cropped wp-block-gallery-1 is-layout-flex wp-block-gallery-is-layout-flex\">\n<figure class=\"wp-block-image size-full\"><a href=\"https:\/\/esglesiajove.barcelona\/connecta-inici-de-curs\/dsc09823\/\"><img decoding=\"async\" data-id=\"29546\" src=\"https:\/\/esglesiajove.barcelona\/wp-content\/uploads\/2024\/11\/DSC09823-rotated-1.jpg\" alt=\"\" class=\"wp-image-29546\"\/><\/a><\/figure>\n\n\n\n<figure class=\"wp-block-image size-full\"><a href=\"https:\/\/esglesiajove.barcelona\/connecta-inici-de-curs\/dsc09868\/\"><img decoding=\"async\" data-id=\"29544\" src=\"https:\/\/esglesiajove.barcelona\/wp-content\/uploads\/2024\/11\/DSC09868.jpg\" alt=\"\" class=\"wp-image-29544\"\/><\/a><\/figure>\n\n\n\n<figure class=\"wp-block-image size-full\"><a href=\"https:\/\/esglesiajove.barcelona\/connecta-inici-de-curs\/dsc09808\/\"><img decoding=\"async\" data-id=\"29545\" src=\"https:\/\/esglesiajove.barcelona\/wp-content\/uploads\/2024\/11\/DSC09808-rotated-1.jpg\" alt=\"\" class=\"wp-image-29545\"\/><\/a><\/figure>\n\n\n\n<figure class=\"wp-block-image size-full\"><a href=\"https:\/\/esglesiajove.barcelona\/connecta-inici-de-curs\/dsc09838\/\"><img decoding=\"async\" data-id=\"29547\" src=\"https:\/\/esglesiajove.barcelona\/wp-content\/uploads\/2024\/11\/DSC09838-rotated-1.jpg\" alt=\"\" class=\"wp-image-29547\"\/><\/a><\/figure>\n\n\n\n<figure class=\"wp-block-image size-full\"><a href=\"https:\/\/esglesiajove.barcelona\/connecta-inici-de-curs\/dsc09832\/\"><img decoding=\"async\" data-id=\"29549\" src=\"https:\/\/esglesiajove.barcelona\/wp-content\/uploads\/2024\/11\/DSC09832-rotated-1.jpg\" alt=\"\" class=\"wp-image-29549\"\/><\/a><\/figure>\n\n\n\n<figure class=\"wp-block-image size-full\"><a href=\"https:\/\/esglesiajove.barcelona\/connecta-inici-de-curs\/dsc09833\/\"><img decoding=\"async\" data-id=\"29552\" src=\"https:\/\/esglesiajove.barcelona\/wp-content\/uploads\/2024\/11\/DSC09833-rotated-1.jpg\" alt=\"\" class=\"wp-image-29552\"\/><\/a><\/figure>\n\n\n\n<figure class=\"wp-block-image size-full\"><a href=\"https:\/\/esglesiajove.barcelona\/connecta-inici-de-curs\/dsc09919\/\"><img decoding=\"async\" data-id=\"29548\" src=\"https:\/\/esglesiajove.barcelona\/wp-content\/uploads\/2024\/11\/DSC09919-rotated-1.jpg\" alt=\"\" class=\"wp-image-29548\"\/><\/a><\/figure>\n\n\n\n<figure class=\"wp-block-image size-full\"><a href=\"https:\/\/esglesiajove.barcelona\/connecta-inici-de-curs\/dsc09894\/\"><img decoding=\"async\" data-id=\"29537\" src=\"https:\/\/esglesiajove.barcelona\/wp-content\/uploads\/2024\/11\/DSC09894-rotated-1.jpg\" alt=\"\" class=\"wp-image-29537\"\/><\/a><\/figure>\n\n\n\n<figure class=\"wp-block-image size-full\"><a href=\"https:\/\/esglesiajove.barcelona\/connecta-inici-de-curs\/dsc09926\/\"><img decoding=\"async\" data-id=\"29536\" src=\"https:\/\/esglesiajove.barcelona\/wp-content\/uploads\/2024\/11\/DSC09926.jpg\" alt=\"\" class=\"wp-image-29536\"\/><\/a><\/figure>\n\n\n\n<figure class=\"wp-block-image size-full\"><a href=\"https:\/\/esglesiajove.barcelona\/connecta-inici-de-curs\/dsc09862\/\"><img decoding=\"async\" data-id=\"29534\" src=\"https:\/\/esglesiajove.barcelona\/wp-content\/uploads\/2024\/11\/DSC09862-rotated-1.jpg\" alt=\"\" class=\"wp-image-29534\"\/><\/a><\/figure>\n\n\n\n<figure class=\"wp-block-image size-full\"><a href=\"https:\/\/esglesiajove.barcelona\/connecta-inici-de-curs\/dsc09822\/\"><img decoding=\"async\" data-id=\"29539\" src=\"https:\/\/esglesiajove.barcelona\/wp-content\/uploads\/2024\/11\/DSC09822-rotated-1.jpg\" alt=\"\" class=\"wp-image-29539\"\/><\/a><\/figure>\n\n\n\n<figure class=\"wp-block-image size-full\"><a href=\"https:\/\/esglesiajove.barcelona\/connecta-inici-de-curs\/dsc09878\/\"><img decoding=\"async\" data-id=\"29543\" src=\"https:\/\/esglesiajove.barcelona\/wp-content\/uploads\/2024\/11\/DSC09878-rotated-1.jpg\" alt=\"\" class=\"wp-image-29543\"\/><\/a><\/figure>\n\n\n\n<figure class=\"wp-block-image size-full\"><a href=\"https:\/\/esglesiajove.barcelona\/connecta-inici-de-curs\/dsc09783\/\"><img decoding=\"async\" data-id=\"29535\" src=\"https:\/\/esglesiajove.barcelona\/wp-content\/uploads\/2024\/11\/DSC09783-rotated-1.jpg\" alt=\"\" class=\"wp-image-29535\"\/><\/a><\/figure>\n\n\n\n<figure class=\"wp-block-image size-full\"><a href=\"https:\/\/esglesiajove.barcelona\/connecta-inici-de-curs\/dsc09865\/\"><img decoding=\"async\" data-id=\"29540\" src=\"https:\/\/esglesiajove.barcelona\/wp-content\/uploads\/2024\/11\/DSC09865.jpg\" alt=\"\" class=\"wp-image-29540\"\/><\/a><\/figure>\n\n\n\n<figure class=\"wp-block-image size-full\"><a href=\"https:\/\/esglesiajove.barcelona\/connecta-inici-de-curs\/dsc09791\/\"><img decoding=\"async\" data-id=\"29532\" src=\"https:\/\/esglesiajove.barcelona\/wp-content\/uploads\/2024\/11\/DSC09791-rotated-1.jpg\" alt=\"\" class=\"wp-image-29532\"\/><\/a><\/figure>\n\n\n\n<figure class=\"wp-block-image size-full\"><a href=\"https:\/\/esglesiajove.barcelona\/connecta-inici-de-curs\/dsc09800\/\"><img decoding=\"async\" data-id=\"29527\" src=\"https:\/\/esglesiajove.barcelona\/wp-content\/uploads\/2024\/11\/DSC09800.jpg\" alt=\"\" class=\"wp-image-29527\"\/><\/a><\/figure>\n\n\n\n<figure class=\"wp-block-image size-full\"><a href=\"https:\/\/esglesiajove.barcelona\/connecta-inici-de-curs\/dsc09918\/\"><img decoding=\"async\" data-id=\"29530\" src=\"https:\/\/esglesiajove.barcelona\/wp-content\/uploads\/2024\/11\/DSC09918-rotated-1.jpg\" alt=\"\" class=\"wp-image-29530\"\/><\/a><\/figure>\n\n\n\n<figure class=\"wp-block-image size-full\"><a href=\"https:\/\/esglesiajove.barcelona\/connecta-inici-de-curs\/dsc09799\/\"><img decoding=\"async\" data-id=\"29526\" src=\"https:\/\/esglesiajove.barcelona\/wp-content\/uploads\/2024\/11\/DSC09799-rotated-1.jpg\" alt=\"\" class=\"wp-image-29526\"\/><\/a><\/figure>\n\n\n\n<figure class=\"wp-block-image size-full\"><a href=\"https:\/\/esglesiajove.barcelona\/connecta-inici-de-curs\/dsc09937\/\"><img decoding=\"async\" data-id=\"29517\" src=\"https:\/\/esglesiajove.barcelona\/wp-content\/uploads\/2024\/11\/DSC09937-rotated-1.jpg\" alt=\"\" class=\"wp-image-29517\"\/><\/a><\/figure>\n\n\n\n<figure class=\"wp-block-image size-full\"><a href=\"https:\/\/esglesiajove.barcelona\/connecta-inici-de-curs\/dsc09967\/\"><img decoding=\"async\" data-id=\"29518\" src=\"https:\/\/esglesiajove.barcelona\/wp-content\/uploads\/2024\/11\/DSC09967-rotated-1.jpg\" alt=\"\" class=\"wp-image-29518\"\/><\/a><\/figure>\n\n\n\n<figure class=\"wp-block-image size-full\"><a href=\"https:\/\/esglesiajove.barcelona\/connecta-inici-de-curs\/dsc09785\/\"><img decoding=\"async\" data-id=\"29531\" src=\"https:\/\/esglesiajove.barcelona\/wp-content\/uploads\/2024\/11\/DSC09785-rotated-1.jpg\" alt=\"\" class=\"wp-image-29531\"\/><\/a><\/figure>\n\n\n\n<figure class=\"wp-block-image size-full\"><a href=\"https:\/\/esglesiajove.barcelona\/connecta-inici-de-curs\/dsc09853\/\"><img decoding=\"async\" data-id=\"29516\" src=\"https:\/\/esglesiajove.barcelona\/wp-content\/uploads\/2024\/11\/DSC09853-rotated-1.jpg\" alt=\"\" class=\"wp-image-29516\"\/><\/a><\/figure>\n\n\n\n<figure class=\"wp-block-image size-full\"><a href=\"https:\/\/esglesiajove.barcelona\/connecta-inici-de-curs\/dsc09781\/\"><img decoding=\"async\" data-id=\"29519\" src=\"https:\/\/esglesiajove.barcelona\/wp-content\/uploads\/2024\/11\/DSC09781-rotated-1.jpg\" alt=\"\" class=\"wp-image-29519\"\/><\/a><\/figure>\n\n\n\n<figure class=\"wp-block-image size-full\"><a href=\"https:\/\/esglesiajove.barcelona\/connecta-inici-de-curs\/dsc09962\/\"><img decoding=\"async\" data-id=\"29529\" src=\"https:\/\/esglesiajove.barcelona\/wp-content\/uploads\/2024\/11\/DSC09962-rotated-1.jpg\" alt=\"\" class=\"wp-image-29529\"\/><\/a><\/figure>\n\n\n\n<figure class=\"wp-block-image size-full\"><a href=\"https:\/\/esglesiajove.barcelona\/connecta-inici-de-curs\/dsc09774\/\"><img decoding=\"async\" data-id=\"29515\" src=\"https:\/\/esglesiajove.barcelona\/wp-content\/uploads\/2024\/11\/DSC09774-rotated-1.jpg\" alt=\"\" class=\"wp-image-29515\"\/><\/a><\/figure>\n\n\n\n<figure class=\"wp-block-image size-full\"><a href=\"https:\/\/esglesiajove.barcelona\/connecta-inici-de-curs\/dsc09801\/\"><img decoding=\"async\" data-id=\"29512\" src=\"https:\/\/esglesiajove.barcelona\/wp-content\/uploads\/2024\/11\/DSC09801-rotated-1.jpg\" alt=\"\" class=\"wp-image-29512\"\/><\/a><\/figure>\n\n\n\n<figure class=\"wp-block-image size-full\"><a href=\"https:\/\/esglesiajove.barcelona\/connecta-inici-de-curs\/dsc09782\/\"><img decoding=\"async\" data-id=\"29507\" src=\"https:\/\/esglesiajove.barcelona\/wp-content\/uploads\/2024\/11\/DSC09782-rotated-1.jpg\" alt=\"\" class=\"wp-image-29507\"\/><\/a><\/figure>\n\n\n\n<figure class=\"wp-block-image size-full\"><a href=\"https:\/\/esglesiajove.barcelona\/connecta-inici-de-curs\/dsc09830\/\"><img decoding=\"async\" data-id=\"29505\" src=\"https:\/\/esglesiajove.barcelona\/wp-content\/uploads\/2024\/11\/DSC09830-rotated-1.jpg\" alt=\"\" class=\"wp-image-29505\"\/><\/a><\/figure>\n\n\n\n<figure class=\"wp-block-image size-full\"><a href=\"https:\/\/esglesiajove.barcelona\/connecta-inici-de-curs\/dsc09969\/\"><img decoding=\"async\" data-id=\"29504\" src=\"https:\/\/esglesiajove.barcelona\/wp-content\/uploads\/2024\/11\/DSC09969.jpg\" alt=\"\" class=\"wp-image-29504\"\/><\/a><\/figure>\n\n\n\n<figure class=\"wp-block-image size-full\"><a href=\"https:\/\/esglesiajove.barcelona\/connecta-inici-de-curs\/dsc09786\/\"><img decoding=\"async\" data-id=\"29503\" src=\"https:\/\/esglesiajove.barcelona\/wp-content\/uploads\/2024\/11\/DSC09786-rotated-1.jpg\" alt=\"\" class=\"wp-image-29503\"\/><\/a><\/figure>\n\n\n\n<figure class=\"wp-block-image size-full\"><a href=\"https:\/\/esglesiajove.barcelona\/connecta-inici-de-curs\/dsc09806\/\"><img decoding=\"async\" data-id=\"29514\" src=\"https:\/\/esglesiajove.barcelona\/wp-content\/uploads\/2024\/11\/DSC09806-rotated-1.jpg\" alt=\"Connecta\" class=\"wp-image-29514\"\/><\/a><\/figure>\n\n\n\n<figure class=\"wp-block-image size-full\"><a href=\"https:\/\/esglesiajove.barcelona\/connecta-inici-de-curs\/dsc09778\/\"><img decoding=\"async\" data-id=\"29511\" src=\"https:\/\/esglesiajove.barcelona\/wp-content\/uploads\/2024\/11\/DSC09778-rotated-1.jpg\" alt=\"Connecta\" class=\"wp-image-29511\"\/><\/a><\/figure>\n\n\n\n<figure class=\"wp-block-image size-full\"><a href=\"https:\/\/esglesiajove.barcelona\/connecta-inici-de-curs\/dsc09928\/\"><img decoding=\"async\" data-id=\"29501\" src=\"https:\/\/esglesiajove.barcelona\/wp-content\/uploads\/2024\/11\/DSC09928-rotated-1.jpg\" alt=\"Connecta\" class=\"wp-image-29501\"\/><\/a><\/figure>\n\n\n\n<figure class=\"wp-block-image size-full\"><a href=\"https:\/\/esglesiajove.barcelona\/connecta-inici-de-curs\/dsc09970\/\"><img decoding=\"async\" data-id=\"29498\" src=\"https:\/\/esglesiajove.barcelona\/wp-content\/uploads\/2024\/11\/DSC09970-rotated-1.jpg\" alt=\"\" class=\"wp-image-29498\"\/><\/a><\/figure>\n\n\n\n<figure class=\"wp-block-image size-full\"><a href=\"https:\/\/esglesiajove.barcelona\/connecta-inici-de-curs\/dsc09982\/\"><img decoding=\"async\" data-id=\"29496\" src=\"https:\/\/esglesiajove.barcelona\/wp-content\/uploads\/2024\/11\/DSC09982.jpg\" alt=\"\" class=\"wp-image-29496\"\/><\/a><\/figure>\n\n\n\n<figure class=\"wp-block-image size-full\"><a href=\"https:\/\/esglesiajove.barcelona\/connecta-inici-de-curs\/dsc09991\/\"><img decoding=\"async\" data-id=\"29500\" src=\"https:\/\/esglesiajove.barcelona\/wp-content\/uploads\/2024\/11\/DSC09991-rotated-1.jpg\" alt=\"\" class=\"wp-image-29500\"\/><\/a><\/figure>\n\n\n\n<figure class=\"wp-block-image size-full\"><a href=\"https:\/\/esglesiajove.barcelona\/connecta-inici-de-curs\/dsc09861\/\"><img decoding=\"async\" data-id=\"29495\" src=\"https:\/\/esglesiajove.barcelona\/wp-content\/uploads\/2024\/11\/DSC09861-rotated-1.jpg\" alt=\"\" class=\"wp-image-29495\"\/><\/a><\/figure>\n\n\n\n<figure class=\"wp-block-image size-full\"><a href=\"https:\/\/esglesiajove.barcelona\/connecta-inici-de-curs\/dsc00010\/\"><img decoding=\"async\" data-id=\"29491\" src=\"https:\/\/esglesiajove.barcelona\/wp-content\/uploads\/2024\/11\/DSC00010-rotated-1.jpg\" alt=\"\" class=\"wp-image-29491\"\/><\/a><\/figure>\n\n\n\n<figure class=\"wp-block-image size-full\"><a href=\"https:\/\/esglesiajove.barcelona\/connecta-inici-de-curs\/dsc09966\/\"><img decoding=\"async\" data-id=\"29493\" src=\"https:\/\/esglesiajove.barcelona\/wp-content\/uploads\/2024\/11\/DSC09966-rotated-1.jpg\" alt=\"\" class=\"wp-image-29493\"\/><\/a><\/figure>\n\n\n\n<figure class=\"wp-block-image size-full\"><a href=\"https:\/\/esglesiajove.barcelona\/connecta-inici-de-curs\/dsc09943\/\"><img decoding=\"async\" data-id=\"29553\" src=\"https:\/\/esglesiajove.barcelona\/wp-content\/uploads\/2024\/11\/DSC09943.jpg\" alt=\"\" class=\"wp-image-29553\"\/><\/a><\/figure>\n<\/figure>\n","protected":false},"excerpt":{"rendered":"<p>Hasta 120 j\u00f3venes de entre 14 y 17 a\u00f1os asistieron el pasado fin de semana a Connecta, la jornada que cada a\u00f1o da comienzo a las actividades con adolescentes. Este&#8230;<\/p>\n","protected":false},"author":1,"featured_media":6377,"comment_status":"closed","ping_status":"closed","sticky":false,"template":"","format":"standard","meta":{"inline_featured_image":false,"footnotes":""},"categories":[],"tags":[],"class_list":["post-7405","post","type-post","status-publish","format-standard","has-post-thumbnail"],"_links":{"self":[{"href":"https:\/\/esglesiajove.barcelona\/es\/wp-json\/wp\/v2\/posts\/7405","targetHints":{"allow":["GET"]}}],"collection":[{"href":"https:\/\/esglesiajove.barcelona\/es\/wp-json\/wp\/v2\/posts"}],"about":[{"href":"https:\/\/esglesiajove.barcelona\/es\/wp-json\/wp\/v2\/types\/post"}],"author":[{"embeddable":true,"href":"https:\/\/esglesiajove.barcelona\/es\/wp-json\/wp\/v2\/users\/1"}],"replies":[{"embeddable":true,"href":"https:\/\/esglesiajove.barcelona\/es\/wp-json\/wp\/v2\/comments?post=7405"}],"version-history":[{"count":1,"href":"https:\/\/esglesiajove.barcelona\/es\/wp-json\/wp\/v2\/posts\/7405\/revisions"}],"predecessor-version":[{"id":7406,"href":"https:\/\/esglesiajove.barcelona\/es\/wp-json\/wp\/v2\/posts\/7405\/revisions\/7406"}],"wp:featuredmedia":[{"embeddable":true,"href":"https:\/\/esglesiajove.barcelona\/es\/wp-json\/wp\/v2\/media\/6377"}],"wp:attachment":[{"href":"https:\/\/esglesiajove.barcelona\/es\/wp-json\/wp\/v2\/media?parent=7405"}],"wp:term":[{"taxonomy":"category","embeddable":true,"href":"https:\/\/esglesiajove.barcelona\/es\/wp-json\/wp\/v2\/categories?post=7405"},{"taxonomy":"post_tag","embeddable":true,"href":"https:\/\/esglesiajove.barcelona\/es\/wp-json\/wp\/v2\/tags?post=7405"}],"curies":[{"name":"wp","href":"https:\/\/api.w.org\/{rel}","templated":true}]}}