{"id":7409,"date":"2022-07-14T13:34:19","date_gmt":"2022-07-14T11:34:19","guid":{"rendered":"https:\/\/esglesiajove.barcelona\/un-curso-lleno-de-agradecimiento\/"},"modified":"2022-07-14T08:43:00","modified_gmt":"2022-07-14T06:43:00","slug":"un-curso-lleno-de-agradecimiento","status":"publish","type":"post","link":"https:\/\/esglesiajove.barcelona\/es\/un-curso-lleno-de-agradecimiento\/","title":{"rendered":"Un curso lleno de agradecimiento"},"content":{"rendered":"\n<p>Hacer memoria cristiana es reconocer el paso de Dios por nuestra historia. Este Dios vivo que hace nuevas todas las cosas (cfr. Ap 21,5) y que se fija en la peque\u00f1ez de sus siervos (cfr. Lc 1,47), haci\u00e9ndose carne para el mundo. <\/p>\n\n\n\n<p>Hacer memoria del curso 2021-2022 nos golpea el coraz\u00f3n ante la desproporci\u00f3n entre la gracia recibida y la calidad de las vasijas. Dos palabras sintetizan los efectos de este ejercicio de memoria: \u00a1gracias, Se\u00f1or!<\/p>\n\n\n\n<p>* * *<\/p>\n\n\n\n<p>Durante este \u00faltimo curso han empezado los encuentros <em>Connecta<\/em> para adolescentes, donde adolescentes de toda la di\u00f3cesis han podido encontrarse cada trimestre entre ellos y con el Se\u00f1or para divertirse, relacionarse y profundizar en su fe. Han continuado los grupos semanales de j\u00f3venes en las universidades <em>SAFOR<\/em> (Servei d\u2019Atenci\u00f3, Formaci\u00f3 i Orientaci\u00f3 Religiosa). Se ha consolidado el <em>Grupo Joan Roig<\/em>, donde j\u00f3venes adultos de procedencias eclesiales y profesionales bien diversas se han encontrado mensualmente buscando transformar el mundo desde el amor y el estudio de la Doctrina Social de la Iglesia. Se ha propuesto un espacio para sacerdotes j\u00f3venes y sacerdotes que acompa\u00f1an a j\u00f3venes donde encontrarse, formarse y descansar junto con el cardenal y los obispos auxiliares. Adem\u00e1s, cada jueves, j\u00f3venes de diferentes procedencias han salido con la Comunidad del Cordero y las manos vac\u00edas (<em>Mans&nbsp;Buides<\/em>) al encuentro del Hermano que vive en la calle.<\/p>\n\n\n\n<h2 class=\"wp-block-heading\">Recordamos<\/h2>\n\n\n\n<p>No podemos dejar de recordar algunos de los eventos en que hemos vivido la comuni\u00f3n y el impulso a la misi\u00f3n. <em>Creats per la Missi\u00f3<\/em>, para la formaci\u00f3n de catequistas de ni\u00f1os y adolescentes. La <em>plegaria de Taiz\u00e9<\/em> en la Sagrada Familia, con el hermano Alois y otros miembros de la comunidad.  i altres membres de la comunitat. <em>Acoger y acompa\u00f1ar en un mundo cambiante<\/em>, una conversaci\u00f3n con el cardenal Tagle y educadores en el Auditorio F\u00f2rum de Barcelona. El <em>Sent la Creu<\/em>, donde hemos vivido de cerca la cruz de Filipinas, con una coral de j\u00f3venes de toda la di\u00f3cesis. <em>Betel22<\/em>, donde celebramos, vivimos y compartimos la fe, tomando conciencia de que \u00abbuscando comienza todo\u00bb. La <em>Adoraci\u00f3n Eucar\u00edstica del Corpus<\/em>, en preparaci\u00f3n de una fecha tan se\u00f1alada aqu\u00ed. Finalmente, este verano, ,\u00e1s de 200 j\u00f3venes de entre 15 y 35 a\u00f1os visitaremos la tumba del ap\u00f3stol San Jaime en Santiago en la <em>Peregrinaci\u00f3n Europea de J\u00f3venes<\/em> (PEJ).&nbsp;<\/p>\n\n\n\n<p>Adem\u00e1s, a trav\u00e9s de los nuevos medios de comunicaci\u00f3n, hemos podido mostrar al mundo que la juventud cristiana late con fuerza. M\u00e1s de 85.000 personas han llegado a la nueva p\u00e1gina web del secretariado, han sido impactadas por el contenido generado en Instagram y YouTube, y se han a\u00f1adido en la base de datos de correos electr\u00f3nicos y perfiles de WhatsApp. <\/p>\n\n\n\n<p>* * *<\/p>\n\n\n\n<h2 class=\"wp-block-heading\">El sentido<\/h2>\n\n\n\n<p>Esto es parte de lo que hemos visto. Pero somos conscientes de que en cada encuentro, en cada proyecto, tras cada fotograf\u00eda se esconden centenares, miles de j\u00f3venes deseosos de una vida plena y con sentido. De una vida \u00aba lo grande\u00bb, como tantas veces nos animaba a vivir nuestro querido amigo Obispo Toni. Vida solo posible desde el encuentro con Jesucristo, fuente de Vida (cfr. Jn 4,14).<\/p>\n\n\n\n<p>Uno de los regalos m\u00e1s grandes para los j\u00f3venes de la di\u00f3cesis de Barcelona ha sido la vida del ObispoToni. Este \u00faltimo curso ha estado marcado por la enfermedad y la muerte del obispo. Pero tambi\u00e9n por su testimonio de entrega incondicional y alegr\u00eda perenne. Tenemos en el Obispo Toni una referencia de vida, pero tambi\u00e9n un compa\u00f1ero y un intercesor.<\/p>\n\n\n\n<p>* * *<\/p>\n\n\n\n<p>Ahora, estamos impacientes por ver qu\u00e8 quiere hacer el Se\u00f1or este curso que abre las puertas a la JMJ de Lisboa. El Papa Francisco nos dec\u00eda en sus instrucciones para la JMJ Lisboa 2023: \u00abQue sea activa y misionera la evangelizaci\u00f3n de los j\u00f3venes, que asimismo reconocer\u00e1n y ser\u00e1n testigos de la presencia de Cristo vivo\u00bb. Y es que muchos j\u00f3venes se sienten atra\u00eddos por entrar en relaci\u00f3n con Cristo, y no nos lo queremos perder. Pidamos al Beato Joan Roig y al Obispo Toni su intercesi\u00f3n. <\/p>\n\n\n\n<p class=\"has-text-align-left\">Unidos en la Misi\u00f3n,<\/p>\n\n\n\n<p class=\"has-text-align-right\"><strong>Mn. Carlos Bosch<\/strong><br>Director de Esgl\u00e9sia Jove Barcelona<br>(Secretariado de Pastoral con J\u00f3venes del Arzobispado de Barcelona)<\/p>\n","protected":false},"excerpt":{"rendered":"<p>Hacer memoria cristiana es reconocer el paso de Dios por nuestra historia. Este Dios vivo que hace nuevas todas las cosas (cfr. Ap 21,5) y que se fija en la&#8230;<\/p>\n","protected":false},"author":1,"featured_media":6361,"comment_status":"closed","ping_status":"closed","sticky":false,"template":"","format":"standard","meta":{"inline_featured_image":false,"footnotes":""},"categories":[56],"tags":[],"class_list":{"0":"post-7409","1":"post","2":"type-post","3":"status-publish","4":"format-standard","5":"has-post-thumbnail","7":"category-articles"},"_links":{"self":[{"href":"https:\/\/esglesiajove.barcelona\/es\/wp-json\/wp\/v2\/posts\/7409","targetHints":{"allow":["GET"]}}],"collection":[{"href":"https:\/\/esglesiajove.barcelona\/es\/wp-json\/wp\/v2\/posts"}],"about":[{"href":"https:\/\/esglesiajove.barcelona\/es\/wp-json\/wp\/v2\/types\/post"}],"author":[{"embeddable":true,"href":"https:\/\/esglesiajove.barcelona\/es\/wp-json\/wp\/v2\/users\/1"}],"replies":[{"embeddable":true,"href":"https:\/\/esglesiajove.barcelona\/es\/wp-json\/wp\/v2\/comments?post=7409"}],"version-history":[{"count":0,"href":"https:\/\/esglesiajove.barcelona\/es\/wp-json\/wp\/v2\/posts\/7409\/revisions"}],"wp:featuredmedia":[{"embeddable":true,"href":"https:\/\/esglesiajove.barcelona\/es\/wp-json\/wp\/v2\/media\/6361"}],"wp:attachment":[{"href":"https:\/\/esglesiajove.barcelona\/es\/wp-json\/wp\/v2\/media?parent=7409"}],"wp:term":[{"taxonomy":"category","embeddable":true,"href":"https:\/\/esglesiajove.barcelona\/es\/wp-json\/wp\/v2\/categories?post=7409"},{"taxonomy":"post_tag","embeddable":true,"href":"https:\/\/esglesiajove.barcelona\/es\/wp-json\/wp\/v2\/tags?post=7409"}],"curies":[{"name":"wp","href":"https:\/\/api.w.org\/{rel}","templated":true}]}}