{"id":7448,"date":"2022-12-09T23:19:29","date_gmt":"2022-12-09T22:19:29","guid":{"rendered":"https:\/\/esglesiajove.barcelona\/vigilia-a-la-inmaculada-2022\/"},"modified":"2024-11-14T14:12:30","modified_gmt":"2024-11-14T13:12:30","slug":"vigilia-a-la-inmaculada-2022","status":"publish","type":"post","link":"https:\/\/esglesiajove.barcelona\/es\/vigilia-a-la-inmaculada-2022\/","title":{"rendered":"Vigilia a la Inmaculada 2022"},"content":{"rendered":"\n<h2 class=\"wp-block-heading\">Como ya es tradici\u00f3n, el 7 de diciembre, en la vigilia de la fiesta de la Inmaculada Concepci\u00f3n, celebramos la vela a la Virgen.  <\/h2>\n\n\n\n<p>El encuentro del pasado mi\u00e9rcoles reuni\u00f3 en la Bas\u00edlica de la Merc\u00e8 a j\u00f3venes de las di\u00f3cesis de Terrassa, Sant Feliu y Barcelona. El acto cont\u00f3 tambi\u00e9n con la presencia de Mons. Salvador Cristau, Mons. Agust\u00ed Cort\u00e9s y el cardenal Juan Jos\u00e9 Omella, junto con los obispos auxiliares Sergi Gordo y Javier Vilanova. <\/p>\n\n\n\n<div class=\"wp-block-columns is-layout-flex wp-container-core-columns-is-layout-9d6595d7 wp-block-columns-is-layout-flex\">\n<div class=\"wp-block-column is-layout-flow wp-block-column-is-layout-flow\" style=\"flex-basis:66.66%\">\n<blockquote class=\"wp-block-quote is-layout-flow wp-block-quote-is-layout-flow\">\n<p>\u201cLa Vela a la Inmaculada es siempre especial. Quiz\u00e1 porque nos juntamos j\u00f3venes de las tres di\u00f3cesis de la provincia eclesi\u00e1stica, porque es en la Bas\u00edlica de la Merc\u00e8, a los pies de la Virgen, con la presencia de todos nuestros obispos&#8230; La verdad es que sea como sea, existe un clima de recogimiento que nos ayuda a prepararnos para la festividad del d\u00eda siguiente, para acercarnos m\u00e1s a Nuestra Madre y para dejar que nuestros corazones se hagan cada vez m\u00e1s parecidos al suyo. Y para parar enmedio de las prisas del Adviento, que hoy en d\u00eda queda escondido entre todas las luces del mundo que nos empujan hacia la Navidad\u201d.<\/p>\n<cite><strong>Mireia Farell, equipo de m\u00fasicos. <\/strong><\/cite><\/blockquote>\n<\/div>\n\n\n\n<div class=\"wp-block-column is-layout-flow wp-block-column-is-layout-flow\" style=\"flex-basis:33.33%\">\n<figure class=\"wp-block-image size-full is-resized style-rounded\" id=\"style-rounded\"><img loading=\"lazy\" decoding=\"async\" src=\"https:\/\/esglesiajove.barcelona\/wp-content\/uploads\/2024\/11\/Captura-de-pantalla-2022-12-12-a-las-13.14.49.png\" alt=\"\" class=\"wp-image-32556\" width=\"196\" height=\"261\" title=\"style-rounded\"\/><\/figure>\n<\/div>\n<\/div>\n\n\n\n<p><\/p>\n\n\n\n<h2 class=\"wp-block-heading\"><strong>IMITAR LA ACTITUD DE LA MADRE DE DIOS EN LA VISITACI\u00d3N&nbsp;<\/strong><\/h2>\n\n\n\n<p>Las palabras del cardenal Omella nos invitaron a tomar conciencia de la etapa continental del S\u00ednodo de los Obispos, dedicado al discernimiento. <em>\u00abEsta es la etapa del silencio, de la escucha\u00bb<\/em>, y tambi\u00e9n de la b\u00fasqueda a trav\u00e9s de la Virgen Mar\u00eda. El obispo Agust\u00ed Cort\u00e9s fue el encargado de la pr\u00e9dica del Evangelio, en este caso, contemplando la escena de la Visitaci\u00f3n. La respuesta de Mar\u00eda al anuncio del \u00e1ngel fue de plena disponibilidad, pero tambi\u00e9n lo fue su actitud de prestar servicio a su prima santa Isabel: <\/p>\n\n\n\n<p><em>\u00abEl amor de Dios es lo que nos hace levantarnos. Correr, algunas veces. Mar\u00eda tuvo que pasar por valles y desiertos para ir a buscar a Sta. Isabel. Mar\u00eda corre para compartir el gozo de ser madre y Madre escogida por el amor de Dios, corre para servir, para cantar y alabar a Dios en el Magnificat&#8230; el suyo es un movimiento continuo lleno de sentido\u00bb. <\/em><\/p>\n\n\n\n\n\n<p><\/p>\n\n\n\n<h2 class=\"wp-block-heading\"><strong>EN CAMINO, JUNTO A MARIA, HACIA LA JMJ 2023<\/strong><\/h2>\n\n\n\n<p>Adem\u00e1s, con esta vela se dio el <a href=\"https:\/\/esglesia.barcelona\/es\/actualitat\/el-vigilia-de-la-inmaculada-concepcion-el-pistoletazo-de-salida-de-la-jmj\/\" target=\"_blank\" rel=\"noopener\">pistoletazo de salida de la JMJ<\/a> del pr\u00f3ximo verano, que tiene por lema \u00abMar\u00eda se fue decididamente\u00bb. A los pies de la Merc\u00e8 le pedimos la misma ilusi\u00f3n y decisi\u00f3n para imitarla y ponernos en camino. <\/p>\n\n\n\n<p>T\u00fa tambi\u00e9 puedes caminar como la Madre de Dios por muchos motivos. <a href=\"https:\/\/esglesiajove.barcelona\/activitats\/jmj\/\">\u00a1Te esperamos para que lo encuentres! <\/a><\/p>\n\n\n\n<figure class=\"wp-block-gallery has-nested-images columns-default is-cropped wp-block-gallery-1 is-layout-flex wp-block-gallery-is-layout-flex\">\n<figure class=\"wp-block-image size-large\"><img decoding=\"async\" data-id=\"32553\" src=\"https:\/\/esglesiajove.barcelona\/wp-content\/uploads\/2024\/11\/Captura-de-pantalla-2022-12-12-a-las-13.10.28.png\" alt=\"\" class=\"wp-image-32553\"\/><\/figure>\n\n\n\n<figure class=\"wp-block-image size-large\"><img decoding=\"async\" data-id=\"32552\" src=\"https:\/\/esglesiajove.barcelona\/wp-content\/uploads\/2024\/11\/Captura-de-pantalla-2022-12-12-a-las-13.10.20.png\" alt=\"\" class=\"wp-image-32552\"\/><\/figure>\n\n\n\n<figure class=\"wp-block-image size-large\"><img decoding=\"async\" data-id=\"32549\" src=\"https:\/\/esglesiajove.barcelona\/wp-content\/uploads\/2024\/11\/Captura-de-pantalla-2022-12-12-a-las-13.09.36.png\" alt=\"\" class=\"wp-image-32549\"\/><\/figure>\n\n\n\n<figure class=\"wp-block-image size-large\"><img decoding=\"async\" data-id=\"32548\" src=\"https:\/\/esglesiajove.barcelona\/wp-content\/uploads\/2024\/11\/Captura-de-pantalla-2022-12-12-a-las-13.09.29.png\" alt=\"\" class=\"wp-image-32548\"\/><\/figure>\n\n\n\n<figure class=\"wp-block-image size-large\"><img decoding=\"async\" data-id=\"32547\" src=\"https:\/\/esglesiajove.barcelona\/wp-content\/uploads\/2024\/11\/0H4C6502.jpg\" alt=\"\" class=\"wp-image-32547\"\/><\/figure>\n\n\n\n<figure class=\"wp-block-image size-large\"><img decoding=\"async\" data-id=\"32544\" src=\"https:\/\/esglesiajove.barcelona\/wp-content\/uploads\/2024\/11\/0H4C6466.jpg\" alt=\"\" class=\"wp-image-32544\"\/><\/figure>\n\n\n\n<figure class=\"wp-block-image size-large\"><img decoding=\"async\" data-id=\"32545\" src=\"https:\/\/esglesiajove.barcelona\/wp-content\/uploads\/2024\/11\/0H4C6459.jpg\" alt=\"\" class=\"wp-image-32545\"\/><\/figure>\n\n\n\n<figure class=\"wp-block-image size-large\"><img decoding=\"async\" data-id=\"32546\" src=\"https:\/\/esglesiajove.barcelona\/wp-content\/uploads\/2024\/11\/0H4C6488.jpg\" alt=\"\" class=\"wp-image-32546\"\/><\/figure>\n\n\n\n<figure class=\"wp-block-image size-large\"><img decoding=\"async\" data-id=\"32543\" src=\"https:\/\/esglesiajove.barcelona\/wp-content\/uploads\/2024\/11\/0H4C6460.jpg\" alt=\"\" class=\"wp-image-32543\"\/><\/figure>\n\n\n\n<figure class=\"wp-block-image size-large\"><img decoding=\"async\" data-id=\"32542\" src=\"https:\/\/esglesiajove.barcelona\/wp-content\/uploads\/2024\/11\/0H4C6487.jpg\" alt=\"\" class=\"wp-image-32542\"\/><\/figure>\n\n\n\n<figure class=\"wp-block-image size-large\"><img decoding=\"async\" data-id=\"32541\" src=\"https:\/\/esglesiajove.barcelona\/wp-content\/uploads\/2024\/11\/0H4C6451.jpg\" alt=\"\" class=\"wp-image-32541\"\/><\/figure>\n\n\n\n<figure class=\"wp-block-image size-large\"><img decoding=\"async\" data-id=\"32539\" src=\"https:\/\/esglesiajove.barcelona\/wp-content\/uploads\/2024\/11\/0H4C6477.jpg\" alt=\"\" class=\"wp-image-32539\"\/><\/figure>\n\n\n\n<figure class=\"wp-block-image size-large\"><img decoding=\"async\" data-id=\"32528\" src=\"https:\/\/esglesiajove.barcelona\/wp-content\/uploads\/2024\/11\/0H4C6536.jpg\" alt=\"\" class=\"wp-image-32528\"\/><\/figure>\n<\/figure>\n\n\n\n<p class=\"has-text-align-center\">(Fotos de Catalunya Cristiana)<\/p>\n","protected":false},"excerpt":{"rendered":"<p>Como ya es tradici\u00f3n, el 7 de diciembre, en la vigilia de la fiesta de la Inmaculada Concepci\u00f3n, celebramos la vela a la Virgen. El encuentro del pasado mi\u00e9rcoles reuni\u00f3&#8230;<\/p>\n","protected":false},"author":1,"featured_media":6379,"comment_status":"closed","ping_status":"closed","sticky":false,"template":"","format":"standard","meta":{"inline_featured_image":false,"footnotes":""},"categories":[],"tags":[],"class_list":["post-7448","post","type-post","status-publish","format-standard","has-post-thumbnail"],"_links":{"self":[{"href":"https:\/\/esglesiajove.barcelona\/es\/wp-json\/wp\/v2\/posts\/7448","targetHints":{"allow":["GET"]}}],"collection":[{"href":"https:\/\/esglesiajove.barcelona\/es\/wp-json\/wp\/v2\/posts"}],"about":[{"href":"https:\/\/esglesiajove.barcelona\/es\/wp-json\/wp\/v2\/types\/post"}],"author":[{"embeddable":true,"href":"https:\/\/esglesiajove.barcelona\/es\/wp-json\/wp\/v2\/users\/1"}],"replies":[{"embeddable":true,"href":"https:\/\/esglesiajove.barcelona\/es\/wp-json\/wp\/v2\/comments?post=7448"}],"version-history":[{"count":1,"href":"https:\/\/esglesiajove.barcelona\/es\/wp-json\/wp\/v2\/posts\/7448\/revisions"}],"predecessor-version":[{"id":7449,"href":"https:\/\/esglesiajove.barcelona\/es\/wp-json\/wp\/v2\/posts\/7448\/revisions\/7449"}],"wp:featuredmedia":[{"embeddable":true,"href":"https:\/\/esglesiajove.barcelona\/es\/wp-json\/wp\/v2\/media\/6379"}],"wp:attachment":[{"href":"https:\/\/esglesiajove.barcelona\/es\/wp-json\/wp\/v2\/media?parent=7448"}],"wp:term":[{"taxonomy":"category","embeddable":true,"href":"https:\/\/esglesiajove.barcelona\/es\/wp-json\/wp\/v2\/categories?post=7448"},{"taxonomy":"post_tag","embeddable":true,"href":"https:\/\/esglesiajove.barcelona\/es\/wp-json\/wp\/v2\/tags?post=7448"}],"curies":[{"name":"wp","href":"https:\/\/api.w.org\/{rel}","templated":true}]}}