{"id":7471,"date":"2022-12-21T13:40:14","date_gmt":"2022-12-21T12:40:14","guid":{"rendered":"https:\/\/esglesiajove.barcelona\/cena-de-navidad\/"},"modified":"2024-11-14T14:12:42","modified_gmt":"2024-11-14T13:12:42","slug":"cena-de-navidad","status":"publish","type":"post","link":"https:\/\/esglesiajove.barcelona\/es\/cena-de-navidad\/","title":{"rendered":"Cena de Navidad"},"content":{"rendered":"\n<h2 class=\"wp-block-heading\">Ayer celebramos la cena de Navidad de colaboradores!<\/h2>\n\n\n\n<p>Una velada para celebrar juntos la raz\u00f3n por la cual estamos sirviendo a Esgl\u00e9sia Jove Barcelona y agradecer todo el esfuerzo de estos 60 j\u00f3venes. Y es que, cada uno de ellos se encarga de una tarea importante en una \u00e1rea:<\/p>\n\n\n\n<ul class=\"wp-block-list\">\n<li>Comunicaci\u00f3n<\/li>\n\n\n\n<li>Adolescentes<\/li>\n\n\n\n<li>ADSUM<\/li>\n\n\n\n<li>SAFORS<\/li>\n\n\n\n<li>Grup Joan Roig<\/li>\n\n\n\n<li>Missi\u00f3: Mans Buides<\/li>\n\n\n\n<li>Betel23<\/li>\n\n\n\n<li>JMJ<\/li>\n\n\n\n<li>Meraki&nbsp;(m\u00fasicos)<\/li>\n<\/ul>\n\n\n\n<div class=\"wp-block-buttons is-content-justification-center is-layout-flex wp-container-core-buttons-is-layout-16018d1d wp-block-buttons-is-layout-flex\">\n<div class=\"wp-block-button\"><a class=\"wp-block-button__link wp-element-button\" href=\"https:\/\/esglesiajove.barcelona\/quien-somos\/\" target=\"_blank\" rel=\"noreferrer noopener\">Todos los colaboradores<\/a><\/div>\n<\/div>\n\n\n\n<div style=\"height:22px\" aria-hidden=\"true\" class=\"wp-block-spacer\"><\/div>\n\n\n\n<div style=\"height:22px\" aria-hidden=\"true\" class=\"wp-block-spacer\"><\/div>\n\n\n\n<p>La noche estuvo llena de sorpresas. Desde el c\u00f3ctel de bienvenida, la sesi\u00f3n fotogr\u00e1fica, las din\u00e1micas y como no, unos buenos Villancicos y plegaria.&nbsp;<\/p>\n\n\n\n\n\n<p class=\"has-text-align-center\">Aqu\u00ed os dejamos una compilaci\u00f3n de fotograf\u00edas.<\/p>\n\n\n\n<figure class=\"wp-block-image size-large\"><img decoding=\"async\" src=\"https:\/\/esglesiajove.barcelona\/wp-content\/uploads\/2024\/11\/DSC000090.jpg\" alt=\"\" class=\"wp-image-36181\"\/><\/figure>\n\n\n\n<figure class=\"wp-block-gallery has-nested-images columns-default is-cropped wp-block-gallery-1 is-layout-flex wp-block-gallery-is-layout-flex\">\n<figure class=\"wp-block-image size-large\"><a href=\"https:\/\/esglesiajove.barcelona\/sopar-de-nadal\/dsc00034\/\"><img decoding=\"async\" data-id=\"36162\" src=\"https:\/\/esglesiajove.barcelona\/wp-content\/uploads\/2024\/11\/DSC00034.jpg\" alt=\"\" class=\"wp-image-36162\"\/><\/a><\/figure>\n\n\n\n<figure class=\"wp-block-image size-large\"><a href=\"https:\/\/esglesiajove.barcelona\/sopar-de-nadal\/dsc00001\/\"><img decoding=\"async\" data-id=\"36163\" src=\"https:\/\/esglesiajove.barcelona\/wp-content\/uploads\/2024\/11\/DSC00001.jpg\" alt=\"\" class=\"wp-image-36163\"\/><\/a><\/figure>\n\n\n\n<figure class=\"wp-block-image size-large\"><a href=\"https:\/\/esglesiajove.barcelona\/sopar-de-nadal\/dsc00070\/\"><img decoding=\"async\" data-id=\"36165\" src=\"https:\/\/esglesiajove.barcelona\/wp-content\/uploads\/2024\/11\/DSC00070.jpg\" alt=\"\" class=\"wp-image-36165\"\/><\/a><\/figure>\n\n\n\n<figure class=\"wp-block-image size-large\"><a href=\"https:\/\/esglesiajove.barcelona\/sopar-de-nadal\/dsc00010-3\/\"><img decoding=\"async\" data-id=\"36166\" src=\"https:\/\/esglesiajove.barcelona\/wp-content\/uploads\/2024\/11\/DSC00010-2.jpg\" alt=\"\" class=\"wp-image-36166\"\/><\/a><\/figure>\n\n\n\n<figure class=\"wp-block-image size-large\"><a href=\"https:\/\/esglesiajove.barcelona\/sopar-de-nadal\/dsc00048\/\"><img decoding=\"async\" data-id=\"36167\" src=\"https:\/\/esglesiajove.barcelona\/wp-content\/uploads\/2024\/11\/DSC00048.jpg\" alt=\"\" class=\"wp-image-36167\"\/><\/a><\/figure>\n\n\n\n<figure class=\"wp-block-image size-large\"><a href=\"https:\/\/esglesiajove.barcelona\/sopar-de-nadal\/dsc00054\/\"><img decoding=\"async\" data-id=\"36171\" src=\"https:\/\/esglesiajove.barcelona\/wp-content\/uploads\/2024\/11\/DSC00054.jpg\" alt=\"\" class=\"wp-image-36171\"\/><\/a><\/figure>\n\n\n\n<figure class=\"wp-block-image size-large\"><a href=\"https:\/\/esglesiajove.barcelona\/sopar-de-nadal\/captura-de-pantalla-2023-01-20-a-las-15-16-53\/\"><img decoding=\"async\" data-id=\"36169\" src=\"https:\/\/esglesiajove.barcelona\/wp-content\/uploads\/2024\/11\/Captura-de-pantalla-2023-01-20-a-las-15.16.53.png\" alt=\"\" class=\"wp-image-36169\"\/><\/a><\/figure>\n\n\n\n<figure class=\"wp-block-image size-large\"><a href=\"https:\/\/esglesiajove.barcelona\/sopar-de-nadal\/dsc00073\/\"><img decoding=\"async\" data-id=\"36170\" src=\"https:\/\/esglesiajove.barcelona\/wp-content\/uploads\/2024\/11\/DSC00073.jpg\" alt=\"\" class=\"wp-image-36170\"\/><\/a><\/figure>\n\n\n\n<figure class=\"wp-block-image size-large\"><a href=\"https:\/\/esglesiajove.barcelona\/sopar-de-nadal\/dsc00057\/\"><img decoding=\"async\" data-id=\"36172\" src=\"https:\/\/esglesiajove.barcelona\/wp-content\/uploads\/2024\/11\/DSC00057.jpg\" alt=\"\" class=\"wp-image-36172\"\/><\/a><\/figure>\n\n\n\n<figure class=\"wp-block-image size-large\"><a href=\"https:\/\/esglesiajove.barcelona\/sopar-de-nadal\/dsc00064\/\"><img decoding=\"async\" data-id=\"36173\" src=\"https:\/\/esglesiajove.barcelona\/wp-content\/uploads\/2024\/11\/DSC00064.jpg\" alt=\"\" class=\"wp-image-36173\"\/><\/a><\/figure>\n\n\n\n<figure class=\"wp-block-image size-large\"><a href=\"https:\/\/esglesiajove.barcelona\/sopar-de-nadal\/dsc00068\/\"><img decoding=\"async\" data-id=\"36174\" src=\"https:\/\/esglesiajove.barcelona\/wp-content\/uploads\/2024\/11\/DSC00068.jpg\" alt=\"\" class=\"wp-image-36174\"\/><\/a><\/figure>\n\n\n\n<figure class=\"wp-block-image size-large\"><a href=\"https:\/\/esglesiajove.barcelona\/sopar-de-nadal\/dsc00071\/\"><img decoding=\"async\" data-id=\"36175\" src=\"https:\/\/esglesiajove.barcelona\/wp-content\/uploads\/2024\/11\/DSC00071.jpg\" alt=\"\" class=\"wp-image-36175\"\/><\/a><\/figure>\n\n\n\n<figure class=\"wp-block-image size-large\"><a href=\"https:\/\/esglesiajove.barcelona\/sopar-de-nadal\/dsc00002\/\"><img decoding=\"async\" data-id=\"36176\" src=\"https:\/\/esglesiajove.barcelona\/wp-content\/uploads\/2024\/11\/DSC00002.jpg\" alt=\"\" class=\"wp-image-36176\"\/><\/a><\/figure>\n\n\n\n<figure class=\"wp-block-image size-large\"><a href=\"https:\/\/esglesiajove.barcelona\/sopar-de-nadal\/dsc00072\/\"><img decoding=\"async\" data-id=\"36178\" src=\"https:\/\/esglesiajove.barcelona\/wp-content\/uploads\/2024\/11\/DSC00072.jpg\" alt=\"\" class=\"wp-image-36178\"\/><\/a><\/figure>\n\n\n\n<figure class=\"wp-block-image size-large\"><a href=\"https:\/\/esglesiajove.barcelona\/sopar-de-nadal\/dsc00067\/\"><img decoding=\"async\" data-id=\"36180\" src=\"https:\/\/esglesiajove.barcelona\/wp-content\/uploads\/2024\/11\/DSC00067.jpg\" alt=\"\" class=\"wp-image-36180\"\/><\/a><\/figure>\n\n\n\n<figure class=\"wp-block-image size-large\"><a href=\"https:\/\/esglesiajove.barcelona\/sopar-de-nadal\/captura-de-pantalla-2023-01-20-a-las-15-15-55\/\"><img decoding=\"async\" data-id=\"36179\" src=\"https:\/\/esglesiajove.barcelona\/wp-content\/uploads\/2024\/11\/Captura-de-pantalla-2023-01-20-a-las-15.15.55.jpg\" alt=\"\" class=\"wp-image-36179\"\/><\/a><\/figure>\n<\/figure>\n\n\n\n<figure class=\"wp-block-image size-full\"><img decoding=\"async\" src=\"https:\/\/esglesiajove.barcelona\/wp-content\/uploads\/2024\/11\/Captura-de-pantalla-2022-12-21-a-las-14.56.13.png\" alt=\"\" class=\"wp-image-33371\"\/><\/figure>\n","protected":false},"excerpt":{"rendered":"<p>Ayer celebramos la cena de Navidad de colaboradores! Una velada para celebrar juntos la raz\u00f3n por la cual estamos sirviendo a Esgl\u00e9sia Jove Barcelona y agradecer todo el esfuerzo de&#8230;<\/p>\n","protected":false},"author":1,"featured_media":6380,"comment_status":"closed","ping_status":"closed","sticky":false,"template":"","format":"standard","meta":{"inline_featured_image":false,"footnotes":""},"categories":[],"tags":[],"class_list":["post-7471","post","type-post","status-publish","format-standard","has-post-thumbnail"],"_links":{"self":[{"href":"https:\/\/esglesiajove.barcelona\/es\/wp-json\/wp\/v2\/posts\/7471","targetHints":{"allow":["GET"]}}],"collection":[{"href":"https:\/\/esglesiajove.barcelona\/es\/wp-json\/wp\/v2\/posts"}],"about":[{"href":"https:\/\/esglesiajove.barcelona\/es\/wp-json\/wp\/v2\/types\/post"}],"author":[{"embeddable":true,"href":"https:\/\/esglesiajove.barcelona\/es\/wp-json\/wp\/v2\/users\/1"}],"replies":[{"embeddable":true,"href":"https:\/\/esglesiajove.barcelona\/es\/wp-json\/wp\/v2\/comments?post=7471"}],"version-history":[{"count":1,"href":"https:\/\/esglesiajove.barcelona\/es\/wp-json\/wp\/v2\/posts\/7471\/revisions"}],"predecessor-version":[{"id":7472,"href":"https:\/\/esglesiajove.barcelona\/es\/wp-json\/wp\/v2\/posts\/7471\/revisions\/7472"}],"wp:featuredmedia":[{"embeddable":true,"href":"https:\/\/esglesiajove.barcelona\/es\/wp-json\/wp\/v2\/media\/6380"}],"wp:attachment":[{"href":"https:\/\/esglesiajove.barcelona\/es\/wp-json\/wp\/v2\/media?parent=7471"}],"wp:term":[{"taxonomy":"category","embeddable":true,"href":"https:\/\/esglesiajove.barcelona\/es\/wp-json\/wp\/v2\/categories?post=7471"},{"taxonomy":"post_tag","embeddable":true,"href":"https:\/\/esglesiajove.barcelona\/es\/wp-json\/wp\/v2\/tags?post=7471"}],"curies":[{"name":"wp","href":"https:\/\/api.w.org\/{rel}","templated":true}]}}