{"id":7518,"date":"2022-12-24T13:05:08","date_gmt":"2022-12-24T12:05:08","guid":{"rendered":"https:\/\/esglesiajove.barcelona\/connecta-especial-navidad-2022\/"},"modified":"2024-11-14T14:13:07","modified_gmt":"2024-11-14T13:13:07","slug":"connecta-especial-navidad-2022","status":"publish","type":"post","link":"https:\/\/esglesiajove.barcelona\/es\/connecta-especial-navidad-2022\/","title":{"rendered":"Connecta: Especial Navidad 2022"},"content":{"rendered":"\n<h2 class=\"wp-block-heading\">\u00a1Ayer se celebr\u00f3&nbsp;Connecta: Especial Navidad!<\/h2>\n\n\n\n<p>Este a\u00f1o, la <a href=\"https:\/\/esglesiajove.barcelona\/connecta-especial-navidad\/\">segunda edici\u00f3n<\/a> reuni\u00f3 a m\u00e1s de 200 adolescentes de 26 realidades diferentes del Arzobispado de Barcelona.&nbsp;<\/p>\n\n\n\n<p>La tarde empezaba a las 4.30&nbsp;pm. con las inscripciones y presentaciones de los grupos. Las parroquias y escuelas representadas eran:<\/p>\n\n\n\n\n<ul class=\"wp-block-list\">\n<li>Parroquia de Sant Vicen\u00e7 de Sarri\u00e0<\/li>\n\n\n\n<li>Parroquia de Cabrils<\/li>\n\n\n\n<li>Parroquia de Sant Enric d&#8217;Oss\u00f3<\/li>\n\n\n\n<li>Sagrada Fam\u00edlia<\/li>\n\n\n\n<li>Parroquia de Sants Just i Pastor<\/li>\n\n\n\n<li>Colegio Sagrat Cor Sarri\u00e0<\/li>\n\n\n\n<li>Parroquia Santa Magdalena<\/li>\n\n\n\n<li>Institututo Rubi\u00f3 i Ors<\/li>\n\n\n\n<li>Parroquia de Santa Margarida i els Monjos<\/li>\n\n\n\n<li>Parroquia de Sant Llu\u00eds Gonzaga<\/li>\n\n\n\n<li>Colegio Sant Antoni Maria Claret<\/li>\n\n\n\n<li>Grup&nbsp;Fordis<\/li>\n\n\n\n<li>Esgl\u00e9sia Major de Santa Coloma de Gramenet<\/li>\n\n\n\n<li>Colegio Reial Monestir de Santa Isabel<\/li>\n\n\n\n<li>Parroquia de Sant Miquel dels Sants<\/li>\n\n\n\n<li>Parroquia de Cabrils<\/li>\n\n\n\n<li>Grup Acci\u00f3 Cat\u00f2lica General<\/li>\n\n\n\n<li>Parroquia de Santa Madrona<\/li>\n\n\n\n<li>Parroquia de Santa Maria del Mar<\/li>\n\n\n\n<li>Pastoral de los Sordos<\/li>\n\n\n\n<li>Parroquia de Sant Sebasti\u00e0<\/li>\n\n\n\n<li>Parroquia Mare de D\u00e9u de Betlem<\/li>\n\n\n\n<li>Colegio Abat Oliba Loreto<\/li>\n\n\n\n<li>Parroquia de Santa Agn\u00e8s<\/li>\n\n\n\n<li>Parroquia de Santa Maria Mitjancera<\/li>\n\n\n\n<li>Parroquia de Sant&nbsp;Crist\u00f2for<\/li>\n<\/ul>\n\n\n\n\n<p>Posteriormente,&nbsp;Mn.&nbsp;Carlos dirig\u00eda unas palabras a los j\u00f3venes:<\/p>\n\n\n\n<blockquote class=\"wp-block-quote is-layout-flow wp-block-quote-is-layout-flow\">\n<p> \u00abCada segundo de nuestra vida es un regalo inmerecido y para que tenga sentido tenemos que entregarla con gratuidad. El Se\u00f1or en Navidad se nos regala de manera inmerecida, y nos ense\u00f1a a hacerlo. A medida que nosotros lo damos todo de manera desinteresada, tambi\u00e9n lo recibimos todo desinteresadamente\u00bb<\/p>\n<cite>Don Carlos Bosch<\/cite><\/blockquote>\n\n\n\n<p>Entonces tocaba la oraci\u00f3n inicial, donde Irene&nbsp;Voz&nbsp;(miembro del equipo) explic\u00f3 el sentido&nbsp;de Navidad&nbsp;y nos encomendamos al Esp\u00edritu Santo. Y \u00a1hora de los voluntariados!<\/p>\n\n\n\n<div class=\"wp-block-columns is-layout-flex wp-container-core-columns-is-layout-9d6595d7 wp-block-columns-is-layout-flex\">\n<div class=\"wp-block-column is-layout-flow wp-block-column-is-layout-flow\" style=\"flex-basis:66.66%\"><\/div>\n\n\n\n<div class=\"wp-block-column is-layout-flow wp-block-column-is-layout-flow\" style=\"flex-basis:33.33%\">\n<figure class=\"wp-block-image size-large is-style-rounded\"><img decoding=\"async\" src=\"https:\/\/esglesiajove.barcelona\/wp-content\/uploads\/2024\/11\/DSC00031.jpg\" alt=\"\" class=\"wp-image-36023\"\/><\/figure>\n<\/div>\n<\/div>\n\n\n\n<div class=\"wp-block-columns is-layout-flex wp-container-core-columns-is-layout-9d6595d7 wp-block-columns-is-layout-flex\">\n<div class=\"wp-block-column is-layout-flow wp-block-column-is-layout-flow\" style=\"flex-basis:33.33%\">\n<figure class=\"wp-block-image size-large is-style-rounded\"><img decoding=\"async\" src=\"https:\/\/esglesiajove.barcelona\/wp-content\/uploads\/2024\/11\/DSC00038.jpg\" alt=\"\" class=\"wp-image-36030\"\/><\/figure>\n<\/div>\n\n\n\n<div class=\"wp-block-column is-layout-flow wp-block-column-is-layout-flow\" style=\"flex-basis:66.66%\"><\/div>\n<\/div>\n\n\n\n<div class=\"wp-block-columns is-layout-flex wp-container-core-columns-is-layout-9d6595d7 wp-block-columns-is-layout-flex\">\n<div class=\"wp-block-column is-layout-flow wp-block-column-is-layout-flow\" style=\"flex-basis:66.66%\"><\/div>\n\n\n\n<div class=\"wp-block-column is-layout-flow wp-block-column-is-layout-flow\" style=\"flex-basis:33.33%\">\n<figure class=\"wp-block-image size-full is-style-rounded\"><img decoding=\"async\" src=\"https:\/\/esglesiajove.barcelona\/wp-content\/uploads\/2024\/11\/Captura-de-pantalla-2023-01-19-a-las-14.15.46.png\" alt=\"\" class=\"wp-image-36019\"\/><\/figure>\n<\/div>\n<\/div>\n\n\n\n<div class=\"wp-block-columns is-layout-flex wp-container-core-columns-is-layout-9d6595d7 wp-block-columns-is-layout-flex\">\n<div class=\"wp-block-column is-layout-flow wp-block-column-is-layout-flow\" style=\"flex-basis:33.33%\">\n<figure class=\"wp-block-image size-large is-style-rounded\"><img decoding=\"async\" src=\"https:\/\/esglesiajove.barcelona\/wp-content\/uploads\/2024\/11\/DSC00008.jpg\" alt=\"\" class=\"wp-image-36005\"\/><\/figure>\n<\/div>\n\n\n\n<div class=\"wp-block-column is-layout-flow wp-block-column-is-layout-flow\" style=\"flex-basis:66.66%\"><\/div>\n<\/div>\n\n\n\n<div class=\"wp-block-columns is-layout-flex wp-container-core-columns-is-layout-9d6595d7 wp-block-columns-is-layout-flex\">\n<div class=\"wp-block-column is-layout-flow wp-block-column-is-layout-flow\" style=\"flex-basis:66.66%\"><\/div>\n\n\n\n<div class=\"wp-block-column is-layout-flow wp-block-column-is-layout-flow\" style=\"flex-basis:33.33%\">\n<figure class=\"wp-block-image size-large is-style-rounded\"><img decoding=\"async\" src=\"https:\/\/esglesiajove.barcelona\/wp-content\/uploads\/2024\/11\/DSC00010-1.jpg\" alt=\"\" class=\"wp-image-36006\"\/><\/figure>\n<\/div>\n<\/div>\n\n\n\n<p>Ya llegadas las&nbsp;8pm,&nbsp;todos los grupos nos reun\u00edamos de nuevo en Santa Anna para entrar con una vela y ofrecerla a Jes\u00fas, presente en la custodia.<\/p>\n\n\n\n<p>Tom\u00e0s&nbsp;Sol\u00e9&nbsp;nos&nbsp;explicaba&nbsp;c\u00f3mo pod\u00edamos recibir a Jes\u00fas, y&nbsp;Mateo&nbsp;Puig, qu\u00e9 era el sacramento eucar\u00edstico y c\u00f3mo le podemos dar las gracias, mientras el grupo de m\u00fasica&nbsp;tocaba&nbsp;canciones que nos dirig\u00edan en&nbsp;la oraci\u00f3n. Y, c\u00f3mo no, \u00a1pudimos acabar con&nbsp;alg\u00fan villancico para concluir una tarde de servicio y oraci\u00f3n!<\/p>\n\n\n\n<p>Gracias a todas las entidades que han hecho posible un d\u00eda como este y gracias a cada joven que decidi\u00f3 venir a&nbsp;<em>Connecta<\/em>&nbsp;para servir antes que acabar los detalles navide\u00f1os.<\/p>\n\n\n\n<ul class=\"wp-block-list\">\n<li>C\u00e0ritas Barcelona<\/li>\n\n\n\n<li>Hospital de campanya de la Parr\u00f2quia de Santa Anna<\/li>\n\n\n\n<li>Missioneras de la Caridad | Barcelona<\/li>\n\n\n\n<li>Comunitat del Cordero<\/li>\n\n\n\n<li>Luz de la Paz de Bel\u00e9n, de los Minyons Escoltes i Guies de Catalunya<\/li>\n\n\n\n<li>Atiram&nbsp;Hotels<\/li>\n\n\n\n<li>Mercadona<\/li>\n\n\n\n<li>Carrefour<\/li>\n\n\n\n<li>Caprabo<\/li>\n\n\n\n<li>Spar<\/li>\n<\/ul>\n\n\n\n<figure class=\"wp-block-image aligncenter size-large is-resized\"><img loading=\"lazy\" decoding=\"async\" src=\"https:\/\/esglesiajove.barcelona\/wp-content\/uploads\/2024\/11\/8309A453-BC81-45BA-9268-5FC579496D89.jpg\" alt=\"\" class=\"wp-image-33791\" width=\"310\" height=\"124\"\/><\/figure>\n\n\n\n<h2 class=\"wp-block-heading\">\u00a1Nos vemos a la vuelta de las vacaciones!<\/h2>\n\n\n\n<figure class=\"wp-block-gallery has-nested-images columns-default is-cropped wp-block-gallery-1 is-layout-flex wp-block-gallery-is-layout-flex\">\n<figure class=\"wp-block-image size-large\"><a href=\"https:\/\/esglesiajove.barcelona\/wp-content\/uploads\/DSC00039-scaled.jpg\"><img decoding=\"async\" data-id=\"36007\" src=\"https:\/\/esglesiajove.barcelona\/wp-content\/uploads\/2024\/11\/DSC00039.jpg\" alt=\"\" class=\"wp-image-36007\"\/><\/a><\/figure>\n\n\n\n<figure class=\"wp-block-image size-large\"><a href=\"https:\/\/esglesiajove.barcelona\/wp-content\/uploads\/DSC00026-scaled.jpg\"><img decoding=\"async\" data-id=\"36008\" src=\"https:\/\/esglesiajove.barcelona\/wp-content\/uploads\/2024\/11\/DSC00026.jpg\" alt=\"\" class=\"wp-image-36008\"\/><\/a><\/figure>\n\n\n\n<figure class=\"wp-block-image size-large\"><a href=\"https:\/\/esglesiajove.barcelona\/wp-content\/uploads\/2024\/11\/Captura-de-pantalla-2023-01-19-a-las-14.13.50.png\"><img decoding=\"async\" data-id=\"36009\" src=\"https:\/\/esglesiajove.barcelona\/wp-content\/uploads\/2024\/11\/Captura-de-pantalla-2023-01-19-a-las-14.13.50.png\" alt=\"\" class=\"wp-image-36009\"\/><\/a><\/figure>\n\n\n\n<figure class=\"wp-block-image size-large\"><a href=\"https:\/\/esglesiajove.barcelona\/wp-content\/uploads\/2024\/11\/Captura-de-pantalla-2023-01-19-a-las-14.13.41.png\"><img decoding=\"async\" data-id=\"36010\" src=\"https:\/\/esglesiajove.barcelona\/wp-content\/uploads\/2024\/11\/Captura-de-pantalla-2023-01-19-a-las-14.13.41.png\" alt=\"\" class=\"wp-image-36010\"\/><\/a><\/figure>\n\n\n\n<figure class=\"wp-block-image size-large\"><a href=\"https:\/\/esglesiajove.barcelona\/wp-content\/uploads\/2024\/11\/Captura-de-pantalla-2023-01-19-a-las-14.12.47.png\"><img decoding=\"async\" data-id=\"36011\" src=\"https:\/\/esglesiajove.barcelona\/wp-content\/uploads\/2024\/11\/Captura-de-pantalla-2023-01-19-a-las-14.12.47.png\" alt=\"\" class=\"wp-image-36011\"\/><\/a><\/figure>\n\n\n\n<figure class=\"wp-block-image size-large\"><a href=\"https:\/\/esglesiajove.barcelona\/wp-content\/uploads\/DSC00021-scaled.jpg\"><img decoding=\"async\" data-id=\"36012\" src=\"https:\/\/esglesiajove.barcelona\/wp-content\/uploads\/2024\/11\/DSC00021.jpg\" alt=\"\" class=\"wp-image-36012\"\/><\/a><\/figure>\n\n\n\n<figure class=\"wp-block-image size-large\"><a href=\"https:\/\/esglesiajove.barcelona\/wp-content\/uploads\/2024\/11\/Captura-de-pantalla-2023-01-19-a-las-14.14.54.png\"><img decoding=\"async\" data-id=\"36013\" src=\"https:\/\/esglesiajove.barcelona\/wp-content\/uploads\/2024\/11\/Captura-de-pantalla-2023-01-19-a-las-14.14.54.png\" alt=\"\" class=\"wp-image-36013\"\/><\/a><\/figure>\n\n\n\n<figure class=\"wp-block-image size-large\"><a href=\"https:\/\/esglesiajove.barcelona\/wp-content\/uploads\/DSC00032-scaled.jpg\"><img decoding=\"async\" data-id=\"36014\" src=\"https:\/\/esglesiajove.barcelona\/wp-content\/uploads\/2024\/11\/DSC00032.jpg\" alt=\"\" class=\"wp-image-36014\"\/><\/a><\/figure>\n\n\n\n<figure class=\"wp-block-image size-large\"><a href=\"https:\/\/esglesiajove.barcelona\/wp-content\/uploads\/2024\/11\/Captura-de-pantalla-2023-01-19-a-las-14.14.20.png\"><img decoding=\"async\" data-id=\"36015\" src=\"https:\/\/esglesiajove.barcelona\/wp-content\/uploads\/2024\/11\/Captura-de-pantalla-2023-01-19-a-las-14.14.20.png\" alt=\"\" class=\"wp-image-36015\"\/><\/a><\/figure>\n\n\n\n<figure class=\"wp-block-image size-large\"><a href=\"https:\/\/esglesiajove.barcelona\/wp-content\/uploads\/2024\/11\/Captura-de-pantalla-2023-01-19-a-las-14.14.36.png\"><img decoding=\"async\" data-id=\"36016\" src=\"https:\/\/esglesiajove.barcelona\/wp-content\/uploads\/2024\/11\/Captura-de-pantalla-2023-01-19-a-las-14.14.36.png\" alt=\"\" class=\"wp-image-36016\"\/><\/a><\/figure>\n\n\n\n<figure class=\"wp-block-image size-large\"><a href=\"https:\/\/esglesiajove.barcelona\/wp-content\/uploads\/DSC00022-scaled.jpg\"><img decoding=\"async\" data-id=\"36017\" src=\"https:\/\/esglesiajove.barcelona\/wp-content\/uploads\/2024\/11\/DSC00022.jpg\" alt=\"\" class=\"wp-image-36017\"\/><\/a><\/figure>\n\n\n\n<figure class=\"wp-block-image size-large\"><a href=\"https:\/\/esglesiajove.barcelona\/wp-content\/uploads\/DSC00041-scaled.jpg\"><img decoding=\"async\" data-id=\"36018\" src=\"https:\/\/esglesiajove.barcelona\/wp-content\/uploads\/2024\/11\/DSC00041.jpg\" alt=\"\" class=\"wp-image-36018\"\/><\/a><\/figure>\n\n\n\n<figure class=\"wp-block-image size-large\"><a href=\"https:\/\/esglesiajove.barcelona\/wp-content\/uploads\/2024\/11\/Captura-de-pantalla-2023-01-19-a-las-14.15.46.png\"><img decoding=\"async\" data-id=\"36019\" src=\"https:\/\/esglesiajove.barcelona\/wp-content\/uploads\/2024\/11\/Captura-de-pantalla-2023-01-19-a-las-14.15.46.png\" alt=\"\" class=\"wp-image-36019\"\/><\/a><\/figure>\n\n\n\n<figure class=\"wp-block-image size-large\"><a href=\"https:\/\/esglesiajove.barcelona\/wp-content\/uploads\/2024\/11\/Captura-de-pantalla-2023-01-19-a-las-14.13.32.png\"><img decoding=\"async\" data-id=\"36020\" src=\"https:\/\/esglesiajove.barcelona\/wp-content\/uploads\/2024\/11\/Captura-de-pantalla-2023-01-19-a-las-14.13.32.png\" alt=\"\" class=\"wp-image-36020\"\/><\/a><\/figure>\n\n\n\n<figure class=\"wp-block-image size-large\"><a href=\"https:\/\/esglesiajove.barcelona\/wp-content\/uploads\/2024\/11\/Captura-de-pantalla-2023-01-19-a-las-14.14.27.png\"><img decoding=\"async\" data-id=\"36021\" src=\"https:\/\/esglesiajove.barcelona\/wp-content\/uploads\/2024\/11\/Captura-de-pantalla-2023-01-19-a-las-14.14.27.png\" alt=\"\" class=\"wp-image-36021\"\/><\/a><\/figure>\n\n\n\n<figure class=\"wp-block-image size-large\"><a href=\"https:\/\/esglesiajove.barcelona\/wp-content\/uploads\/DSC00019-scaled.jpg\"><img decoding=\"async\" data-id=\"36022\" src=\"https:\/\/esglesiajove.barcelona\/wp-content\/uploads\/2024\/11\/DSC00019.jpg\" alt=\"\" class=\"wp-image-36022\"\/><\/a><\/figure>\n\n\n\n<figure class=\"wp-block-image size-large\"><a href=\"https:\/\/esglesiajove.barcelona\/wp-content\/uploads\/DSC00031-scaled.jpg\"><img decoding=\"async\" data-id=\"36023\" src=\"https:\/\/esglesiajove.barcelona\/wp-content\/uploads\/2024\/11\/DSC00031.jpg\" alt=\"\" class=\"wp-image-36023\"\/><\/a><\/figure>\n\n\n\n<figure class=\"wp-block-image size-large\"><a href=\"https:\/\/esglesiajove.barcelona\/wp-content\/uploads\/2024\/11\/Captura-de-pantalla-2023-01-19-a-las-14.15.39.png\"><img decoding=\"async\" data-id=\"36024\" src=\"https:\/\/esglesiajove.barcelona\/wp-content\/uploads\/2024\/11\/Captura-de-pantalla-2023-01-19-a-las-14.15.39.png\" alt=\"\" class=\"wp-image-36024\"\/><\/a><\/figure>\n\n\n\n<figure class=\"wp-block-image size-large\"><a href=\"https:\/\/esglesiajove.barcelona\/wp-content\/uploads\/DSC00002-1-scaled.jpg\"><img decoding=\"async\" data-id=\"36025\" src=\"https:\/\/esglesiajove.barcelona\/wp-content\/uploads\/2024\/11\/DSC00002-1.jpg\" alt=\"\" class=\"wp-image-36025\"\/><\/a><\/figure>\n\n\n\n<figure class=\"wp-block-image size-large\"><a href=\"https:\/\/esglesiajove.barcelona\/wp-content\/uploads\/2024\/11\/Captura-de-pantalla-2023-01-19-a-las-14.14.45.png\"><img decoding=\"async\" data-id=\"36026\" src=\"https:\/\/esglesiajove.barcelona\/wp-content\/uploads\/2024\/11\/Captura-de-pantalla-2023-01-19-a-las-14.14.45.png\" alt=\"\" class=\"wp-image-36026\"\/><\/a><\/figure>\n\n\n\n<figure class=\"wp-block-image size-large\"><a href=\"https:\/\/esglesiajove.barcelona\/wp-content\/uploads\/2024\/11\/Captura-de-pantalla-2023-01-19-a-las-14.15.55.png\"><img decoding=\"async\" data-id=\"36028\" src=\"https:\/\/esglesiajove.barcelona\/wp-content\/uploads\/2024\/11\/Captura-de-pantalla-2023-01-19-a-las-14.15.55.png\" alt=\"\" class=\"wp-image-36028\"\/><\/a><\/figure>\n\n\n\n<figure class=\"wp-block-image size-large\"><a href=\"https:\/\/esglesiajove.barcelona\/wp-content\/uploads\/2024\/11\/Captura-de-pantalla-2023-01-19-a-las-14.14.09.png\"><img decoding=\"async\" data-id=\"36029\" src=\"https:\/\/esglesiajove.barcelona\/wp-content\/uploads\/2024\/11\/Captura-de-pantalla-2023-01-19-a-las-14.14.09.png\" alt=\"\" class=\"wp-image-36029\"\/><\/a><\/figure>\n\n\n\n<figure class=\"wp-block-image size-large\"><a href=\"https:\/\/esglesiajove.barcelona\/wp-content\/uploads\/DSC00038-scaled.jpg\"><img decoding=\"async\" data-id=\"36030\" src=\"https:\/\/esglesiajove.barcelona\/wp-content\/uploads\/2024\/11\/DSC00038.jpg\" alt=\"\" class=\"wp-image-36030\"\/><\/a><\/figure>\n\n\n\n<figure class=\"wp-block-image size-large\"><a href=\"https:\/\/esglesiajove.barcelona\/wp-content\/uploads\/2024\/11\/Captura-de-pantalla-2023-01-19-a-las-14.15.03.png\"><img decoding=\"async\" data-id=\"36033\" src=\"https:\/\/esglesiajove.barcelona\/wp-content\/uploads\/2024\/11\/Captura-de-pantalla-2023-01-19-a-las-14.15.03.png\" alt=\"\" class=\"wp-image-36033\"\/><\/a><\/figure>\n\n\n\n<figure class=\"wp-block-image size-large\"><a href=\"https:\/\/esglesiajove.barcelona\/wp-content\/uploads\/DSC00042-scaled.jpg\"><img decoding=\"async\" data-id=\"36034\" src=\"https:\/\/esglesiajove.barcelona\/wp-content\/uploads\/2024\/11\/DSC00042.jpg\" alt=\"\" class=\"wp-image-36034\"\/><\/a><\/figure>\n\n\n\n<figure class=\"wp-block-image size-large\"><a href=\"https:\/\/esglesiajove.barcelona\/wp-content\/uploads\/DSC00023-scaled.jpg\"><img decoding=\"async\" data-id=\"36035\" src=\"https:\/\/esglesiajove.barcelona\/wp-content\/uploads\/2024\/11\/DSC00023.jpg\" alt=\"\" class=\"wp-image-36035\"\/><\/a><\/figure>\n\n\n\n<figure class=\"wp-block-image size-large\"><a href=\"https:\/\/esglesiajove.barcelona\/wp-content\/uploads\/DSC00043-scaled.jpg\"><img decoding=\"async\" data-id=\"36036\" src=\"https:\/\/esglesiajove.barcelona\/wp-content\/uploads\/2024\/11\/DSC00043.jpg\" alt=\"\" class=\"wp-image-36036\"\/><\/a><\/figure>\n\n\n\n<figure class=\"wp-block-image size-large\"><a href=\"https:\/\/esglesiajove.barcelona\/wp-content\/uploads\/2024\/11\/Captura-de-pantalla-2023-01-19-a-las-14.15.12.png\"><img decoding=\"async\" data-id=\"36037\" src=\"https:\/\/esglesiajove.barcelona\/wp-content\/uploads\/2024\/11\/Captura-de-pantalla-2023-01-19-a-las-14.15.12.png\" alt=\"\" class=\"wp-image-36037\"\/><\/a><\/figure>\n\n\n\n<figure class=\"wp-block-image size-large\"><a href=\"https:\/\/esglesiajove.barcelona\/wp-content\/uploads\/DSC00040-scaled.jpg\"><img decoding=\"async\" data-id=\"36039\" src=\"https:\/\/esglesiajove.barcelona\/wp-content\/uploads\/2024\/11\/DSC00040.jpg\" alt=\"\" class=\"wp-image-36039\"\/><\/a><\/figure>\n\n\n\n<figure class=\"wp-block-image size-large\"><a href=\"https:\/\/esglesiajove.barcelona\/wp-content\/uploads\/DSC00020-scaled.jpg\"><img decoding=\"async\" data-id=\"36040\" src=\"https:\/\/esglesiajove.barcelona\/wp-content\/uploads\/2024\/11\/DSC00020.jpg\" alt=\"\" class=\"wp-image-36040\"\/><\/a><\/figure>\n\n\n\n<figure class=\"wp-block-image size-large\"><a href=\"https:\/\/esglesiajove.barcelona\/wp-content\/uploads\/DSC00004-scaled.jpg\"><img decoding=\"async\" data-id=\"36041\" src=\"https:\/\/esglesiajove.barcelona\/wp-content\/uploads\/2024\/11\/DSC00004.jpg\" alt=\"\" class=\"wp-image-36041\"\/><\/a><\/figure>\n\n\n\n<figure class=\"wp-block-image size-large\"><a href=\"https:\/\/esglesiajove.barcelona\/wp-content\/uploads\/DSC00013-scaled.jpg\"><img decoding=\"async\" data-id=\"36043\" src=\"https:\/\/esglesiajove.barcelona\/wp-content\/uploads\/2024\/11\/DSC00013.jpg\" alt=\"\" class=\"wp-image-36043\"\/><\/a><\/figure>\n\n\n\n<figure class=\"wp-block-image size-large\"><a href=\"https:\/\/esglesiajove.barcelona\/wp-content\/uploads\/DSC00001-1-scaled.jpg\"><img decoding=\"async\" data-id=\"36044\" src=\"https:\/\/esglesiajove.barcelona\/wp-content\/uploads\/2024\/11\/DSC00001-1.jpg\" alt=\"\" class=\"wp-image-36044\"\/><\/a><\/figure>\n\n\n\n<figure class=\"wp-block-image size-large\"><a href=\"https:\/\/esglesiajove.barcelona\/wp-content\/uploads\/DSC00017-scaled.jpg\"><img decoding=\"async\" data-id=\"36045\" src=\"https:\/\/esglesiajove.barcelona\/wp-content\/uploads\/2024\/11\/DSC00017.jpg\" alt=\"\" class=\"wp-image-36045\"\/><\/a><\/figure>\n\n\n\n<figure class=\"wp-block-image size-large\"><a href=\"https:\/\/esglesiajove.barcelona\/wp-content\/uploads\/DSC00027-scaled.jpg\"><img decoding=\"async\" data-id=\"36046\" src=\"https:\/\/esglesiajove.barcelona\/wp-content\/uploads\/2024\/11\/DSC00027.jpg\" alt=\"\" class=\"wp-image-36046\"\/><\/a><\/figure>\n\n\n\n<figure class=\"wp-block-image size-large\"><a href=\"https:\/\/esglesiajove.barcelona\/wp-content\/uploads\/DSC00003-1-scaled.jpg\"><img decoding=\"async\" data-id=\"36047\" src=\"https:\/\/esglesiajove.barcelona\/wp-content\/uploads\/2024\/11\/DSC00003-1.jpg\" alt=\"\" class=\"wp-image-36047\"\/><\/a><\/figure>\n\n\n\n<figure class=\"wp-block-image size-large\"><a href=\"https:\/\/esglesiajove.barcelona\/wp-content\/uploads\/2024\/11\/Captura-de-pantalla-2023-01-19-a-las-14.21.30.png\"><img decoding=\"async\" data-id=\"36042\" src=\"https:\/\/esglesiajove.barcelona\/wp-content\/uploads\/2024\/11\/Captura-de-pantalla-2023-01-19-a-las-14.21.30.png\" alt=\"\" class=\"wp-image-36042\"\/><\/a><\/figure>\n<\/figure>\n\n\n\n<figure class=\"wp-block-image size-large\"><img decoding=\"async\" src=\"https:\/\/esglesiajove.barcelona\/wp-content\/uploads\/2024\/11\/POST-1-2.jpg\" alt=\"\" class=\"wp-image-33792\"\/><\/figure>\n","protected":false},"excerpt":{"rendered":"<p>\u00a1Ayer se celebr\u00f3&nbsp;Connecta: Especial Navidad! Este a\u00f1o, la segunda edici\u00f3n reuni\u00f3 a m\u00e1s de 200 adolescentes de 26 realidades diferentes del Arzobispado de Barcelona.&nbsp; La tarde empezaba a las 4.30&nbsp;pm&#8230;.<\/p>\n","protected":false},"author":1,"featured_media":6381,"comment_status":"closed","ping_status":"closed","sticky":false,"template":"","format":"standard","meta":{"inline_featured_image":false,"footnotes":""},"categories":[],"tags":[],"class_list":["post-7518","post","type-post","status-publish","format-standard","has-post-thumbnail"],"_links":{"self":[{"href":"https:\/\/esglesiajove.barcelona\/es\/wp-json\/wp\/v2\/posts\/7518","targetHints":{"allow":["GET"]}}],"collection":[{"href":"https:\/\/esglesiajove.barcelona\/es\/wp-json\/wp\/v2\/posts"}],"about":[{"href":"https:\/\/esglesiajove.barcelona\/es\/wp-json\/wp\/v2\/types\/post"}],"author":[{"embeddable":true,"href":"https:\/\/esglesiajove.barcelona\/es\/wp-json\/wp\/v2\/users\/1"}],"replies":[{"embeddable":true,"href":"https:\/\/esglesiajove.barcelona\/es\/wp-json\/wp\/v2\/comments?post=7518"}],"version-history":[{"count":1,"href":"https:\/\/esglesiajove.barcelona\/es\/wp-json\/wp\/v2\/posts\/7518\/revisions"}],"predecessor-version":[{"id":7519,"href":"https:\/\/esglesiajove.barcelona\/es\/wp-json\/wp\/v2\/posts\/7518\/revisions\/7519"}],"wp:featuredmedia":[{"embeddable":true,"href":"https:\/\/esglesiajove.barcelona\/es\/wp-json\/wp\/v2\/media\/6381"}],"wp:attachment":[{"href":"https:\/\/esglesiajove.barcelona\/es\/wp-json\/wp\/v2\/media?parent=7518"}],"wp:term":[{"taxonomy":"category","embeddable":true,"href":"https:\/\/esglesiajove.barcelona\/es\/wp-json\/wp\/v2\/categories?post=7518"},{"taxonomy":"post_tag","embeddable":true,"href":"https:\/\/esglesiajove.barcelona\/es\/wp-json\/wp\/v2\/tags?post=7518"}],"curies":[{"name":"wp","href":"https:\/\/api.w.org\/{rel}","templated":true}]}}