{"id":7529,"date":"2023-01-08T15:00:55","date_gmt":"2023-01-08T14:00:55","guid":{"rendered":"https:\/\/esglesiajove.barcelona\/recordais-la-visita-de-benedicto-xvi-a-barcelona\/"},"modified":"2024-11-14T14:13:17","modified_gmt":"2024-11-14T13:13:17","slug":"recordais-la-visita-de-benedicto-xvi-a-barcelona","status":"publish","type":"post","link":"https:\/\/esglesiajove.barcelona\/es\/recordais-la-visita-de-benedicto-xvi-a-barcelona\/","title":{"rendered":"\u00bfRecord\u00e1is la visita de Benedicto XVI a Barcelona?"},"content":{"rendered":"\n<p>Seguramente, todo el mundo recordar\u00e1 la visita del papa Benedicto XVI a Barcelona los d\u00edas 6 y 7 de noviembre de 2010, cuando, 128 a\u00f1os despu\u00e9s de la colocaci\u00f3n de la primera piedra, consagr\u00f3 la Bas\u00edlica de la Sagrada Familia en una celebraci\u00f3n de la Eucarist\u00eda.<\/p>\n\n\n\n<div class=\"wp-block-columns is-layout-flex wp-container-core-columns-is-layout-9d6595d7 wp-block-columns-is-layout-flex\">\n<div class=\"wp-block-column is-layout-flow wp-block-column-is-layout-flow\">\n<h2 class=\"wp-block-heading\">En la web del arzobispado de Barcelona nos lo explican:<\/h2>\n\n\n\n<figure class=\"wp-block-embed is-type-wp-embed is-provider-arzobispado-de-barcelona wp-block-embed-arzobispado-de-barcelona\"><div class=\"wp-block-embed__wrapper\">\n<blockquote class=\"wp-embedded-content\" data-secret=\"UcHRKnLAIM\"><a href=\"https:\/\/esglesia.barcelona\/es\/actualitat\/ha-fallecido-joseph-razinger-el-papa-teologo\/\" target=\"_blank\" rel=\"noopener\">Ha fallecido Joseph Ratzinger, el Papa te\u00f3logo<\/a><\/blockquote><iframe loading=\"lazy\" class=\"wp-embedded-content\" sandbox=\"allow-scripts\" security=\"restricted\" style=\"position: absolute; visibility: hidden;\" title=\"\u00abHa fallecido Joseph Ratzinger, el Papa te\u00f3logo\u00bb \u2014 Arzobispado de Barcelona\" src=\"https:\/\/esglesia.barcelona\/es\/actualitat\/ha-fallecido-joseph-razinger-el-papa-teologo\/embed\/#?secret=GmGTT9bSrd#?secret=UcHRKnLAIM\" data-secret=\"UcHRKnLAIM\" width=\"600\" height=\"338\" frameborder=\"0\" marginwidth=\"0\" marginheight=\"0\" scrolling=\"no\"><\/iframe>\n<\/div><\/figure>\n<\/div>\n\n\n\n<div class=\"wp-block-column is-layout-flow wp-block-column-is-layout-flow\">\n<h2 class=\"wp-block-heading\">\u00a1Te recomendamos este p\u00f3dcast!<\/h2>\n\n\n\n<p>Para saber m\u00e1s sobre Joseph&nbsp;Ratzinger. (6 cap\u00edtulos)<\/p>\n\n\n\n<figure class=\"wp-block-embed is-type-rich is-provider-spotify wp-block-embed-spotify wp-embed-aspect-21-9 wp-has-aspect-ratio\"><div class=\"wp-block-embed__wrapper\">\nhttps:\/\/open.spotify.com\/episode\/3TNum8cJZ4ajV7DZ17iyc4?si=4d21151f25fd41a9\n<\/div><\/figure>\n\n\n\n<div style=\"height:30px\" aria-hidden=\"true\" class=\"wp-block-spacer\"><\/div>\n\n\n\n<div class=\"wp-block-buttons is-content-justification-center is-layout-flex wp-container-core-buttons-is-layout-16018d1d wp-block-buttons-is-layout-flex\">\n<div class=\"wp-block-button\"><a class=\"wp-block-button__link wp-element-button\" href=\"https:\/\/open.spotify.com\/show\/2tUdMlOsXIYSYyHpVENJtu?si=0b5e904914fa47b7\" target=\"_blank\" rel=\"noreferrer noopener\">\u00abBenedicto&nbsp;XVI, el Papa de la&nbsp;Tormenta\u00bb<\/a><\/div>\n<\/div>\n<\/div>\n<\/div>\n\n\n\n<h2 class=\"wp-block-heading\">El Papa pronunci\u00f3 en la homil\u00eda unas palabras que hoy recordamos:<\/h2>\n\n\n\n<figure class=\"wp-block-pullquote\"><blockquote><p>\u00abEl Se\u00f1or Jes\u00fas es la piedra que soporta el peso del mundo, que mantiene la cohesi\u00f3n de la Iglesia y que recoge en unidad final todas las conquistas de la humanidad. En \u00c9l tenemos la Palabra y la presencia de Dios, y de \u00c9l recibe la Iglesia su vida, su doctrina y su misi\u00f3n. La Iglesia no tiene consistencia por s\u00ed misma; est\u00e1 llamada a ser signo e instrumento de Cristo, en pura docilidad a su autoridad y total servicio a su mandato. El \u00fanico Cristo funda la \u00fanica Iglesia; \u00c9l es la roca sobre la cual se fundamenta nuestra fe. Apoyados en esta fe, buscamos juntos mostrar en el mundo el rostro de Dios, que es amor y el \u00fanico que puede responder el anhelo de plenitud del hombre. Esta es la gran tarea, mostrar a todos que Dios es Dios de paz y no de violencia, de libertad y no de coacci\u00f3n, de concordia y no de discordia\u00bb.<\/p><cite>PAPA BENEDICTO XVI<\/cite><\/blockquote><\/figure>\n\n\n\n\n\n<h2 class=\"wp-block-heading\">Ayer se celebr\u00f3 el funeral diocesano por el eterno descanso de Benedicto XVI en la Sagrada Familia<\/h2>\n\n\n\n<div class=\"wp-block-columns is-layout-flex wp-container-core-columns-is-layout-9d6595d7 wp-block-columns-is-layout-flex\">\n<div class=\"wp-block-column is-layout-flow wp-block-column-is-layout-flow\" style=\"flex-basis:66.66%\">\n<p>La celebraci\u00f3n eucar\u00edstica ha sido presidida por el cardenal Joan Josep&nbsp;Omella, arzobispo de Barcelona, y concelebrada por el arzobispo em\u00e9rito, el cardenal Llu\u00eds Mart\u00ednez&nbsp;Sistach, junto con los obispos auxiliares, Mons. Sergi&nbsp;Gordo&nbsp;y Mons. Javier Vilanova. Han asistido a la Misa funeral Albert&nbsp;Batlle, quinto teniente de alcald\u00eda, Carles Armengol, director general de Asuntos Religiosos, y el Dr. Josep Antoni&nbsp;Rom, rector de la Universitat Ramon Llull.<\/p>\n<\/div>\n\n\n\n<div class=\"wp-block-column is-layout-flow wp-block-column-is-layout-flow\" style=\"flex-basis:33.33%\">\n<figure class=\"wp-block-image size-large\"><img decoding=\"async\" src=\"https:\/\/esglesiajove.barcelona\/wp-content\/uploads\/2024\/11\/Missa-funeral-Benet-XVI-2.jpeg\" alt=\"\" class=\"wp-image-35042\"\/><\/figure>\n<\/div>\n<\/div>\n\n\n\n<p>En la homil\u00eda, el Cardenal ha remarcado de Benedicto XVI la \u00abgran capacidad intelectual que desarroll\u00f3 hasta el punto de ser reconocido como un gran maestro\u00bb, reconociendo que ha sabido \u00abhacer un verdadero di\u00e1logo entre la fe y la cultura de nuestro tiempo\u00bb. Finalmente, ha rogado por el descanso eterno del Papa em\u00e9rito, pidiendo: \u00abdesde la ventana del cielo bend\u00edcenos a nosotros e intercede ante el Se\u00f1or para que nuestra fe no desfallezca y seamos valientes y humildes ap\u00f3stoles del Evangelio\u00bb.<\/p>\n\n\n\n<p>Para acceder a la homil\u00eda entera, <a href=\"https:\/\/esglesia.barcelona\/wp-content\/uploads\/2023\/01\/BILINGUE-2023-01-07-Funeral-Papa-emerito-Benedicto-XVI.pdf\" target=\"_blank\" rel=\"noopener\">puedes clicar AQU\u00cd.<\/a><\/p>\n\n\n\n<p><\/p>\n\n\n\n<p><\/p>\n","protected":false},"excerpt":{"rendered":"<p>Seguramente, todo el mundo recordar\u00e1 la visita del papa Benedicto XVI a Barcelona los d\u00edas 6 y 7 de noviembre de 2010, cuando, 128 a\u00f1os despu\u00e9s de la colocaci\u00f3n de&#8230;<\/p>\n","protected":false},"author":1,"featured_media":6383,"comment_status":"closed","ping_status":"closed","sticky":false,"template":"","format":"standard","meta":{"inline_featured_image":false,"footnotes":""},"categories":[56],"tags":[],"class_list":{"0":"post-7529","1":"post","2":"type-post","3":"status-publish","4":"format-standard","5":"has-post-thumbnail","7":"category-articles"},"_links":{"self":[{"href":"https:\/\/esglesiajove.barcelona\/es\/wp-json\/wp\/v2\/posts\/7529","targetHints":{"allow":["GET"]}}],"collection":[{"href":"https:\/\/esglesiajove.barcelona\/es\/wp-json\/wp\/v2\/posts"}],"about":[{"href":"https:\/\/esglesiajove.barcelona\/es\/wp-json\/wp\/v2\/types\/post"}],"author":[{"embeddable":true,"href":"https:\/\/esglesiajove.barcelona\/es\/wp-json\/wp\/v2\/users\/1"}],"replies":[{"embeddable":true,"href":"https:\/\/esglesiajove.barcelona\/es\/wp-json\/wp\/v2\/comments?post=7529"}],"version-history":[{"count":1,"href":"https:\/\/esglesiajove.barcelona\/es\/wp-json\/wp\/v2\/posts\/7529\/revisions"}],"predecessor-version":[{"id":7531,"href":"https:\/\/esglesiajove.barcelona\/es\/wp-json\/wp\/v2\/posts\/7529\/revisions\/7531"}],"wp:featuredmedia":[{"embeddable":true,"href":"https:\/\/esglesiajove.barcelona\/es\/wp-json\/wp\/v2\/media\/6383"}],"wp:attachment":[{"href":"https:\/\/esglesiajove.barcelona\/es\/wp-json\/wp\/v2\/media?parent=7529"}],"wp:term":[{"taxonomy":"category","embeddable":true,"href":"https:\/\/esglesiajove.barcelona\/es\/wp-json\/wp\/v2\/categories?post=7529"},{"taxonomy":"post_tag","embeddable":true,"href":"https:\/\/esglesiajove.barcelona\/es\/wp-json\/wp\/v2\/tags?post=7529"}],"curies":[{"name":"wp","href":"https:\/\/api.w.org\/{rel}","templated":true}]}}