{"id":7545,"date":"2023-01-19T12:53:36","date_gmt":"2023-01-19T11:53:36","guid":{"rendered":"https:\/\/esglesiajove.barcelona\/adoracion-intersafors\/"},"modified":"2024-11-14T14:13:27","modified_gmt":"2024-11-14T13:13:27","slug":"adoracion-intersafors","status":"publish","type":"post","link":"https:\/\/esglesiajove.barcelona\/es\/adoracion-intersafors\/","title":{"rendered":"Adoraci\u00f3n Intersafors"},"content":{"rendered":"\n<h2 class=\"wp-block-heading\">El 27 de diciembre tuvimos la adoraci\u00f3n intersafors de Navidad. 50 j\u00f3venes de diferentes universidades se reunieron en la iglesia de Santa In\u00e9s para asistir a misa y a adoraci\u00f3n.<\/h2>\n\n\n\n<p>La misa estuvo presidida por Mn. Carlos Bosch, delegado de juventud de la di\u00f3cesis, y Mn. Jordi Dom\u00e8nech fue el encargado de exponer el Sant\u00edsimo y dirigir la adoraci\u00f3n. Fue un momento de reflexi\u00f3n y oraci\u00f3n, para escuchar a Dios en medio de Navidad y coger fuerza para el estudio. La exposici\u00f3n estuvo acompa\u00f1ada por cantos y guitarras, y tres sacerdotes de la di\u00f3cesis estuvieron confesando a los asistentes.<\/p>\n\n\n\n<p>Una vez finaliz\u00f3 la vela, m\u00e1s de 20 j\u00f3venes se quedaron a una cena de picapica en el s\u00f3tano de la parroquia de <a href=\"https:\/\/www.santaagnes.com\/EsglesiaCatolica.php?lg=SP\" target=\"_blank\" rel=\"noreferrer noopener\">Santa In\u00e9s<\/a>. Fue un momento de encuentro, no solo con Dios, sino con otros j\u00f3venes universitarios y participantes de la Peregrinaci\u00f3n Europea de la Juventud de este verano (puedes leer m\u00e1s sobre la experiencia de la PEJ <a href=\"https:\/\/esglesiajove.barcelona\/pej-22-pelegrinatge-europeu-de-joves\/\" target=\"_blank\" rel=\"noreferrer noopener\">aqu\u00ed<\/a>).<\/p>\n\n\n\n<p><strong>Si eres universitario y tienes ganas de conocer a j\u00f3venes como t\u00fa, te esperamos en tu Safor de confianza! <\/strong> <\/p>\n\n\n\n<div class=\"wp-block-buttons is-content-justification-center is-layout-flex wp-container-core-buttons-is-layout-16018d1d wp-block-buttons-is-layout-flex\">\n<div class=\"wp-block-button\"><a class=\"wp-block-button__link wp-element-button\" href=\"https:\/\/esglesiajove.barcelona\/safor\/\" target=\"_blank\" rel=\"noreferrer noopener\">Coneix el teu SAFOR!<\/a><\/div>\n<\/div>\n\n\n\n<div style=\"height:33px\" aria-hidden=\"true\" class=\"wp-block-spacer\"><\/div>\n\n\n\n<figure class=\"wp-block-image aligncenter size-large is-resized\"><img loading=\"lazy\" decoding=\"async\" src=\"https:\/\/esglesiajove.barcelona\/wp-content\/uploads\/2024\/11\/IMG_20221227_2106511.jpg\" alt=\"\" class=\"wp-image-36061\" width=\"424\" height=\"565\"\/><\/figure>\n","protected":false},"excerpt":{"rendered":"<p>El 27 de diciembre tuvimos la adoraci\u00f3n intersafors de Navidad. 50 j\u00f3venes de diferentes universidades se reunieron en la iglesia de Santa In\u00e9s para asistir a misa y a adoraci\u00f3n&#8230;.<\/p>\n","protected":false},"author":1,"featured_media":6384,"comment_status":"closed","ping_status":"closed","sticky":false,"template":"","format":"standard","meta":{"inline_featured_image":false,"footnotes":""},"categories":[],"tags":[],"class_list":["post-7545","post","type-post","status-publish","format-standard","has-post-thumbnail"],"_links":{"self":[{"href":"https:\/\/esglesiajove.barcelona\/es\/wp-json\/wp\/v2\/posts\/7545","targetHints":{"allow":["GET"]}}],"collection":[{"href":"https:\/\/esglesiajove.barcelona\/es\/wp-json\/wp\/v2\/posts"}],"about":[{"href":"https:\/\/esglesiajove.barcelona\/es\/wp-json\/wp\/v2\/types\/post"}],"author":[{"embeddable":true,"href":"https:\/\/esglesiajove.barcelona\/es\/wp-json\/wp\/v2\/users\/1"}],"replies":[{"embeddable":true,"href":"https:\/\/esglesiajove.barcelona\/es\/wp-json\/wp\/v2\/comments?post=7545"}],"version-history":[{"count":1,"href":"https:\/\/esglesiajove.barcelona\/es\/wp-json\/wp\/v2\/posts\/7545\/revisions"}],"predecessor-version":[{"id":7546,"href":"https:\/\/esglesiajove.barcelona\/es\/wp-json\/wp\/v2\/posts\/7545\/revisions\/7546"}],"wp:featuredmedia":[{"embeddable":true,"href":"https:\/\/esglesiajove.barcelona\/es\/wp-json\/wp\/v2\/media\/6384"}],"wp:attachment":[{"href":"https:\/\/esglesiajove.barcelona\/es\/wp-json\/wp\/v2\/media?parent=7545"}],"wp:term":[{"taxonomy":"category","embeddable":true,"href":"https:\/\/esglesiajove.barcelona\/es\/wp-json\/wp\/v2\/categories?post=7545"},{"taxonomy":"post_tag","embeddable":true,"href":"https:\/\/esglesiajove.barcelona\/es\/wp-json\/wp\/v2\/tags?post=7545"}],"curies":[{"name":"wp","href":"https:\/\/api.w.org\/{rel}","templated":true}]}}