{"id":7559,"date":"2023-01-29T23:26:35","date_gmt":"2023-01-29T22:26:35","guid":{"rendered":"https:\/\/esglesiajove.barcelona\/audiencia-de-los-sacerdotes-acompanantes-de-jovenes-con-el-papa-francisco\/"},"modified":"2024-11-14T14:13:37","modified_gmt":"2024-11-14T13:13:37","slug":"audiencia-de-los-sacerdotes-acompanantes-de-jovenes-con-el-papa-francisco","status":"publish","type":"post","link":"https:\/\/esglesiajove.barcelona\/es\/audiencia-de-los-sacerdotes-acompanantes-de-jovenes-con-el-papa-francisco\/","title":{"rendered":"Audiencia de los sacerdotes acompa\u00f1antes de j\u00f3venes con el Papa Francisco"},"content":{"rendered":"\n<p>Nuestros obispos y sacerdotes acompa\u00f1antes de j\u00f3venes de la archidi\u00f3cesis de Barcelona han viajado del 27 al 29 de enero a Roma. En una audiencia privada, presentaron al Papa Francisco el proyecto del <a href=\"https:\/\/esglesia.barcelona\/sortim-pla-pastoral\/\" target=\"_blank\" rel=\"noopener\">Plan Pastoral SORTIM!<\/a>, con uno de los ejes enfocado al discernimiento vocacional, a la vez que le hablaron de todos nosotros con el crecimiento que est\u00e1 experimentando la pastoral de juventud. <\/p>\n\n\n\n\n\n<div style=\"height:26px\" aria-hidden=\"true\" class=\"wp-block-spacer\"><\/div>\n\n\n\n<p>Animados por las tantas veces repetidas palabras del Santo Padre de fomentar una Iglesia \u00aben salida\u00bb, los representantes de la di\u00f3cesis le pidieron orientaci\u00f3n para encaminar el nuevo proyecto y al pen\u00faltimo eje, que se inici\u00f3 el octubre pasado y finalizar\u00e1 el pr\u00f3ximo mes de marzo.<\/p>\n\n\n\n<p>En su <a href=\"https:\/\/www.vatican.va\/content\/francesco\/es\/speeches\/2023\/january\/documents\/20230128-sacerdoti-spagna.html\" target=\"_blank\" rel=\"noopener\">discurso<\/a>, el Papa hizo una invitaci\u00f3n a la fraternidad, haciendo \u00e9nfasis en el ejemplo vocacional de los ap\u00f3stoles:<\/p>\n\n\n\n<h3 class=\"wp-block-heading\">\u00abLa experiencia de los ap\u00f3stoles siempre tiene un doble aspecto, personal y comunitario. Van juntos y no podemos separarlos. Somos, s\u00ed, llamados individualmente, pero siempre para ser parte de un grupo m\u00e1s grande, caminar juntos escuchando antes de hablar, saber colocarnos seg\u00fan convenga, tambi\u00e9n en medio y atr\u00e1s, no s\u00f3lo delante.\u00bb<\/h3>\n\n\n\n<p>Abrazar las cruces, rechazar la doble vida y el \u00abcarrerismo\u00bb dentro de la Iglesia, y apostar siempre por los sacramentos y la vida de oraci\u00f3n; fueron otros puntos importantes de su predicaci\u00f3n en respuesta a las orientaciones por el plan pastoral sobre el discernimiento.<\/p>\n\n\n\n<p>La visita cont\u00f3 con la presencia de los obispos auxiliares Javier Vilanova y Sergi Gordo, junto con 70 sacerdotes m\u00e1s. El cardenal Joan Josep Omella, no pudo asistir al acto, ya que se encontraba atendiendo un encuentro sobre el S\u00ednodo, en la Conferencia Episcopal Espa\u00f1ola.<\/p>\n\n\n\n<blockquote class=\"wp-block-quote is-layout-flow wp-block-quote-is-layout-flow\">\n<p>\u00abEn Barcelona, en lo alto de la monta\u00f1a del Tibidabo, se encuentra un templo construido por San Juan Bosco desde donde uno puede contemplar el inmenso campo al que hemos sido llamados a sembrar. (&#8230;) Cuando baja uno al entramado de calles que conforman nuestra di\u00f3cesis, es f\u00e1cil cruzarse con parroquias e instituciones educativas y sociales. En ellas nos encontramos, quiz\u00e1 de modo discreto, laicos comprometidos, di\u00e1conos, sacerdotes y obispos queriendo responder con fidelidad a la llamada del Se\u00f1or, a pesar de nuestras propias torpezas. <\/p>\n\n\n\n<p>Deseamos volver a nuestras parroquias impulsados por el Esp\u00edritu a cada uno de los rincones de la di\u00f3cesis. (&#8230;) Gracias, Santo Padre, por acoger a estos humildes servidores de la vi\u00f1a del Se\u00f1or. <\/p>\n<cite><strong>Mn. Carlos Bosch, director del Secretariado de la Pastoral con J\u00f3venes.<\/strong> <em>Palabras de presentaci\u00f3n en la audiencia privada con el Santo Padre<\/em>. <\/cite><\/blockquote>\n\n\n\n\n<p>Palabras ante el Papa Francisco del Director del Secretariado Diocesano de Pastoral con J\u00f3venes, de la Archidi\u00f3cesis de Barcelona<\/p>\n\n\n\n<p>Querido Santo Padre,<\/p>\n\n\n\n<p>Estamos profundamente agradecidos por regalarnos esta audiencia con usted.<\/p>\n\n\n\n<p>Es para nosotros una ocasi\u00f3n privilegiada de comuni\u00f3n y fraternidad. Comuni\u00f3n en torno al sucesor de Pedro y fraternidad en nuestro peregrinar a esta ciudad.<\/p>\n\n\n\n<p>En Barcelona, en lo alto de la monta\u00f1a del Tibidabo, se encuentra un templo construido por San Juan Bosco desde donde uno puede contemplar el inmenso campo al que hemos sido llamados a sembrar. Hombres y mujeres, adultos y j\u00f3venes, ancianos y ni\u00f1os\u2026 cada uno, igual que nosotros, esperando una palabra que ilumine y un gesto que, como dec\u00eda tantas veces el difunto obispo Toni, anime a \u201cvivir a lo grande\u201d, a vivir con Cristo.<\/p>\n\n\n\n<p>Cuando baja uno al entramado de calles que conforman nuestra di\u00f3cesis, es f\u00e1cil cruzarse con parroquias e instituciones educativas y sociales. En ellas nos encontramos, quiz\u00e1s de modo discreto, laicos comprometidos, di\u00e1conos, sacerdotes y obispos, queriendo responder con fidelidad a la llamada del Se\u00f1or, con la confianza puesta en el propietario de la vi\u00f1a, a pesar de nuestras propias torpezas.<\/p>\n\n\n\n<p>Deseamos volver a nuestras parroquias impulsados por el Esp\u00edritu a cada uno de los rincones de la di\u00f3cesis. Este a\u00f1o, con la mirada puesta en la Jornada Mundial de la Juventud, donde volveremos, Dios mediante, a encontrarnos.<\/p>\n\n\n\n<p>Estar con usted hoy es para nosotros ocasi\u00f3n de ahondar en el sentido de nuestras fatigas y esperanzas: hemos sido llamados para estar con \u00c9l y para a anunciar la Buena Noticia, Cristo mismo, la gran Esperanza.<\/p>\n\n\n\n<p>Gracias, Santo Padre, por acoger a estos humildes servidores de la Vi\u00f1a del Se\u00f1or.<\/p>\n\n\n\n<p>Mn. Carlos Bosch<\/p>\n\n\n\n\n\n<p>Recupera el discurso entero del Papa Francisco <a href=\"https:\/\/esglesiajove.barcelona\/wp-content\/uploads\/Def_Transcripcion-aproximada-de-las-Palabras-del-Papa-Francisco-a-los-sacerdotes-que-acompanan-a-jovenes-de-la-diocesis-de-Barcelona.pdf\" target=\"_blank\" rel=\"noreferrer noopener\">aqu\u00ed.<\/a><\/p>\n\n\n\n\n<div style=\"height:13px\" aria-hidden=\"true\" class=\"wp-block-spacer\"><\/div>\n\n\n\n<div class=\"wp-block-buttons is-content-justification-center is-layout-flex wp-container-core-buttons-is-layout-16018d1d wp-block-buttons-is-layout-flex\">\n<div class=\"wp-block-button\"><a class=\"wp-block-button__link wp-element-button\" href=\"https:\/\/esglesia.barcelona\/sortim-pla-pastoral\/\" target=\"_blank\" rel=\"noreferrer noopener\">Esto es el Plan Pastoral SORTIM! Desc\u00fabrelo AQU\u00cd!<\/a><\/div>\n<\/div>\n\n\n\n<p><\/p>\n\n\n\n<h3 class=\"wp-block-heading\"><strong>Notas de prensa: <\/strong><\/h3>\n\n\n\n<p><a href=\"https:\/\/www.vaticannews.va\/es\/papa\/news\/2023-01\/papa-francisco-encuentro-sacerdotes-pastoral-juvenil-barcelona.html\" target=\"_blank\" rel=\"noopener\">https:\/\/www.vaticannews.va\/es\/papa\/news\/2023-01\/papa-francisco-encuentro-sacerdotes-pastoral-juvenil-barcelona.html<\/a><\/p>\n\n\n\n<p><a href=\"https:\/\/www.lavanguardia.com\/vida\/20230128\/8716371\/papa-recibe-vaticano-sacerdotes-archidiocesis-barcelona.html\" target=\"_blank\" rel=\"noopener\">https:\/\/www.lavanguardia.com\/vida\/20230128\/8716371\/papa-recibe-vaticano-sacerdotes-archidiocesis-barcelona.html<\/a><\/p>\n\n\n\n<p><a href=\"https:\/\/www.vidanuevadigital.com\/2023\/01\/28\/el-papa-pide-a-los-sacerdotes-de-barcelona-aprender-y-ensenar-a-acoger-a-todos\/\" target=\"_blank\" rel=\"noopener\">https:\/\/www.vidanuevadigital.com\/2023\/01\/28\/el-papa-pide-a-los-sacerdotes-de-barcelona-aprender-y-ensenar-a-acoger-a-todos\/<\/a><\/p>\n\n\n\n<p><a href=\"https:\/\/esglesia.barcelona\/es\/actualitat\/el-papa-francisco-recibe-en-audiencia-privada-a-74-diocesanos-de-barcelona-vinculados-a-la-pastoral-juvenil\/ \" target=\"_blank\" rel=\"noopener\">https:\/\/esglesia.barcelona\/es\/actualitat\/el-papa-francisco-recibe-en-audiencia-privada-a-74-diocesanos-de-barcelona-vinculados-a-la-pastoral-juvenil\/ <\/a><\/p>\n\n\n\n<div class=\"wp-block-cover\"><span aria-hidden=\"true\" class=\"wp-block-cover__background has-background-dim\"><\/span><img decoding=\"async\" class=\"wp-block-cover__image-background wp-image-36957\" alt=\"\" src=\"https:\/\/esglesiajove.barcelona\/wp-content\/uploads\/2024\/11\/WhatsApp-Image-2023-01-28-at-14.58.37.jpeg\" data-object-fit=\"cover\"\/><div class=\"wp-block-cover__inner-container is-layout-flow wp-block-cover-is-layout-flow\">\n<p class=\"has-text-align-center has-large-font-size\"><strong>Nuestro equipo<\/strong><\/p>\n<\/div><\/div>\n\n\n\n<div style=\"height:27px\" aria-hidden=\"true\" class=\"wp-block-spacer\"><\/div>\n\n\n\n<figure class=\"wp-block-gallery has-nested-images columns-default is-cropped wp-block-gallery-1 is-layout-flex wp-block-gallery-is-layout-flex\">\n<figure class=\"wp-block-image size-large is-style-default\"><img decoding=\"async\" data-id=\"36956\" src=\"https:\/\/esglesiajove.barcelona\/wp-content\/uploads\/2024\/11\/IMG_0970.jpeg\" alt=\"\" class=\"wp-image-36956\"\/><\/figure>\n\n\n\n<figure class=\"wp-block-image size-large is-style-default\"><img decoding=\"async\" data-id=\"36960\" src=\"https:\/\/esglesiajove.barcelona\/wp-content\/uploads\/2024\/11\/WhatsApp-Image-2023-01-28-at-17.42.12.jpeg\" alt=\"\" class=\"wp-image-36960\"\/><figcaption class=\"wp-element-caption\">Copyright Vatican Media <\/figcaption><\/figure>\n\n\n\n<figure class=\"wp-block-image size-large is-style-default\"><img decoding=\"async\" data-id=\"36958\" src=\"https:\/\/esglesiajove.barcelona\/wp-content\/uploads\/2024\/11\/WhatsApp-Image-2023-01-28-at-17.31.16.jpeg\" alt=\"\" class=\"wp-image-36958\"\/><\/figure>\n\n\n\n<figure class=\"wp-block-image size-large is-style-default\"><img decoding=\"async\" data-id=\"36959\" src=\"https:\/\/esglesiajove.barcelona\/wp-content\/uploads\/2024\/11\/WhatsApp-Image-2023-01-28-at-17.31.17.jpeg\" alt=\"\" class=\"wp-image-36959\"\/><\/figure>\n\n\n\n<figure class=\"wp-block-image size-large is-style-default\"><img decoding=\"async\" data-id=\"36961\" src=\"https:\/\/esglesiajove.barcelona\/wp-content\/uploads\/2024\/11\/WhatsApp-Image-2023-01-28-at-17.32.53.jpeg\" alt=\"\" class=\"wp-image-36961\"\/><figcaption class=\"wp-element-caption\">Copyright Vatican Media <\/figcaption><\/figure>\n\n\n\n<figure class=\"wp-block-image size-large\"><img decoding=\"async\" data-id=\"37435\" src=\"https:\/\/esglesiajove.barcelona\/wp-content\/uploads\/2024\/11\/00833_28012023.jpg\" alt=\"\" class=\"wp-image-37435\"\/><\/figure>\n<\/figure>\n","protected":false},"excerpt":{"rendered":"<p>Nuestros obispos y sacerdotes acompa\u00f1antes de j\u00f3venes de la archidi\u00f3cesis de Barcelona han viajado del 27 al 29 de enero a Roma. En una audiencia privada, presentaron al Papa Francisco&#8230;<\/p>\n","protected":false},"author":1,"featured_media":6386,"comment_status":"closed","ping_status":"closed","sticky":false,"template":"","format":"standard","meta":{"inline_featured_image":false,"footnotes":""},"categories":[56],"tags":[],"class_list":{"0":"post-7559","1":"post","2":"type-post","3":"status-publish","4":"format-standard","5":"has-post-thumbnail","7":"category-articles"},"_links":{"self":[{"href":"https:\/\/esglesiajove.barcelona\/es\/wp-json\/wp\/v2\/posts\/7559","targetHints":{"allow":["GET"]}}],"collection":[{"href":"https:\/\/esglesiajove.barcelona\/es\/wp-json\/wp\/v2\/posts"}],"about":[{"href":"https:\/\/esglesiajove.barcelona\/es\/wp-json\/wp\/v2\/types\/post"}],"author":[{"embeddable":true,"href":"https:\/\/esglesiajove.barcelona\/es\/wp-json\/wp\/v2\/users\/1"}],"replies":[{"embeddable":true,"href":"https:\/\/esglesiajove.barcelona\/es\/wp-json\/wp\/v2\/comments?post=7559"}],"version-history":[{"count":1,"href":"https:\/\/esglesiajove.barcelona\/es\/wp-json\/wp\/v2\/posts\/7559\/revisions"}],"predecessor-version":[{"id":7560,"href":"https:\/\/esglesiajove.barcelona\/es\/wp-json\/wp\/v2\/posts\/7559\/revisions\/7560"}],"wp:featuredmedia":[{"embeddable":true,"href":"https:\/\/esglesiajove.barcelona\/es\/wp-json\/wp\/v2\/media\/6386"}],"wp:attachment":[{"href":"https:\/\/esglesiajove.barcelona\/es\/wp-json\/wp\/v2\/media?parent=7559"}],"wp:term":[{"taxonomy":"category","embeddable":true,"href":"https:\/\/esglesiajove.barcelona\/es\/wp-json\/wp\/v2\/categories?post=7559"},{"taxonomy":"post_tag","embeddable":true,"href":"https:\/\/esglesiajove.barcelona\/es\/wp-json\/wp\/v2\/tags?post=7559"}],"curies":[{"name":"wp","href":"https:\/\/api.w.org\/{rel}","templated":true}]}}