{"id":7576,"date":"2024-02-12T11:09:03","date_gmt":"2024-02-12T10:09:03","guid":{"rendered":"https:\/\/esglesiajove.barcelona\/hace-dos-anys-que-nos-dejo-el-obispo-toni-vadell\/"},"modified":"2025-01-08T11:03:24","modified_gmt":"2025-01-08T10:03:24","slug":"hace-dos-anys-que-nos-dejo-el-obispo-toni-vadell","status":"publish","type":"post","link":"https:\/\/esglesiajove.barcelona\/es\/hace-dos-anys-que-nos-dejo-el-obispo-toni-vadell\/","title":{"rendered":"Hace dos anys que nos dej\u00f3 el obispo Toni\u00a0Vadell"},"content":{"rendered":"\n<p>Hoy hace dos a\u00f1os de la muerte del obispo auxiliar de Barcelona Antoni\u00a0Vadell\u00a0y Ferrer o como muchos le llamaban, simplemente el obispo Toni. A pesar de afrontar un c\u00e1ncer de p\u00e1ncreas que hizo que nos dejara a los 49 a\u00f1os, el obispo Toni supo verse en la\u00a0enfermedad, como \u00e9l dec\u00eda, un privilegiado.\u00a0<\/p>\n\n\n\n<h3 class=\"wp-block-heading\">Desde&nbsp;EJB&nbsp;queremos hacer un repaso del ejemplo de vida de nuestro estimado obispo Toni.&nbsp;<\/h3>\n\n\n\n<p>Antoni&nbsp;Vadell&nbsp;y Ferrer naci\u00f3 el 17 de mayo de 1972 en Llucmajor, en Mallorca. A los 25 a\u00f1os se orden\u00f3 sacerdote a la parroquia del Beato Ramon Llull, pasando m\u00e1s adelante a dirigir el Seminario Menor de Mallorca y a ser vicario de los colegios parroquiales de Sant Josep Oriol y Corpus&nbsp;Christi, en Son Algodonero.&nbsp;<\/p>\n\n\n\n<p>Una vez nombrado obispo auxiliar, en Barcelona, fue encargado de la pastoral juvenil, entre otras tareas. De \u00e9l surgieron iniciativas como el <a href=\"https:\/\/esglesiajove.barcelona\/grup-joan-roig-inicios\/\" target=\"_blank\" rel=\"noreferrer noopener\">Grup Joan Roig<\/a>, encargado de difundir la doctrina social de la iglesia como lo hizo el <a href=\"https:\/\/www.youtube.com\/watch?v=1xiYQjm1PIw\" target=\"_blank\" rel=\"noreferrer noopener\">beato Joan Roig<\/a>, a quien el obispo encomend\u00f3 su enfermedad. Este amor que \u00e9l ten\u00eda por los j\u00f3venes lo hac\u00eda notar siempre que pod\u00eda gracias a su vocaci\u00f3n de comunicador y, en varias ocasiones, a trav\u00e9s de audios de Whatsapp que envi\u00f3 a integrantes del Grupo Joan Roig y particulares.&nbsp;<\/p>\n\n\n\n<p>Su testmonio de amor y amistad lleg\u00f3 tan lejos en la&nbsp;salud&nbsp;como en la enfermedad, acercando a Dios la gente que ten\u00eda al lado los meses que pas\u00f3 en el hospital y materializ\u00e1ndose en tantos j\u00f3venes que asistieron a las <a href=\"https:\/\/esglesiajove.barcelona\/vela-de-plegaria-por-el-obispo-toni\/\" target=\"_blank\" rel=\"noreferrer noopener\">velas de oraci\u00f3n<\/a> pidiendo por su curaci\u00f3n. Tambi\u00e9n en el gran n\u00famero de personas que se congregaron en sus exequias en la catedral de Barcelona. Muri\u00f3 el d\u00eda de Santa Eul\u00e0lia, patrona de Barcelona, esta ciudad que la acogi\u00f3 con tanto aprecio y que \u00e9l hizo suya.&nbsp;<\/p>\n\n\n\n<p>Est\u00e0 enterrado en su pueblo natal, que algunos tuvieron la oportunidad de visitar este verano al <a href=\"https:\/\/esglesiajove.barcelona\/viaje-a-mallorca\/\" target=\"_blank\" rel=\"noreferrer noopener\">peregrinaje de j\u00f3venes del Grupo Joan Roig<\/a>. Antoni&nbsp;Vadell&nbsp;y Ferrer, con 45 a\u00f1os, fue el prelado m\u00e1s joven del estado espa\u00f1ol y el primer mallorqu\u00edn en 50 a\u00f1os. Algunos lo denominaban \u00abel obispo de la eterna sonrisa\u00bb.<\/p>\n\n\n\n<p><\/p>\n\n\n\n\n\n<div style=\"height:100px\" aria-hidden=\"true\" class=\"wp-block-spacer\"><\/div>\n\n\n\n<figure class=\"wp-block-embed is-type-video is-provider-youtube wp-block-embed-youtube wp-embed-aspect-16-9 wp-has-aspect-ratio\"><div class=\"wp-block-embed__wrapper\">\n<iframe loading=\"lazy\" title=\"Ha mort Mons. Antoni Vadell i Ferrer, bisbe auxiliar de Barcelona\" width=\"1080\" height=\"608\" src=\"https:\/\/www.youtube.com\/embed\/KPmvG9ZR-XM?feature=oembed\" frameborder=\"0\" allow=\"accelerometer; autoplay; clipboard-write; encrypted-media; gyroscope; picture-in-picture; web-share\" referrerpolicy=\"strict-origin-when-cross-origin\" allowfullscreen><\/iframe>\n<\/div><figcaption class=\"wp-element-caption\">\u00abEl Se\u00f1or no nos ahorra ning\u00fan sacrificio, pero nos lo da todo. Me mantengo a la barca gracias a Cristo, ser\u00e9 y entregado\u00bb<\/figcaption><\/figure>\n\n\n\n<p><\/p>\n\n\n\n<h2 class=\"wp-block-heading\">Recopilaci\u00f3n de audios de sus \u00faltimos meses a los grupos de Whatsapp de&nbsp;EJB<\/h2>\n\n\n\n<p>Por las transcripciones de los audios <a href=\"https:\/\/esglesiajove.barcelona\/wp-content\/uploads\/Audios-Bisbe-Toni.pdf\" target=\"_blank\" rel=\"noreferrer noopener\">desc\u00e1rgatelas&nbsp;aqu\u00ed<\/a>:<\/p>\n\n\n\n<div class=\"wp-block-columns is-layout-flex wp-container-core-columns-is-layout-9d6595d7 wp-block-columns-is-layout-flex\">\n<div class=\"wp-block-column is-layout-flow wp-block-column-is-layout-flow\">\n<div class=\"wp-block-buttons is-layout-flex wp-block-buttons-is-layout-flex\">\n<div class=\"wp-block-button\"><a class=\"wp-block-button__link wp-element-button\" href=\"https:\/\/go.ivoox.com\/rf\/102881813\" target=\"_blank\" rel=\"noreferrer noopener\">Como afrontar la enfermedad <\/a><\/div>\n\n\n\n<div class=\"wp-block-button\"><a class=\"wp-block-button__link wp-element-button\" href=\"https:\/\/go.ivoox.com\/rf\/102931037\" target=\"_blank\" rel=\"noreferrer noopener\">C\u00f3mo \u00e9l quer\u00eda la gente<\/a><\/div>\n\n\n\n<div class=\"wp-block-button\"><a class=\"wp-block-button__link wp-element-button\" href=\"https:\/\/go.ivoox.com\/rf\/102931240\" target=\"_blank\" rel=\"noreferrer noopener\">Su testigo en el hospital<\/a><\/div>\n<\/div>\n<\/div>\n\n\n\n<div class=\"wp-block-column is-layout-flow wp-block-column-is-layout-flow\">\n<div class=\"wp-block-buttons is-layout-flex wp-block-buttons-is-layout-flex\">\n<div class=\"wp-block-button\"><a class=\"wp-block-button__link wp-element-button\" href=\"https:\/\/go.ivoox.com\/rf\/102931031\" target=\"_blank\" rel=\"noreferrer noopener\">Servir la Iglesia tambi\u00e9n en la enfermedad<\/a><\/div>\n\n\n\n<div class=\"wp-block-button\"><a class=\"wp-block-button__link wp-element-button\" href=\"https:\/\/go.ivoox.com\/rf\/102931131\" target=\"_blank\" rel=\"noreferrer noopener\">Humildad al escuchar el cuerpo y el consejo de los m\u00e9dicos<\/a><\/div>\n\n\n\n<div class=\"wp-block-button\"><a class=\"wp-block-button__link wp-element-button\" href=\"https:\/\/go.ivoox.com\/rf\/102931357\" target=\"_blank\" rel=\"noreferrer noopener\">Una catequesis sobre el regalo de la vida<\/a><\/div>\n<\/div>\n<\/div>\n\n\n\n<div class=\"wp-block-column is-layout-flow wp-block-column-is-layout-flow\">\n<div class=\"wp-block-buttons is-layout-flex wp-block-buttons-is-layout-flex\">\n<div class=\"wp-block-button\"><a class=\"wp-block-button__link wp-element-button\" href=\"https:\/\/go.ivoox.com\/rf\/102931211\" target=\"_blank\" rel=\"noreferrer noopener\">El Santo padre le llama<\/a><\/div>\n\n\n\n<div class=\"wp-block-button\"><a class=\"wp-block-button__link wp-element-button\" href=\"https:\/\/go.ivoox.com\/rf\/102931273\" target=\"_blank\" rel=\"noreferrer noopener\">C\u00f3mo supo entender los enfermos<\/a><\/div>\n\n\n\n<div class=\"wp-block-button\"><a class=\"wp-block-button__link wp-element-button\" href=\"https:\/\/go.ivoox.com\/rf\/102931034\" target=\"_blank\" rel=\"noreferrer noopener\">C\u00f3mo lo apreciaba la gente<\/a><\/div>\n<\/div>\n<\/div>\n<\/div>\n\n\n\n<p>Vi\u00f1eta del audio \u00abComo lo apreciaba la gente\u00bb (www.claudiamata.com):<\/p>\n\n\n\n<figure class=\"wp-block-gallery has-nested-images columns-default is-cropped wp-block-gallery-1 is-layout-flex wp-block-gallery-is-layout-flex\">\n<figure class=\"wp-block-image size-large\"><a href=\"https:\/\/esglesiajove.barcelona\/fa-un-any-ens-va-deixar-el-bisbe-toni-vadell\/whatsapp-image-2023-02-13-at-16-50-02\/\" target=\"_blank\" rel=\"noopener\"><img decoding=\"async\" data-id=\"38417\" src=\"https:\/\/esglesiajove.barcelona\/wp-content\/uploads\/2024\/11\/WhatsApp-Image-2023-02-13-at-16.50.02.jpeg\" alt=\"\" class=\"wp-image-38417\"\/><\/a><\/figure>\n\n\n\n<figure class=\"wp-block-image size-large\"><a href=\"https:\/\/esglesiajove.barcelona\/fa-un-any-ens-va-deixar-el-bisbe-toni-vadell\/whatsapp-image-2023-02-13-at-16-50-07\/\" target=\"_blank\" rel=\"noopener\"><img decoding=\"async\" data-id=\"38418\" src=\"https:\/\/esglesiajove.barcelona\/wp-content\/uploads\/2024\/11\/WhatsApp-Image-2023-02-13-at-16.50.07.jpeg\" alt=\"\" class=\"wp-image-38418\"\/><\/a><\/figure>\n\n\n\n<figure class=\"wp-block-image size-large\"><a href=\"https:\/\/esglesiajove.barcelona\/fa-un-any-ens-va-deixar-el-bisbe-toni-vadell\/whatsapp-image-2023-02-13-at-16-50-15\/\" target=\"_blank\" rel=\"noopener\"><img decoding=\"async\" data-id=\"38410\" src=\"https:\/\/esglesiajove.barcelona\/wp-content\/uploads\/2024\/11\/WhatsApp-Image-2023-02-13-at-16.50.15.jpeg\" alt=\"\" class=\"wp-image-38410\"\/><\/a><\/figure>\n\n\n\n<figure class=\"wp-block-image size-large\"><a href=\"https:\/\/esglesiajove.barcelona\/fa-un-any-ens-va-deixar-el-bisbe-toni-vadell\/whatsapp-image-2023-02-13-at-16-50-25\/\" target=\"_blank\" rel=\"noopener\"><img decoding=\"async\" data-id=\"38409\" src=\"https:\/\/esglesiajove.barcelona\/wp-content\/uploads\/2024\/11\/WhatsApp-Image-2023-02-13-at-16.50.25.jpeg\" alt=\"\" class=\"wp-image-38409\"\/><\/a><\/figure>\n\n\n\n<figure class=\"wp-block-image size-large\"><a href=\"https:\/\/esglesiajove.barcelona\/fa-un-any-ens-va-deixar-el-bisbe-toni-vadell\/whatsapp-image-2023-02-13-at-16-50-30\/\" target=\"_blank\" rel=\"noopener\"><img decoding=\"async\" data-id=\"38413\" src=\"https:\/\/esglesiajove.barcelona\/wp-content\/uploads\/2024\/11\/WhatsApp-Image-2023-02-13-at-16.50.30.jpeg\" alt=\"\" class=\"wp-image-38413\"\/><\/a><\/figure>\n\n\n\n<figure class=\"wp-block-image size-large\"><a href=\"https:\/\/esglesiajove.barcelona\/fa-un-any-ens-va-deixar-el-bisbe-toni-vadell\/whatsapp-image-2023-02-13-at-16-50-38\/\" target=\"_blank\" rel=\"noopener\"><img decoding=\"async\" data-id=\"38416\" src=\"https:\/\/esglesiajove.barcelona\/wp-content\/uploads\/2024\/11\/WhatsApp-Image-2023-02-13-at-16.50.38.jpeg\" alt=\"\" class=\"wp-image-38416\"\/><\/a><\/figure>\n\n\n\n<figure class=\"wp-block-image size-large\"><a href=\"https:\/\/esglesiajove.barcelona\/fa-un-any-ens-va-deixar-el-bisbe-toni-vadell\/whatsapp-image-2023-02-13-at-16-50-47\/\" target=\"_blank\" rel=\"noopener\"><img decoding=\"async\" data-id=\"38411\" src=\"https:\/\/esglesiajove.barcelona\/wp-content\/uploads\/2024\/11\/WhatsApp-Image-2023-02-13-at-16.50.47.jpeg\" alt=\"\" class=\"wp-image-38411\"\/><\/a><\/figure>\n\n\n\n<figure class=\"wp-block-image size-large\"><a href=\"https:\/\/esglesiajove.barcelona\/fa-un-any-ens-va-deixar-el-bisbe-toni-vadell\/whatsapp-image-2023-02-13-at-16-50-54\/\" target=\"_blank\" rel=\"noopener\"><img decoding=\"async\" data-id=\"38415\" src=\"https:\/\/esglesiajove.barcelona\/wp-content\/uploads\/2024\/11\/WhatsApp-Image-2023-02-13-at-16.50.54.jpeg\" alt=\"\" class=\"wp-image-38415\"\/><\/a><\/figure>\n\n\n\n<figure class=\"wp-block-image size-large\"><a href=\"https:\/\/esglesiajove.barcelona\/fa-un-any-ens-va-deixar-el-bisbe-toni-vadell\/whatsapp-image-2023-02-13-at-16-51-03\/\" target=\"_blank\" rel=\"noopener\"><img decoding=\"async\" data-id=\"38414\" src=\"https:\/\/esglesiajove.barcelona\/wp-content\/uploads\/2024\/11\/WhatsApp-Image-2023-02-13-at-16.51.03.jpeg\" alt=\"\" class=\"wp-image-38414\"\/><\/a><\/figure>\n\n\n\n<figure class=\"wp-block-image size-large\"><a href=\"https:\/\/esglesiajove.barcelona\/fa-un-any-ens-va-deixar-el-bisbe-toni-vadell\/whatsapp-image-2023-02-13-at-16-51-21\/\" target=\"_blank\" rel=\"noopener\"><img decoding=\"async\" data-id=\"38412\" src=\"https:\/\/esglesiajove.barcelona\/wp-content\/uploads\/2024\/11\/WhatsApp-Image-2023-02-13-at-16.51.21.jpeg\" alt=\"\" class=\"wp-image-38412\"\/><\/a><\/figure>\n<\/figure>\n\n\n\n<h2 class=\"wp-block-heading\">Catequesis durante la <a href=\"https:\/\/esglesiajove.barcelona\/ruta-pais-vasco\/\" target=\"_blank\" rel=\"noreferrer noopener\">Ruta al Pa\u00eds Vasco<\/a> (2021)<\/h2>\n\n\n\n<div class=\"wp-block-columns is-layout-flex wp-container-core-columns-is-layout-9d6595d7 wp-block-columns-is-layout-flex\">\n<div class=\"wp-block-column is-layout-flow wp-block-column-is-layout-flow\">\n<div data-wp-interactive=\"core\/file\" class=\"wp-block-file\"><object data-wp-bind--hidden=\"!state.hasPdfPreview\" hidden class=\"wp-block-file__embed\" data=\"https:\/\/esglesiajove.barcelona\/wp-content\/uploads\/TRANSCRIPCIO.pdf\" type=\"application\/pdf\" style=\"width:100%;height:600px\" aria-label=\"Incrustado de TRANSCRIPCIO.\"><\/object><a id=\"wp-block-file--media-ecab7e8b-a65c-4203-ae71-a920d315ab4f\" href=\"https:\/\/esglesiajove.barcelona\/wp-content\/uploads\/TRANSCRIPCIO.pdf\">TRANSCRIPCIO<\/a><a href=\"https:\/\/esglesiajove.barcelona\/wp-content\/uploads\/TRANSCRIPCIO.pdf\" class=\"wp-block-file__button wp-element-button\" aria-describedby=\"wp-block-file--media-ecab7e8b-a65c-4203-ae71-a920d315ab4f\" download>Baixa<\/a><\/div>\n<\/div>\n\n\n\n<div class=\"wp-block-column is-layout-flow wp-block-column-is-layout-flow\">\n<div class=\"wp-block-buttons is-content-justification-center is-layout-flex wp-container-core-buttons-is-layout-16018d1d wp-block-buttons-is-layout-flex\">\n<div class=\"wp-block-button\"><a class=\"wp-block-button__link wp-element-button\" href=\"https:\/\/drive.google.com\/drive\/folders\/1YWS8Pe43T5ZobMKke8qWPCiOMpjoxYFu\" target=\"_blank\" rel=\"noreferrer noopener\">Escucha los audios de la Ruta al Pa\u00eds Vasco<\/a><\/div>\n<\/div>\n\n\n\n<div style=\"height:19px\" aria-hidden=\"true\" class=\"wp-block-spacer\"><\/div>\n\n\n\n<div data-wp-interactive=\"core\/file\" class=\"wp-block-file\"><object data-wp-bind--hidden=\"!state.hasPdfPreview\" hidden class=\"wp-block-file__embed\" data=\"https:\/\/esglesiajove.barcelona\/wp-content\/uploads\/Estampa-Bisbe-Toni-1.pdf\" type=\"application\/pdf\" style=\"width:100%;height:600px\" aria-label=\"Incrustado de Estampa-Bisbe-Toni-1.\"><\/object><a id=\"wp-block-file--media-420ab464-43a3-496b-b83f-dd83f6be04ea\" href=\"https:\/\/esglesiajove.barcelona\/wp-content\/uploads\/Estampa-Bisbe-Toni-1.pdf\">Estampa-Bisbe-Toni-1<\/a><a href=\"https:\/\/esglesiajove.barcelona\/wp-content\/uploads\/Estampa-Bisbe-Toni-1.pdf\" class=\"wp-block-file__button wp-element-button\" aria-describedby=\"wp-block-file--media-420ab464-43a3-496b-b83f-dd83f6be04ea\" download><br><br>Estampa provisional para la devoci\u00f3n privada.&nbsp;<br>*Qui\u00e9n&nbsp;lo desee, puede dirigirse en la sede del Secretariado de Juventud a recogerla en papel.<\/a><\/div>\n<\/div>\n<\/div>\n\n\n\n<p><\/p>\n\n\n\n<h2 class=\"wp-block-heading\">Recopilaci\u00f3n de prensa y materiales para conocer su vida<\/h2>\n\n\n\n<p>Los inicios de un comunicador nato: <a href=\"https:\/\/youtu.be\/i2jxJ0SqmoY\" target=\"_blank\" rel=\"noopener\">El obispo Toni a IB3 (televisi\u00f3n de les Illes Balears) 1\/2<\/a>  &#8211; <a href=\"https:\/\/youtu.be\/NnqRVLsy6A8\" target=\"_blank\" rel=\"noopener\">El obispo Toni a IB3 2\/2<\/a> <\/p>\n\n\n\n<p><a href=\"https:\/\/youtu.be\/q1zhhXTr0aU\" target=\"_blank\" rel=\"noopener\">Entrevista en IB3 el a\u00f1o de su nombramiento como a obispo auxiliar <\/a><\/p>\n\n\n\n<p><a href=\"https:\/\/youtu.be\/c7RpsCYs3QE\" target=\"_blank\" rel=\"noopener\">Testimonios de amigos, compa\u00f1eros y su madre hablan de su nombramiento<\/a><\/p>\n\n\n\n<p><a href=\"https:\/\/catalunyacristiana.cat\/era-el-germa-perfecte-lamic-perfecte-el-capella-perfecte-era-un-10\/\" target=\"_blank\" rel=\"noopener\">\u00abEra el hermano perfecto, el amigo perfecto, el sacerdote perfecto; era un 10\u00bb. Entrevista de su hermano a Catalunya Cristiana <\/a><\/p>\n\n\n\n<p><a href=\"https:\/\/youtu.be\/gcn8DY8rSP0\" target=\"_blank\" rel=\"noopener\">\u00abGaudete in Domino Semper\u00bb &#8211; La huella de Mons. Antoni Vadell i Ferrer. Obispado de Mallorca <\/a><\/p>\n\n\n\n<p><a href=\"https:\/\/ib3.org\/mossen-antoni-vadell-ja-te-un-carrer-amb-el-seu-nom-a-llucmajor\" target=\"_blank\" rel=\"noopener\">Una calle con su nombre Llucmajor<\/a><\/p>\n\n\n\n<figure class=\"wp-block-image size-full is-resized is-style-default\"><img decoding=\"async\" src=\"https:\/\/esglesiajove.barcelona\/wp-content\/uploads\/2024\/11\/WhatsApp-Image-2023-02-11-at-00.29.22.jpeg\" alt=\"\" class=\"wp-image-38171\" style=\"width:520px;height:390px\"\/><\/figure>\n\n\n\n<p><\/p>\n","protected":false},"excerpt":{"rendered":"<p>Hoy hace dos a\u00f1os de la muerte del obispo auxiliar de Barcelona Antoni\u00a0Vadell\u00a0y Ferrer o como muchos le llamaban, simplemente el obispo Toni. A pesar de afrontar un c\u00e1ncer de&#8230;<\/p>\n","protected":false},"author":1,"featured_media":6387,"comment_status":"closed","ping_status":"closed","sticky":false,"template":"","format":"standard","meta":{"inline_featured_image":false,"footnotes":""},"categories":[56],"tags":[],"class_list":{"0":"post-7576","1":"post","2":"type-post","3":"status-publish","4":"format-standard","5":"has-post-thumbnail","7":"category-articles"},"_links":{"self":[{"href":"https:\/\/esglesiajove.barcelona\/es\/wp-json\/wp\/v2\/posts\/7576","targetHints":{"allow":["GET"]}}],"collection":[{"href":"https:\/\/esglesiajove.barcelona\/es\/wp-json\/wp\/v2\/posts"}],"about":[{"href":"https:\/\/esglesiajove.barcelona\/es\/wp-json\/wp\/v2\/types\/post"}],"author":[{"embeddable":true,"href":"https:\/\/esglesiajove.barcelona\/es\/wp-json\/wp\/v2\/users\/1"}],"replies":[{"embeddable":true,"href":"https:\/\/esglesiajove.barcelona\/es\/wp-json\/wp\/v2\/comments?post=7576"}],"version-history":[{"count":1,"href":"https:\/\/esglesiajove.barcelona\/es\/wp-json\/wp\/v2\/posts\/7576\/revisions"}],"predecessor-version":[{"id":7577,"href":"https:\/\/esglesiajove.barcelona\/es\/wp-json\/wp\/v2\/posts\/7576\/revisions\/7577"}],"wp:featuredmedia":[{"embeddable":true,"href":"https:\/\/esglesiajove.barcelona\/es\/wp-json\/wp\/v2\/media\/6387"}],"wp:attachment":[{"href":"https:\/\/esglesiajove.barcelona\/es\/wp-json\/wp\/v2\/media?parent=7576"}],"wp:term":[{"taxonomy":"category","embeddable":true,"href":"https:\/\/esglesiajove.barcelona\/es\/wp-json\/wp\/v2\/categories?post=7576"},{"taxonomy":"post_tag","embeddable":true,"href":"https:\/\/esglesiajove.barcelona\/es\/wp-json\/wp\/v2\/tags?post=7576"}],"curies":[{"name":"wp","href":"https:\/\/api.w.org\/{rel}","templated":true}]}}