{"id":7618,"date":"2023-02-24T17:05:56","date_gmt":"2023-02-24T16:05:56","guid":{"rendered":"https:\/\/esglesiajove.barcelona\/misa-de-inicio-de-cuaresma-con-el-obispo-javier-vilanova\/"},"modified":"2024-11-14T14:14:07","modified_gmt":"2024-11-14T13:14:07","slug":"misa-de-inicio-de-cuaresma-con-el-obispo-javier-vilanova","status":"publish","type":"post","link":"https:\/\/esglesiajove.barcelona\/es\/misa-de-inicio-de-cuaresma-con-el-obispo-javier-vilanova\/","title":{"rendered":"Misa de inicio de Cuaresma con el obispo Javier Vilanova"},"content":{"rendered":"\n<h4 class=\"wp-block-heading\">El pasado mi\u00e9rcoles j\u00f3venes universitarios de los distintos Safors se reunieron en la capilla de la UB (Facultad de Econom\u00eda) para celebrar juntos el inicio de la Cuaresma. <\/h4>\n\n\n\n<p>La misa del Mi\u00e9rcoles de Ceniza fue presidida por el obispo Javier Vilanova, cont\u00f3 con una Adoraci\u00f3n previa al Sant\u00edsimo y finaliz\u00f3, como el a\u00f1o pasado, con una comida en la cafeter\u00eda con el mismo obispo y los j\u00f3venes en la cafeter\u00eda del campus. <\/p>\n\n\n\n<div class=\"wp-block-buttons is-layout-flex wp-block-buttons-is-layout-flex\">\n<div class=\"wp-block-button\"><a class=\"wp-block-button__link wp-element-button\" href=\"https:\/\/esglesiajove.barcelona\/safor\/\" target=\"_blank\" rel=\"noreferrer noopener\">\u00a1\u00danete a tu grupo Safor!<\/a><\/div>\n<\/div>\n\n\n\n<hr class=\"wp-block-separator has-alpha-channel-opacity\"\/>\n\n\n\n<figure class=\"wp-block-gallery has-nested-images columns-default is-cropped wp-block-gallery-1 is-layout-flex wp-block-gallery-is-layout-flex\">\n<figure class=\"wp-block-image size-large is-style-default\"><a href=\"https:\/\/esglesiajove.barcelona\/missa-dinici-de-quaresma-amb-el-bisbe-javier-vilanova\/whatsapp-image-2023-02-23-at-16-33-48-2\/\" target=\"_blank\" rel=\"noopener\"><img decoding=\"async\" data-id=\"39442\" src=\"https:\/\/esglesiajove.barcelona\/wp-content\/uploads\/2024\/11\/WhatsApp-Image-2023-02-23-at-16.33.48-2.jpeg\" alt=\"\" class=\"wp-image-39442\"\/><\/a><\/figure>\n\n\n\n<figure class=\"wp-block-image size-large is-style-default\"><a href=\"https:\/\/esglesiajove.barcelona\/missa-dinici-de-quaresma-amb-el-bisbe-javier-vilanova\/whatsapp-image-2023-02-23-at-16-33-48-1\/\" target=\"_blank\" rel=\"noopener\"><img decoding=\"async\" data-id=\"39443\" src=\"https:\/\/esglesiajove.barcelona\/wp-content\/uploads\/2024\/11\/WhatsApp-Image-2023-02-23-at-16.33.48-1.jpeg\" alt=\"\" class=\"wp-image-39443\"\/><\/a><\/figure>\n<\/figure>\n\n\n\n<figure class=\"wp-block-image size-large is-resized is-style-default\"><img loading=\"lazy\" decoding=\"async\" src=\"https:\/\/esglesiajove.barcelona\/wp-content\/uploads\/2024\/11\/WhatsApp-Image-2023-02-24-at-20.58.58.jpeg\" alt=\"\" class=\"wp-image-39502\" width=\"313\" height=\"313\"\/><\/figure>\n","protected":false},"excerpt":{"rendered":"<p>El pasado mi\u00e9rcoles j\u00f3venes universitarios de los distintos Safors se reunieron en la capilla de la UB (Facultad de Econom\u00eda) para celebrar juntos el inicio de la Cuaresma. La misa&#8230;<\/p>\n","protected":false},"author":1,"featured_media":6390,"comment_status":"closed","ping_status":"closed","sticky":false,"template":"","format":"standard","meta":{"inline_featured_image":false,"footnotes":""},"categories":[],"tags":[],"class_list":["post-7618","post","type-post","status-publish","format-standard","has-post-thumbnail"],"_links":{"self":[{"href":"https:\/\/esglesiajove.barcelona\/es\/wp-json\/wp\/v2\/posts\/7618","targetHints":{"allow":["GET"]}}],"collection":[{"href":"https:\/\/esglesiajove.barcelona\/es\/wp-json\/wp\/v2\/posts"}],"about":[{"href":"https:\/\/esglesiajove.barcelona\/es\/wp-json\/wp\/v2\/types\/post"}],"author":[{"embeddable":true,"href":"https:\/\/esglesiajove.barcelona\/es\/wp-json\/wp\/v2\/users\/1"}],"replies":[{"embeddable":true,"href":"https:\/\/esglesiajove.barcelona\/es\/wp-json\/wp\/v2\/comments?post=7618"}],"version-history":[{"count":1,"href":"https:\/\/esglesiajove.barcelona\/es\/wp-json\/wp\/v2\/posts\/7618\/revisions"}],"predecessor-version":[{"id":7619,"href":"https:\/\/esglesiajove.barcelona\/es\/wp-json\/wp\/v2\/posts\/7618\/revisions\/7619"}],"wp:featuredmedia":[{"embeddable":true,"href":"https:\/\/esglesiajove.barcelona\/es\/wp-json\/wp\/v2\/media\/6390"}],"wp:attachment":[{"href":"https:\/\/esglesiajove.barcelona\/es\/wp-json\/wp\/v2\/media?parent=7618"}],"wp:term":[{"taxonomy":"category","embeddable":true,"href":"https:\/\/esglesiajove.barcelona\/es\/wp-json\/wp\/v2\/categories?post=7618"},{"taxonomy":"post_tag","embeddable":true,"href":"https:\/\/esglesiajove.barcelona\/es\/wp-json\/wp\/v2\/tags?post=7618"}],"curies":[{"name":"wp","href":"https:\/\/api.w.org\/{rel}","templated":true}]}}