{"id":7644,"date":"2023-03-03T09:25:53","date_gmt":"2023-03-03T08:25:53","guid":{"rendered":"https:\/\/esglesiajove.barcelona\/sent-la-creu-de-ucrania-una-celebracion-unica\/"},"modified":"2024-11-14T14:14:21","modified_gmt":"2024-11-14T13:14:21","slug":"sent-la-creu-de-ucrania-una-celebracion-unica","status":"publish","type":"post","link":"https:\/\/esglesiajove.barcelona\/es\/sent-la-creu-de-ucrania-una-celebracion-unica\/","title":{"rendered":"Sent la Creu de Ucrania, una celebraci\u00f3n \u00fanica"},"content":{"rendered":"\n<p>El pasado 26 de febrero la di\u00f3cesis de Barcelona daba pistoletazo de salida a la Cuaresma. Bajo la convocatoria del Cardenal Joan Josep&nbsp;Omella, la juventud se un\u00eda un vez m\u00e1s en La&nbsp;Sagrada&nbsp;Familia para vivir jornada de <a href=\"https:\/\/esglesiajove.barcelona\/siente-la-cruz-de-filipinas\/\" target=\"_blank\" rel=\"noreferrer noopener\">Sent la Creu<\/a>, la tradicional celebraci\u00f3n que <strong>desde hace 7 a\u00f1os ha acogido en Barcelona diferentes cruces de pa\u00edses en necesidad<\/strong> de todo el mundo. Esta vez, nos acerc\u00e1bamos todos juntos al sufrimiento del pueblo ucraniano, en una eucarist\u00eda coronada por la ic\u00f3nica <strong>\u00abCruz vivificante\u00bb de&nbsp;Yuvenaliy&nbsp;Mokrytskyi.<\/strong><\/p>\n\n\n\n\n<figure class=\"wp-block-image aligncenter size-large is-resized is-style-default\"><img loading=\"lazy\" decoding=\"async\" src=\"https:\/\/esglesiajove.barcelona\/wp-content\/uploads\/2024\/11\/c.jpg\" alt=\"\" class=\"wp-image-40228\" style=\"width:171px;height:256px\" width=\"171\" height=\"256\"\/><\/figure>\n\n\n\n<p>Seg\u00fan una antigua leyenda cristiana, en el G\u00f3lgota, donde se crucific\u00f3 a Jes\u00fas, hab\u00eda la tumba de Adam. La sangre de Salvador fluy\u00f3 sobre los restos de Adam expiando el pecado original.<\/p>\n\n\n\n<p><br>El icono del Calvario contiene, no solo una imagen del Crucificado, sino tambi\u00e9n un recordatorio de las palabras que Jes\u00fas dijo a su Madre antes de su muerte: \u00abMujer, aqu\u00ed tienes a tu hijo\u00bb, y despu\u00e9s, dirigi\u00e9ndose a Juan, el disc\u00edpulo que amaba, dijo: Aqu\u00ed tienes a tu madre\u00bb, (Jn&nbsp;19,26-27). Todos somos representados por el ap\u00f3stol Juan. El Se\u00f1or nos conf\u00eda las manos llenas de amor y ternura de la madre, porque sentimos que nos sostiene para afrontar y vencer las dificultades nuestro camino humano y cristiano.<\/p>\n\n\n\n<p><br>Nuestra cruz es una r\u00e9plica del icono de&nbsp;Yuvenaliy&nbsp;Mokrytskyi. El autor la pint\u00f3 siguiendo el modelo de la antigua cruz ucraniana \u00abCruz vivificante\u00bb. Lo hizo a petici\u00f3n del&nbsp;Yosyp&nbsp;Slipyi, cuando el patriarca volvi\u00f3 de la cautividad siberiana.<\/p>\n\n\n\n\n<h2 class=\"wp-block-heading\">\u00bfPor qu\u00e9 el Se\u00f1or permite la guerra? \u00bfQu\u00e9 espera de nosotros los j\u00f3venes? \u00bfC\u00f3mo puedo ayudar que el sufrimiento acabe de una vez por todas?&nbsp;\u00bfC\u00f3mo&nbsp;ha mirado usted la Cruz del Se\u00f1or durante este tiempo? Y \u00bfQu\u00e9 signos de esperanza hay en medio del dolor?<\/h2>\n\n\n\n<p>Todas ellas son preguntas que todos nos planteamos y que tuvieron un espacio para pronunciarse y encontrar respuesta en esta celebraci\u00f3n. As\u00ed se dirigieron dos j\u00f3venes al <strong>arzobispo mayor de Ucrania,&nbsp;Sviatoslav&nbsp;Shevchuk, <\/strong>invitado especial que, con una conexi\u00f3n telem\u00e1tica en directo, nos acerc\u00f3 con delicadeza la mirada del perd\u00f3n en medio de un conflicto tan complejo.&nbsp;<\/p>\n\n\n\n<p>El acto tambi\u00e9n cont\u00f3 con el testimonio de <strong>Mn.&nbsp;IuriiStasiuk<\/strong>, rector de la parroquia de&nbsp;Sta. M\u00f2nica de Barcelona que estuvo sirviendo y acompa\u00f1ando a los soldados heridos en el frente de guerra. La&nbsp;celebraci\u00f3n&nbsp;de la Eucarist\u00eda continu\u00f3 presidida por el <strong>cardenal&nbsp;Omella<\/strong>, que record\u00f3 a todos los fieles congregados el sentido de conversi\u00f3n y preparaci\u00f3n personal a la Cuaresma, y una entrega de ofrendas por parte de un grupo de j\u00f3venes ucranianos residentes en Barcelona.&nbsp;<\/p>\n\n\n\n<p>Al acabar, todos aquellos que lo desearon pudieron acercarse a venerar la cruz.<\/p>\n\n\n\n\n\n<p>La novedad de este a\u00f1o es la creaci\u00f3n del Himno de Sent la creu, que interpret\u00f3 la coral de corales bajo la direcci\u00f3n de Joan Alfons Hern\u00e1ndez. Luis Meseguer, compositor y tambi\u00e9n arreglista otras piezas musicales del&nbsp;cantoral, nos explica c\u00f3mo fue este proceso. (Leed&nbsp;el desplegable con su testimonio)<\/p>\n\n\n\n\n<figure class=\"wp-block-image aligncenter size-large is-resized is-style-default\"><img loading=\"lazy\" decoding=\"async\" src=\"https:\/\/esglesiajove.barcelona\/wp-content\/uploads\/2024\/11\/DSC7260.jpg\" alt=\"\" class=\"wp-image-39838\" style=\"width:171px;height:256px\" width=\"171\" height=\"256\"\/><\/figure>\n\n\n\n<h1 class=\"wp-block-heading\">Tenemos un tesoro po\u00e9tico y musical acumulado durante&nbsp;2000&nbsp;a\u00f1os. <\/h1>\n\n\n\n<h5 class=\"wp-block-heading\"><strong>\u00bfC\u00f3mo surgi\u00f3 la idea? \u00bfTenemos que entender que a partir de ahora se cantar\u00e1 a todas las celebraciones?<\/strong><\/h5>\n\n\n\n<p>La idea surgi\u00f3 hablando con Joan Alfons Hern\u00e1ndez, el director del coro de Sent la Creu. Durante los \u00faltimos a\u00f1os, hemos estado cantando arreglos de diferentes obras, como el del \u00abCordero de Dios\u00bb y \u00abYa no soy esclavo\u00bb, que hizo el \u00c1ngel P\u00e9rez el a\u00f1o pasado. Creo que son arreglos geniales y por eso los hemos repetido. Este a\u00f1o, pero, hemos visto la necesidad de hacer una composici\u00f3n original para Sent la Creu. Ya llevamos unas cu\u00e1ntas ediciones y <strong>este acontecimiento ya tiene cierta identidad que merece tambi\u00e9n una identidad musical. <\/strong>Por eso decidimos hacer un himno que se relacione con este acto, <strong>y que se cante cada vez que entre la cruz en el Temple.<\/strong><\/p>\n\n\n\n<p><\/p>\n\n\n\n<h5 class=\"wp-block-heading\"><strong><br>Breve an\u00e1lisis musical: significado de la letra, el proceso de crear la melod\u00eda. \u00bfQu\u00e9 quieres que la gente sienta y entienda al escuchar esta canci\u00f3n?<\/strong><\/h5>\n\n\n\n<p>Tenemos un tesoro po\u00e9tico y musical acumulado durante 2000 a\u00f1os. Creo que no lo podemos olvidar, es m\u00e1s, el arte sacro que hacemos tendr\u00eda que tener continuidad con el que se ha hecho antes, o al menos establecer un di\u00e1logo. Cuando estaba planteando un himno a la cruz busqu\u00e9 inmediatamente qu\u00e9 se ha hecho en la <strong>historia del arte cristiano<\/strong>. Me encontr\u00e9 con \u00abO&nbsp;CruxSplendidior\u00bb, un himno que est\u00e1 lleno de <strong>ideas parad\u00f3jicas: \u00abdulces claves, dulce madera\u00bb\u2026<\/strong><\/p>\n\n\n\n<p>Me inspir\u00e9 en esta letra para hacer las estrofas. La letra de las vueltas, pero, es composici\u00f3n original. All\u00e1 a\u00f1ad\u00ed im\u00e1genes medievales, comparando la cruz como <strong>\u00abel estandarte te\u00f1ido de casta sangre\u00bb<\/strong>, o <strong>\u00abel trono real\u00bb<\/strong>. El inicio <strong>\u00abvez detr\u00e1s vez, Dios hecho carne, carne hecha polvo, polvo de amor vivo\u00bb<\/strong>, est\u00e1 lleno de monos\u00edlabos. Quer\u00eda transmitir los golpes de martillo, una experiencia sobrecogedora. El que viene despu\u00e9s es m\u00e1s <strong>\u00ablegato\u00bb<\/strong>, m\u00e1s dulce, como dice la letra. En la parte final, pero, hay una luz de esperanza: <strong>\u00abDios elev\u00f3 la Cruz del Hijo para llegar a la resurrecci\u00f3n\u00bb<\/strong>. En este momento se da un sentido a esta Cruz, la resurrecci\u00f3n. Analizando la m\u00fasica, el inicio se canta con la nota \u00abre\u00bb, pero el final acaba con la nota \u00abla\u00bb. El final queda como suspensa en el aire a nuestro o\u00eddo, puesto que esperamos volver a \u00abre\u00bb para tener sensaci\u00f3n de reposo. Pero me he quedado en \u00abla\u00bb precisamente para dar a entender que estamos en tensi\u00f3n esperando un reposo&nbsp;trascendent, la Pascua eterna.<\/p>\n\n\n\n<p>A nivel musical, he rehuido las convenciones de la m\u00fasica actual y me he fijado m\u00e1s en la medieval. Esto se puede ver en la modalidad (re d\u00f3rico o el primer modo gregoriano). Tambi\u00e9n se encuentra en la construcci\u00f3n mel\u00f3dica de las estrofas, que imita la salmodia. Esta est\u00e9tica antigua no es meramente de estilo, sino esencial. He evitado que la m\u00fasica es fundamente en acuerdos, sino en las palabras mismas, como pasa en el gregoriano.<\/p>\n\n\n\n<p><\/p>\n\n\n\n<h5 class=\"wp-block-heading\">\u00bfC\u00f3mo valoras personalmente esta edici\u00f3n de Sent la Creu? \u00bfDe qu\u00e9 manera te ha impactado, m\u00e1s all\u00e1 de asistir como compositor?<\/h5>\n\n\n\n<p><strong>Me ha impactando ver las familias de refugiados a Misa<\/strong>, no verlos en una televisi\u00f3n sino en vida real. Esto me recuerda que la <strong>comuni\u00f3n que vivimos en la Iglesia<\/strong>, que <strong>sobrepasa los l\u00edmites geogr\u00e1ficos y temporales<\/strong>, es real y no una teor\u00eda bonita. Tambi\u00e9n me ha impactado la homil\u00eda del Cardenal Joan Josep&nbsp;Omella, habla con mucha sinceridad y va a la esencia del que es realmente importante.<\/p>\n\n\n\n\n<div class=\"wp-block-buttons is-content-justification-center is-layout-flex wp-container-core-buttons-is-layout-16018d1d wp-block-buttons-is-layout-flex\">\n<div class=\"wp-block-button\"><a class=\"wp-block-button__link wp-element-button\" href=\"https:\/\/youtube.com\/playlist?list=PLyV_mBCFk8O1PNw-LKI3vfEhTQT60dVPr&amp;si=E3pNXGwtPO-Bje8j\" target=\"_blank\" rel=\"noopener\">Musica en Youtube<\/a><\/div>\n<\/div>\n\n\n\n<h2 class=\"wp-block-heading\">La convocatoria<\/h2>\n\n\n\n\n\n<figure class=\"wp-block-embed is-type-video is-provider-youtube wp-block-embed-youtube wp-embed-aspect-16-9 wp-has-aspect-ratio\"><div class=\"wp-block-embed__wrapper\">\n<iframe loading=\"lazy\" title=\"Sent la Creu d&#039;Ucra\u00efna\" width=\"1080\" height=\"608\" src=\"https:\/\/www.youtube.com\/embed\/fHQPJdQ7mRM?feature=oembed\" frameborder=\"0\" allow=\"accelerometer; autoplay; clipboard-write; encrypted-media; gyroscope; picture-in-picture; web-share\" referrerpolicy=\"strict-origin-when-cross-origin\" allowfullscreen><\/iframe>\n<\/div><\/figure>\n\n\n\n\n\n<p class=\"lead ps-sm-4 ps-lg-0\">El acto cont\u00f3 con una participaci\u00f3n de unas 2.500 personas, 60&nbsp;concelebrants, el Cardenal y nuestros dos obispos auxiliares, Mons. Sergi&nbsp;Gordo, Mons.&nbsp;Javier&nbsp;Vilanova y una coral formada para m\u00e1s de 115 j\u00f3venes, de diferentes coros de la ciudad y m\u00e1s de 60 voluntarios.<\/p>\n\n\n\n\n\n<div class=\"wp-block-group has-white-color has-success-background-color has-text-color has-background is-layout-flow wp-block-group-is-layout-flow\">\n\n<h2 class=\"wp-block-heading has-text-align-center text-center mt-2 mb-6 h1\" id=\"somiem-amb\">M\u00e1s informaci\u00f3n<\/h2>\n\n\n\n\n\n\n\n\n\n<div class=\"wp-block-buttons is-content-justification-center is-layout-flex wp-container-core-buttons-is-layout-16018d1d wp-block-buttons-is-layout-flex\">\n<div class=\"wp-block-button\"><a class=\"wp-block-button__link wp-element-button\" href=\"https:\/\/livestream.com\/accounts\/3246094\/streamingsf1\/videos\/235202981\" target=\"_blank\" rel=\"noreferrer noopener\">\u00a1Revive el directo AQU\u00cd!<\/a><\/div>\n<\/div>\n\n\n\n\n\n\n\n\n\n<\/div>\n\n\n\n<p> <\/p>\n\n\n\n<h2 class=\"wp-block-heading\">Im\u00e1genes<\/h2>\n\n\n\n<figure class=\"wp-block-gallery has-nested-images columns-default is-cropped wp-block-gallery-1 is-layout-flex wp-block-gallery-is-layout-flex\">\n<figure class=\"wp-block-image size-large\"><a href=\"https:\/\/esglesiajove.barcelona\/sent-la-creu-ducraina-una-celebracio-unica\/created-with-rni-films-app-preset-agfa-optima-200\/\" target=\"_blank\" rel=\"noopener\"><img decoding=\"async\" data-id=\"39774\" src=\"https:\/\/esglesiajove.barcelona\/wp-content\/uploads\/2024\/11\/RNI-Films-IMG-2D9F7304-AA47-416F-940B-A6CFEF28EF33.jpg\" alt=\"\" class=\"wp-image-39774\"\/><\/a><figcaption class=\"wp-element-caption\">Created with RNI Films app. Preset &#8216;Agfa Optima 200&#8217;<\/figcaption><\/figure>\n\n\n\n<figure class=\"wp-block-image size-large\"><a href=\"https:\/\/esglesiajove.barcelona\/sent-la-creu-ducraina-una-celebracio-unica\/created-with-rni-films-app-preset-agfa-optima-200-3\/\" target=\"_blank\" rel=\"noopener\"><img decoding=\"async\" data-id=\"39776\" src=\"https:\/\/esglesiajove.barcelona\/wp-content\/uploads\/2024\/11\/RNI-Films-IMG-6B4FFAAE-304E-4E8A-A5D1-81F549EB5575.jpg\" alt=\"\" class=\"wp-image-39776\"\/><\/a><figcaption class=\"wp-element-caption\">Created with RNI Films app. Preset &#8216;Agfa Optima 200&#8217;<\/figcaption><\/figure>\n\n\n\n<figure class=\"wp-block-image size-large\"><a href=\"https:\/\/esglesiajove.barcelona\/sent-la-creu-ducraina-una-celebracio-unica\/created-with-rni-films-app-preset-agfa-optima-200-4\/\" target=\"_blank\" rel=\"noopener\"><img decoding=\"async\" data-id=\"39777\" src=\"https:\/\/esglesiajove.barcelona\/wp-content\/uploads\/2024\/11\/RNI-Films-IMG-7F726448-ACDE-48DF-B318-3F576BC6A931.jpg\" alt=\"\" class=\"wp-image-39777\"\/><\/a><figcaption class=\"wp-element-caption\">Created with RNI Films app. Preset &#8216;Agfa Optima 200&#8217;<\/figcaption><\/figure>\n\n\n\n<figure class=\"wp-block-image size-large\"><a href=\"https:\/\/esglesiajove.barcelona\/sent-la-creu-ducraina-una-celebracio-unica\/created-with-rni-films-app-preset-agfa-optima-200-5\/\" target=\"_blank\" rel=\"noopener\"><img decoding=\"async\" data-id=\"39778\" src=\"https:\/\/esglesiajove.barcelona\/wp-content\/uploads\/2024\/11\/RNI-Films-IMG-08A7BA75-FA9C-45D1-8487-209B47E27AC3.jpg\" alt=\"\" class=\"wp-image-39778\"\/><\/a><figcaption class=\"wp-element-caption\">Created with RNI Films app. Preset &#8216;Agfa Optima 200&#8217;<\/figcaption><\/figure>\n\n\n\n<figure class=\"wp-block-image size-large\"><a href=\"https:\/\/esglesiajove.barcelona\/sent-la-creu-ducraina-una-celebracio-unica\/created-with-rni-films-app-preset-agfa-optima-200-6\/\" target=\"_blank\" rel=\"noopener\"><img decoding=\"async\" data-id=\"39779\" src=\"https:\/\/esglesiajove.barcelona\/wp-content\/uploads\/2024\/11\/RNI-Films-IMG-1328C61B-5D0E-4716-B461-9C04A2F3C611.jpg\" alt=\"\" class=\"wp-image-39779\"\/><\/a><figcaption class=\"wp-element-caption\">Created with RNI Films app. Preset &#8216;Agfa Optima 200&#8217;<\/figcaption><\/figure>\n\n\n\n<figure class=\"wp-block-image size-large\"><a href=\"https:\/\/esglesiajove.barcelona\/sent-la-creu-ducraina-una-celebracio-unica\/created-with-rni-films-app-preset-agfa-optima-200-7\/\" target=\"_blank\" rel=\"noopener\"><img decoding=\"async\" data-id=\"39780\" src=\"https:\/\/esglesiajove.barcelona\/wp-content\/uploads\/2024\/11\/RNI-Films-IMG-B696EDE3-D308-4606-B658-DB1FA07B4958-1024x683.jpg\" alt=\"\" class=\"wp-image-39780\"\/><\/a><figcaption class=\"wp-element-caption\">Created with RNI Films app. Preset &#8216;Agfa Optima 200&#8217;<\/figcaption><\/figure>\n\n\n\n<figure class=\"wp-block-image size-large\"><a href=\"https:\/\/esglesiajove.barcelona\/sent-la-creu-ducraina-una-celebracio-unica\/created-with-rni-films-app-preset-agfa-optima-200-8\/\" target=\"_blank\" rel=\"noopener\"><img decoding=\"async\" data-id=\"39781\" src=\"https:\/\/esglesiajove.barcelona\/wp-content\/uploads\/2024\/11\/RNI-Films-IMG-C1FA9C6B-F342-42D6-8B47-40BD9FAE22AF.jpg\" alt=\"\" class=\"wp-image-39781\"\/><\/a><figcaption class=\"wp-element-caption\">Created with RNI Films app. Preset &#8216;Agfa Optima 200&#8217;<\/figcaption><\/figure>\n\n\n\n<figure class=\"wp-block-image size-large\"><a href=\"https:\/\/esglesiajove.barcelona\/c\/\" target=\"_blank\" rel=\"noopener\"><img decoding=\"async\" data-id=\"40228\" src=\"https:\/\/esglesiajove.barcelona\/wp-content\/uploads\/2024\/11\/c.jpg\" alt=\"\" class=\"wp-image-40228\"\/><\/a><\/figure>\n\n\n\n<figure class=\"wp-block-image size-large\"><a href=\"https:\/\/esglesiajove.barcelona\/sent-la-creu-ducraina-una-celebracio-unica\/created-with-rni-films-app-preset-agfa-optima-200-9\/\" target=\"_blank\" rel=\"noopener\"><img decoding=\"async\" data-id=\"39782\" src=\"https:\/\/esglesiajove.barcelona\/wp-content\/uploads\/2024\/11\/RNI-Films-IMG-D4156B97-8767-4B54-8097-10B7C4168301.jpg\" alt=\"\" class=\"wp-image-39782\"\/><\/a><figcaption class=\"wp-element-caption\">Created with RNI Films app. Preset &#8216;Agfa Optima 200&#8217;<\/figcaption><\/figure>\n\n\n\n<figure class=\"wp-block-image size-large\"><a href=\"https:\/\/esglesiajove.barcelona\/sent-la-creu-ducraina-una-celebracio-unica\/created-with-rni-films-app-preset-agfa-optima-200-10\/\" target=\"_blank\" rel=\"noopener\"><img decoding=\"async\" data-id=\"39783\" src=\"https:\/\/esglesiajove.barcelona\/wp-content\/uploads\/2024\/11\/RNI-Films-IMG-F622604B-FDC4-4823-8AC7-4B6841C16384.jpg\" alt=\"\" class=\"wp-image-39783\"\/><\/a><figcaption class=\"wp-element-caption\">Created with RNI Films app. Preset &#8216;Agfa Optima 200&#8217;<\/figcaption><\/figure>\n\n\n\n<figure class=\"wp-block-image size-large\"><a href=\"https:\/\/esglesiajove.barcelona\/created-with-rni-films-app-preset-agfa-optima-200-2\/\" target=\"_blank\" rel=\"noopener\"><img decoding=\"async\" data-id=\"40223\" src=\"https:\/\/esglesiajove.barcelona\/wp-content\/uploads\/2024\/11\/2-2.jpg\" alt=\"\" class=\"wp-image-40223\"\/><\/a><figcaption class=\"wp-element-caption\">Created with RNI Films app. Preset &#8216;Agfa Optima 200&#8217;<\/figcaption><\/figure>\n\n\n\n<figure class=\"wp-block-image size-large\"><a href=\"https:\/\/esglesiajove.barcelona\/f\/\" target=\"_blank\" rel=\"noopener\"><img decoding=\"async\" data-id=\"40231\" src=\"https:\/\/esglesiajove.barcelona\/wp-content\/uploads\/2024\/11\/f.jpg\" alt=\"\" class=\"wp-image-40231\"\/><\/a><\/figure>\n\n\n\n<figure class=\"wp-block-image size-large\"><a href=\"https:\/\/esglesiajove.barcelona\/e\/\" target=\"_blank\" rel=\"noopener\"><img decoding=\"async\" data-id=\"40230\" src=\"https:\/\/esglesiajove.barcelona\/wp-content\/uploads\/2024\/11\/e.jpg\" alt=\"\" class=\"wp-image-40230\"\/><\/a><\/figure>\n\n\n\n<figure class=\"wp-block-image size-large\"><a href=\"https:\/\/esglesiajove.barcelona\/d\/\" target=\"_blank\" rel=\"noopener\"><img decoding=\"async\" data-id=\"40229\" src=\"https:\/\/esglesiajove.barcelona\/wp-content\/uploads\/2024\/11\/d.jpg\" alt=\"\" class=\"wp-image-40229\"\/><\/a><\/figure>\n\n\n\n<figure class=\"wp-block-image size-large\"><a href=\"https:\/\/esglesiajove.barcelona\/b\/\" target=\"_blank\" rel=\"noopener\"><img decoding=\"async\" data-id=\"40227\" src=\"https:\/\/esglesiajove.barcelona\/wp-content\/uploads\/2024\/11\/b.jpg\" alt=\"\" class=\"wp-image-40227\"\/><\/a><\/figure>\n\n\n\n<figure class=\"wp-block-image size-large\"><a href=\"https:\/\/esglesiajove.barcelona\/a\/\" target=\"_blank\" rel=\"noopener\"><img decoding=\"async\" data-id=\"40226\" src=\"https:\/\/esglesiajove.barcelona\/wp-content\/uploads\/2024\/11\/a.jpg\" alt=\"\" class=\"wp-image-40226\"\/><\/a><\/figure>\n<\/figure>\n\n\n\n<figure class=\"wp-block-gallery has-nested-images columns-default is-cropped wp-block-gallery-2 is-layout-flex wp-block-gallery-is-layout-flex\">\n<figure class=\"wp-block-image size-large is-style-default\"><a href=\"https:\/\/esglesiajove.barcelona\/sent-la-creu-ducraina-una-celebracio-unica\/whatsapp-image-2023-03-03-at-13-37-31\/\" target=\"_blank\" rel=\"noopener\"><img decoding=\"async\" data-id=\"39841\" src=\"https:\/\/esglesiajove.barcelona\/wp-content\/uploads\/2024\/11\/WhatsApp-Image-2023-03-03-at-13.37.31.jpeg\" alt=\"\" class=\"wp-image-39841\"\/><\/a><\/figure>\n\n\n\n<figure class=\"wp-block-image size-large is-style-default\"><a href=\"https:\/\/esglesiajove.barcelona\/sent-la-creu-ducraina-una-celebracio-unica\/whatsapp-image-2023-03-03-at-13-37-32\/\" target=\"_blank\" rel=\"noopener\"><img decoding=\"async\" data-id=\"39843\" src=\"https:\/\/esglesiajove.barcelona\/wp-content\/uploads\/2024\/11\/WhatsApp-Image-2023-03-03-at-13.37.32.jpeg\" alt=\"\" class=\"wp-image-39843\"\/><\/a><\/figure>\n\n\n\n<figure class=\"wp-block-image size-large is-style-default\"><a href=\"https:\/\/esglesiajove.barcelona\/sent-la-creu-ducraina-una-celebracio-unica\/whatsapp-image-2023-03-03-at-13-37-32-1\/\" target=\"_blank\" rel=\"noopener\"><img decoding=\"async\" data-id=\"39842\" src=\"https:\/\/esglesiajove.barcelona\/wp-content\/uploads\/2024\/11\/WhatsApp-Image-2023-03-03-at-13.37.32-1.jpeg\" alt=\"\" class=\"wp-image-39842\"\/><\/a><\/figure>\n\n\n\n<figure class=\"wp-block-image size-large is-style-default\"><a href=\"https:\/\/esglesiajove.barcelona\/sent-la-creu-ducraina-una-celebracio-unica\/whatsapp-image-2023-03-03-at-13-37-33\/\" target=\"_blank\" rel=\"noopener\"><img decoding=\"async\" data-id=\"39845\" src=\"https:\/\/esglesiajove.barcelona\/wp-content\/uploads\/2024\/11\/WhatsApp-Image-2023-03-03-at-13.37.33.jpeg\" alt=\"\" class=\"wp-image-39845\"\/><\/a><\/figure>\n<\/figure>\n\n\n\n<figure class=\"wp-block-image aligncenter size-full\"><img decoding=\"async\" src=\"https:\/\/esglesiajove.barcelona\/wp-content\/uploads\/2024\/11\/Captura-de-pantalla-2023-01-24-a-las-12.10.40.png\" alt=\"\" class=\"wp-image-36651\"\/><\/figure>\n","protected":false},"excerpt":{"rendered":"<p>El pasado 26 de febrero la di\u00f3cesis de Barcelona daba pistoletazo de salida a la Cuaresma. Bajo la convocatoria del Cardenal Joan Josep&nbsp;Omella, la juventud se un\u00eda un vez m\u00e1s&#8230;<\/p>\n","protected":false},"author":1,"featured_media":6391,"comment_status":"closed","ping_status":"closed","sticky":false,"template":"","format":"standard","meta":{"inline_featured_image":false,"footnotes":""},"categories":[56],"tags":[],"class_list":{"0":"post-7644","1":"post","2":"type-post","3":"status-publish","4":"format-standard","5":"has-post-thumbnail","7":"category-articles"},"_links":{"self":[{"href":"https:\/\/esglesiajove.barcelona\/es\/wp-json\/wp\/v2\/posts\/7644","targetHints":{"allow":["GET"]}}],"collection":[{"href":"https:\/\/esglesiajove.barcelona\/es\/wp-json\/wp\/v2\/posts"}],"about":[{"href":"https:\/\/esglesiajove.barcelona\/es\/wp-json\/wp\/v2\/types\/post"}],"author":[{"embeddable":true,"href":"https:\/\/esglesiajove.barcelona\/es\/wp-json\/wp\/v2\/users\/1"}],"replies":[{"embeddable":true,"href":"https:\/\/esglesiajove.barcelona\/es\/wp-json\/wp\/v2\/comments?post=7644"}],"version-history":[{"count":1,"href":"https:\/\/esglesiajove.barcelona\/es\/wp-json\/wp\/v2\/posts\/7644\/revisions"}],"predecessor-version":[{"id":7645,"href":"https:\/\/esglesiajove.barcelona\/es\/wp-json\/wp\/v2\/posts\/7644\/revisions\/7645"}],"wp:featuredmedia":[{"embeddable":true,"href":"https:\/\/esglesiajove.barcelona\/es\/wp-json\/wp\/v2\/media\/6391"}],"wp:attachment":[{"href":"https:\/\/esglesiajove.barcelona\/es\/wp-json\/wp\/v2\/media?parent=7644"}],"wp:term":[{"taxonomy":"category","embeddable":true,"href":"https:\/\/esglesiajove.barcelona\/es\/wp-json\/wp\/v2\/categories?post=7644"},{"taxonomy":"post_tag","embeddable":true,"href":"https:\/\/esglesiajove.barcelona\/es\/wp-json\/wp\/v2\/tags?post=7644"}],"curies":[{"name":"wp","href":"https:\/\/api.w.org\/{rel}","templated":true}]}}