{"id":7727,"date":"2023-07-14T10:36:08","date_gmt":"2023-07-14T08:36:08","guid":{"rendered":"https:\/\/esglesiajove.barcelona\/calendario-curso-23-24\/"},"modified":"2025-01-07T10:28:54","modified_gmt":"2025-01-07T09:28:54","slug":"calendario-curso-23-24","status":"publish","type":"post","link":"https:\/\/esglesiajove.barcelona\/es\/calendario-curso-23-24\/","title":{"rendered":"Calendario curso 23-24"},"content":{"rendered":"\n<h2 class=\"wp-block-heading\">\u00a1Ya tenemos nuestro calendario del curso 2023-2024!<\/h2>\n\n\n\n<p>Como podr\u00e1s observar en el calendario de Esgl\u00e9sia Jove Barcelona, a lo largo de este curso habr\u00e1 algunos encuentros para todos y otros que estar\u00e1n dirigidos a determinadas edades.  <\/p>\n\n\n\n\n\n<div style=\"height:48px\" aria-hidden=\"true\" class=\"wp-block-spacer\"><\/div>\n\n\n\n<p>Empezando por los <strong><a href=\"https:\/\/esglesiajove.barcelona\/que-hacemos\/adolescentes\/\" target=\"_blank\" rel=\"noreferrer noopener\">adolescentes (14-17 a\u00f1os)<\/a><\/strong>, este curso volveremos a hacer las actividades <a href=\"https:\/\/esglesiajove.barcelona\/connecta-olimpiadas-2023\/\" target=\"_blank\" rel=\"noreferrer noopener\"><em>Connecta<\/em><\/a>. Un formato din\u00e1mico y profundo para conocer a otros j\u00f3venes y conectar con Dios. <\/p>\n\n\n\n<p><\/p>\n\n\n\n<style>\n  .yellow-button-container {\n    display: flex;\n    justify-content: center;\n    align-items: center;\n  }\n\n  .yellow-button {\n    background-color: #efc12d;\n    color: #ffffff;\n    font-family: \"Poppins\", sans-serif;\n    padding: 10px 20px;\n    border: none;\n    border-radius: 5px;\n    text-align: center;\n    text-decoration: none;\n    display: inline-block;\n    cursor: pointer;\n  }\n<\/style>\n\n<div class=\"yellow-button-container\">\n  <a class=\"yellow-button\" href=\"https:\/\/calendar.google.com\/calendar\/ical\/c_d018fa3ccb1430f287c6a6774920b9470dd0c52c73ca8468d5a03e7e3654410c%40group.calendar.google.com\/public\/basic.ics\" target=\"_blank\" rel=\"noopener\">A\u00f1adir fechas Adolescentes a mi calendario<\/a>\n<\/div>\n\n\n\n<div style=\"height:18px\" aria-hidden=\"true\" class=\"wp-block-spacer\"><\/div>\n\n\n\n<p>En segundo lugar, este curso se apuesta por los <a href=\"https:\/\/esglesiajove.barcelona\/que-hacemos\/jovenes\/\" target=\"_blank\" rel=\"noreferrer noopener\"><strong>j\u00f3venes (18-24 a\u00f1os)<\/strong><\/a> ofreciendo diferentes encuentros bajo el nombre de Impulsa. Tambi\u00e9n existen los <em><a href=\"https:\/\/esglesiajove.barcelona\/safor-es\/\" target=\"_blank\" rel=\"noreferrer noopener\">SAFORS<\/a><\/em>, dirigidos a aquellos j\u00f3venes universitarios que buscan reunirse, acercarse al Se\u00f1or y evangelizar en la universidad. <\/p>\n\n\n\n<p><\/p>\n\n\n\n<style>\n  .yellow-button-container {\n    display: flex;\n    justify-content: center;\n    align-items: center;\n  }\n\n  .yellow-button {\n    background-color: #31CDC4 ;\n    color: #ffffff;\n    font-family: \"Poppins\", sans-serif;\n    padding: 10px 20px;\n    border: none;\n    border-radius: 5px;\n    text-align: center;\n    text-decoration: none;\n    display: inline-block;\n    cursor: pointer;\n  }\n<\/style>\n\n<div class=\"yellow-button-container\">\n  <a class=\"yellow-button\" href=\"https:\/\/calendar.google.com\/calendar\/ical\/c_b81c738cb0a3bc95ac85572c30a1e3692a01a7dbe65bad426bdb4f36d4d10d77%40group.calendar.google.com\/public\/basic.ics\" target=\"_blank\" rel=\"noopener\">A\u00f1adir fechas J\u00f3venes a mi calendario<\/a>\n<\/div>\n\n\n\n<div style=\"height:18px\" aria-hidden=\"true\" class=\"wp-block-spacer\"><\/div>\n\n\n\n<p>Por otro lado, los <strong><a href=\"https:\/\/esglesiajove.barcelona\/que-hacemos\/jovenes-adultos\/\" target=\"_blank\" rel=\"noreferrer noopener\">j\u00f3venes adultos (25-35)<\/a><\/strong> forman parte del <em><a href=\"https:\/\/esglesiajove.barcelona\/grupo-joan-roig-jovenes-adultos\/\" target=\"_blank\" rel=\"noreferrer noopener\">Grupo Joan Roig<\/a><\/em>, un grupo de j\u00f3venes de realidades eclesiales diversas que quiere ser una comunidad que articula pensamiento y busca criterio.<\/p>\n\n\n\n<p><\/p>\n\n\n\n<style>\n  .yellow-button-container {\n    display: flex;\n    justify-content: center;\n    align-items: center;\n  }\n\n  .yellow-button {\n    background-color: #fd8900;\n    color: #ffffff;\n    font-family: \"Poppins\", sans-serif;\n    padding: 10px 20px;\n    border: none;\n    border-radius: 5px;\n    text-align: center;\n    text-decoration: none;\n    display: inline-block;\n    cursor: pointer;\n  }\n<\/style>\n\n<div class=\"yellow-button-container\">\n  <a class=\"yellow-button\" href=\"https:\/\/calendar.google.com\/calendar\/ical\/c_9970789456fb149db4b0704c9278853630a09426e6e81b0863f5bf324653f480%40group.calendar.google.com\/public\/basic.ics\" target=\"_blank\" rel=\"noopener\">A\u00f1adir fechas J\u00f3venes Adultos a mi calendario<\/a>\n<\/div>\n\n\n\n<div style=\"height:18px\" aria-hidden=\"true\" class=\"wp-block-spacer\"><\/div>\n\n\n\n<p>Adem\u00e1s, este curso seguimos contando con los eventos anuales que organizamos desde Iglesia Joven Barcelona para todas las franjas de edad.<\/p>\n\n\n\n<p><\/p>\n\n\n\n<style>\n  .yellow-button-container {\n    display: flex;\n    justify-content: center;\n    align-items: center;\n  }\n\n  .yellow-button {\n    background-color: #992E71;\n    color: #ffffff;\n    font-family: \"Poppins\", sans-serif;\n    padding: 10px 20px;\n    border: none;\n    border-radius: 5px;\n    text-align: center;\n    text-decoration: none;\n    display: inline-block;\n    cursor: pointer;\n  }\n<\/style>\n\n<div class=\"yellow-button-container\">\n  <a class=\"yellow-button\" href=\"https:\/\/calendar.google.com\/calendar\/ical\/c_e9d704a284450061720771474023ef4aa0b53748b090878d5226e1c53c5969fd%40group.calendar.google.com\/public\/basic.ics\" target=\"_blank\" rel=\"noopener\">A\u00f1adir fechas Todos a mi calendario<\/a>\n<\/div>\n\n\n\n<div style=\"height:18px\" aria-hidden=\"true\" class=\"wp-block-spacer\"><\/div>\n\n\n\n<p>Para los sacerdotes acompa\u00f1antes de j\u00f3venes, durante el a\u00f1o se celebrar\u00e1n diversos encuentros para unirse, compartir y crecer juntos.<\/p>\n\n\n\n<p>Y este a\u00f1o seguimos con&nbsp;<em><a href=\"https:\/\/esglesiajove.barcelona\/activitats\/mision-adsum\/\" target=\"_blank\" rel=\"noreferrer noopener\">ADSUM<\/a><\/em>. Una comunitat missionera pensada per a evangelitzar els adolescents de Barcelona.&nbsp;<\/p>\n\n\n\n<p>Desc\u00e1rgate el calendario de Esgl\u00e9sia Jove Barcelona, en el que podr\u00e1s encontrar toda la informaci\u00f3n.<\/p>\n\n\n\n<div style=\"height:18px\" aria-hidden=\"true\" class=\"wp-block-spacer\"><\/div>\n\n\n\n<div class=\"wp-block-group is-layout-flow wp-block-group-is-layout-flow\">\n<p class=\"has-text-align-right\">Atentamente, <\/p>\n\n\n\n<p class=\"has-text-align-right\">Equipo Esgl\u00e9sia Jove Barcelona<\/p>\n<\/div>\n","protected":false},"excerpt":{"rendered":"<p>\u00a1Ya tenemos calendario del curso 2023-2024! Clica en los enlaces de a\u00f1adir fechas a mi calendario y res\u00e9rvate las fechas.<\/p>\n","protected":false},"author":1,"featured_media":7728,"comment_status":"closed","ping_status":"closed","sticky":false,"template":"","format":"standard","meta":{"inline_featured_image":false,"footnotes":""},"categories":[56],"tags":[],"class_list":{"0":"post-7727","1":"post","2":"type-post","3":"status-publish","4":"format-standard","5":"has-post-thumbnail","7":"category-articles"},"_links":{"self":[{"href":"https:\/\/esglesiajove.barcelona\/es\/wp-json\/wp\/v2\/posts\/7727","targetHints":{"allow":["GET"]}}],"collection":[{"href":"https:\/\/esglesiajove.barcelona\/es\/wp-json\/wp\/v2\/posts"}],"about":[{"href":"https:\/\/esglesiajove.barcelona\/es\/wp-json\/wp\/v2\/types\/post"}],"author":[{"embeddable":true,"href":"https:\/\/esglesiajove.barcelona\/es\/wp-json\/wp\/v2\/users\/1"}],"replies":[{"embeddable":true,"href":"https:\/\/esglesiajove.barcelona\/es\/wp-json\/wp\/v2\/comments?post=7727"}],"version-history":[{"count":1,"href":"https:\/\/esglesiajove.barcelona\/es\/wp-json\/wp\/v2\/posts\/7727\/revisions"}],"predecessor-version":[{"id":8914,"href":"https:\/\/esglesiajove.barcelona\/es\/wp-json\/wp\/v2\/posts\/7727\/revisions\/8914"}],"wp:featuredmedia":[{"embeddable":true,"href":"https:\/\/esglesiajove.barcelona\/es\/wp-json\/wp\/v2\/media\/7728"}],"wp:attachment":[{"href":"https:\/\/esglesiajove.barcelona\/es\/wp-json\/wp\/v2\/media?parent=7727"}],"wp:term":[{"taxonomy":"category","embeddable":true,"href":"https:\/\/esglesiajove.barcelona\/es\/wp-json\/wp\/v2\/categories?post=7727"},{"taxonomy":"post_tag","embeddable":true,"href":"https:\/\/esglesiajove.barcelona\/es\/wp-json\/wp\/v2\/tags?post=7727"}],"curies":[{"name":"wp","href":"https:\/\/api.w.org\/{rel}","templated":true}]}}