{"id":7994,"date":"2023-11-02T09:34:26","date_gmt":"2023-11-02T08:34:26","guid":{"rendered":"https:\/\/esglesiajove.barcelona\/encuentro-bernat-sellares\/"},"modified":"2025-01-08T11:03:25","modified_gmt":"2025-01-08T10:03:25","slug":"encuentro-bernat-sellares","status":"publish","type":"post","link":"https:\/\/esglesiajove.barcelona\/es\/encuentro-bernat-sellares\/","title":{"rendered":"Encuentro Bernat Sellar\u00e8s"},"content":{"rendered":"\n<p>El pasado mi\u00e9rcoles 18 de octubre, comenzamos el curso con los encuentros de Grup Joan Roig para j\u00f3venes adultos. Este primer ciclo trata sobre \u00abLa Creaci\u00f3n\u00bb, que fue iniciada por Bernat Sellar\u00e8s, un gran economista i fil\u00f3sofo. Bernat, tambi\u00e9n es profesor de la UAB de historia del pensamiento econ\u00f3mico y pol\u00edtico en el grado de la Filosof\u00eda, Pol\u00edtica y Econom\u00eda.<\/p>\n\n\n\n<p>El encuentro trat\u00f3 de por qu\u00e9 el Papa Francisco vuelve a hablar de la ecolog\u00eda y por qu\u00e9, como cristianos, tenemos que pronunciarnos sobre el cuidado de la Creaci\u00f3n.<\/p>\n\n\n\n<p><\/p>\n\n\n\n<h2 class=\"wp-block-heading\">Galer\u00eda de im\u00e1genes<\/h2>\n\n\n\n<div class=\"wp-block-group is-layout-constrained wp-block-group-is-layout-constrained\">\n<div class=\"wp-block-group is-layout-constrained wp-block-group-is-layout-constrained\">\n\n<figure class=\"wp-block-gallery has-nested-images columns-default is-cropped wp-block-gallery-1 is-layout-flex wp-block-gallery-is-layout-flex\">\n<figure class=\"wp-block-image size-large is-style-default\"><a href=\"https:\/\/esglesiajove.barcelona\/trobada-bernat-sellares\/dsc05436-mejorado-nr2\/\"><img decoding=\"async\" data-id=\"61043\" src=\"https:\/\/esglesiajove.barcelona\/wp-content\/uploads\/2024\/11\/DSC05436-Mejorado-NR2.jpg\" alt=\"\" class=\"wp-image-61043\"\/><\/a><\/figure>\n\n\n\n<figure class=\"wp-block-image size-large is-style-default\"><a href=\"https:\/\/esglesiajove.barcelona\/trobada-bernat-sellares\/dsc05453-mejorado-nr2\/\"><img decoding=\"async\" data-id=\"61045\" src=\"https:\/\/esglesiajove.barcelona\/wp-content\/uploads\/2024\/11\/DSC05453-Mejorado-NR2.jpg\" alt=\"\" class=\"wp-image-61045\"\/><\/a><\/figure>\n\n\n\n<figure class=\"wp-block-image size-large is-style-default\"><a href=\"https:\/\/esglesiajove.barcelona\/trobada-bernat-sellares\/dsc05481-mejorado-nr2\/\"><img decoding=\"async\" data-id=\"61057\" src=\"https:\/\/esglesiajove.barcelona\/wp-content\/uploads\/2024\/11\/DSC05481-Mejorado-NR2.jpg\" alt=\"\" class=\"wp-image-61057\"\/><\/a><\/figure>\n\n\n\n<figure class=\"wp-block-image size-large is-style-default\"><a href=\"https:\/\/esglesiajove.barcelona\/trobada-bernat-sellares\/dsc053202\/\"><img decoding=\"async\" data-id=\"61046\" src=\"https:\/\/esglesiajove.barcelona\/wp-content\/uploads\/2024\/11\/DSC053202.jpg\" alt=\"\" class=\"wp-image-61046\"\/><\/a><\/figure>\n\n\n\n<figure class=\"wp-block-image size-large is-style-default\"><a href=\"https:\/\/esglesiajove.barcelona\/trobada-bernat-sellares\/dsc053352\/\"><img decoding=\"async\" data-id=\"61044\" src=\"https:\/\/esglesiajove.barcelona\/wp-content\/uploads\/2024\/11\/DSC053352.jpg\" alt=\"\" class=\"wp-image-61044\"\/><\/a><\/figure>\n\n\n\n<figure class=\"wp-block-image size-large is-style-default\"><a href=\"https:\/\/esglesiajove.barcelona\/trobada-bernat-sellares\/dsc053432\/\"><img decoding=\"async\" data-id=\"61053\" src=\"https:\/\/esglesiajove.barcelona\/wp-content\/uploads\/2024\/11\/DSC053432.jpg\" alt=\"\" class=\"wp-image-61053\"\/><\/a><\/figure>\n\n\n\n<figure class=\"wp-block-image size-large is-style-default\"><a href=\"https:\/\/esglesiajove.barcelona\/trobada-bernat-sellares\/dsc053512\/\"><img decoding=\"async\" data-id=\"61050\" src=\"https:\/\/esglesiajove.barcelona\/wp-content\/uploads\/2024\/11\/DSC053512.jpg\" alt=\"\" class=\"wp-image-61050\"\/><\/a><\/figure>\n\n\n\n<figure class=\"wp-block-image size-large is-style-default\"><a href=\"https:\/\/esglesiajove.barcelona\/trobada-bernat-sellares\/dsc053552\/\"><img decoding=\"async\" data-id=\"61048\" src=\"https:\/\/esglesiajove.barcelona\/wp-content\/uploads\/2024\/11\/DSC053552.jpg\" alt=\"\" class=\"wp-image-61048\"\/><\/a><\/figure>\n\n\n\n<figure class=\"wp-block-image size-large is-style-default\"><a href=\"https:\/\/esglesiajove.barcelona\/trobada-bernat-sellares\/dsc053622\/\"><img decoding=\"async\" data-id=\"61056\" src=\"https:\/\/esglesiajove.barcelona\/wp-content\/uploads\/2024\/11\/DSC053622.jpg\" alt=\"\" class=\"wp-image-61056\"\/><\/a><\/figure>\n\n\n\n<figure class=\"wp-block-image size-large is-style-default\"><a href=\"https:\/\/esglesiajove.barcelona\/trobada-bernat-sellares\/dsc053782\/\"><img decoding=\"async\" data-id=\"61055\" src=\"https:\/\/esglesiajove.barcelona\/wp-content\/uploads\/2024\/11\/DSC053782.jpg\" alt=\"\" class=\"wp-image-61055\"\/><\/a><\/figure>\n\n\n\n<figure class=\"wp-block-image size-large is-style-default\"><a href=\"https:\/\/esglesiajove.barcelona\/trobada-bernat-sellares\/dsc053802\/\"><img decoding=\"async\" data-id=\"61051\" src=\"https:\/\/esglesiajove.barcelona\/wp-content\/uploads\/2024\/11\/DSC053802.jpg\" alt=\"\" class=\"wp-image-61051\"\/><\/a><\/figure>\n\n\n\n<figure class=\"wp-block-image size-large is-style-default\"><a href=\"https:\/\/esglesiajove.barcelona\/trobada-bernat-sellares\/dsc053902\/\"><img decoding=\"async\" data-id=\"61054\" src=\"https:\/\/esglesiajove.barcelona\/wp-content\/uploads\/2024\/11\/DSC053902.jpg\" alt=\"\" class=\"wp-image-61054\"\/><\/a><\/figure>\n\n\n\n<figure class=\"wp-block-image size-large is-style-default\"><a href=\"https:\/\/esglesiajove.barcelona\/trobada-bernat-sellares\/dsc054162\/\"><img decoding=\"async\" data-id=\"61052\" src=\"https:\/\/esglesiajove.barcelona\/wp-content\/uploads\/2024\/11\/DSC054162.jpg\" alt=\"\" class=\"wp-image-61052\"\/><\/a><\/figure>\n\n\n\n<figure class=\"wp-block-image size-large is-style-default\"><a href=\"https:\/\/esglesiajove.barcelona\/trobada-bernat-sellares\/dsc054282\/\"><img decoding=\"async\" data-id=\"61059\" src=\"https:\/\/esglesiajove.barcelona\/wp-content\/uploads\/2024\/11\/DSC054282.jpg\" alt=\"\" class=\"wp-image-61059\"\/><\/a><\/figure>\n\n\n\n<figure class=\"wp-block-image size-large is-style-default\"><a href=\"https:\/\/esglesiajove.barcelona\/trobada-bernat-sellares\/dsc054292\/\"><img decoding=\"async\" data-id=\"61047\" src=\"https:\/\/esglesiajove.barcelona\/wp-content\/uploads\/2024\/11\/DSC054292.jpg\" alt=\"\" class=\"wp-image-61047\"\/><\/a><\/figure>\n\n\n\n<figure class=\"wp-block-image size-large is-style-default\"><a href=\"https:\/\/esglesiajove.barcelona\/trobada-bernat-sellares\/dsc054382\/\"><img decoding=\"async\" data-id=\"61049\" src=\"https:\/\/esglesiajove.barcelona\/wp-content\/uploads\/2024\/11\/DSC054382.jpg\" alt=\"\" class=\"wp-image-61049\"\/><\/a><\/figure>\n\n\n\n<figure class=\"wp-block-image size-large is-style-default\"><a href=\"https:\/\/esglesiajove.barcelona\/trobada-bernat-sellares\/dsc054632\/\"><img decoding=\"async\" data-id=\"61061\" src=\"https:\/\/esglesiajove.barcelona\/wp-content\/uploads\/2024\/11\/DSC054632.jpg\" alt=\"\" class=\"wp-image-61061\"\/><\/a><\/figure>\n\n\n\n<figure class=\"wp-block-image size-large is-style-default\"><a href=\"https:\/\/esglesiajove.barcelona\/trobada-bernat-sellares\/dsc054662\/\"><img decoding=\"async\" data-id=\"61060\" src=\"https:\/\/esglesiajove.barcelona\/wp-content\/uploads\/2024\/11\/DSC054662.jpg\" alt=\"\" class=\"wp-image-61060\"\/><\/a><\/figure>\n\n\n\n<figure class=\"wp-block-image size-large is-style-default\"><a href=\"https:\/\/esglesiajove.barcelona\/trobada-bernat-sellares\/dsc054822\/\"><img decoding=\"async\" data-id=\"61058\" src=\"https:\/\/esglesiajove.barcelona\/wp-content\/uploads\/2024\/11\/DSC054822.jpg\" alt=\"\" class=\"wp-image-61058\"\/><\/a><\/figure>\n\n\n\n<figure class=\"wp-block-image size-large is-style-default\"><a href=\"https:\/\/esglesiajove.barcelona\/trobada-bernat-sellares\/dsc07643\/\"><img decoding=\"async\" data-id=\"61083\" src=\"https:\/\/esglesiajove.barcelona\/wp-content\/uploads\/2024\/11\/DSC07643.jpg\" alt=\"\" class=\"wp-image-61083\"\/><\/a><\/figure>\n\n\n\n<figure class=\"wp-block-image size-large is-style-default\"><a href=\"https:\/\/esglesiajove.barcelona\/trobada-bernat-sellares\/dsc07645\/\"><img decoding=\"async\" data-id=\"61107\" src=\"https:\/\/esglesiajove.barcelona\/wp-content\/uploads\/2024\/11\/DSC07645.jpg\" alt=\"\" class=\"wp-image-61107\"\/><\/a><\/figure>\n\n\n\n<figure class=\"wp-block-image size-large is-style-default\"><a href=\"https:\/\/esglesiajove.barcelona\/trobada-bernat-sellares\/dsc07646\/\"><img decoding=\"async\" data-id=\"61076\" src=\"https:\/\/esglesiajove.barcelona\/wp-content\/uploads\/2024\/11\/DSC07646.jpg\" alt=\"\" class=\"wp-image-61076\"\/><\/a><\/figure>\n\n\n\n<figure class=\"wp-block-image size-large is-style-default\"><a href=\"https:\/\/esglesiajove.barcelona\/trobada-bernat-sellares\/dsc07651\/\"><img decoding=\"async\" data-id=\"61109\" src=\"https:\/\/esglesiajove.barcelona\/wp-content\/uploads\/2024\/11\/DSC07651.jpg\" alt=\"\" class=\"wp-image-61109\"\/><\/a><\/figure>\n\n\n\n<figure class=\"wp-block-image size-large is-style-default\"><a href=\"https:\/\/esglesiajove.barcelona\/trobada-bernat-sellares\/dsc07653\/\"><img decoding=\"async\" data-id=\"61100\" src=\"https:\/\/esglesiajove.barcelona\/wp-content\/uploads\/2024\/11\/DSC07653.jpg\" alt=\"\" class=\"wp-image-61100\"\/><\/a><\/figure>\n\n\n\n<figure class=\"wp-block-image size-large is-style-default\"><a href=\"https:\/\/esglesiajove.barcelona\/trobada-bernat-sellares\/dsc07655\/\"><img decoding=\"async\" data-id=\"61106\" src=\"https:\/\/esglesiajove.barcelona\/wp-content\/uploads\/2024\/11\/DSC07655.jpg\" alt=\"\" class=\"wp-image-61106\"\/><\/a><\/figure>\n\n\n\n<figure class=\"wp-block-image size-large is-style-default\"><a href=\"https:\/\/esglesiajove.barcelona\/trobada-bernat-sellares\/dsc07658\/\"><img decoding=\"async\" data-id=\"61062\" src=\"https:\/\/esglesiajove.barcelona\/wp-content\/uploads\/2024\/11\/DSC07658.jpg\" alt=\"\" class=\"wp-image-61062\"\/><\/a><\/figure>\n\n\n\n<figure class=\"wp-block-image size-large is-style-default\"><a href=\"https:\/\/esglesiajove.barcelona\/trobada-bernat-sellares\/dsc07659\/\"><img decoding=\"async\" data-id=\"61084\" src=\"https:\/\/esglesiajove.barcelona\/wp-content\/uploads\/2024\/11\/DSC07659.jpg\" alt=\"\" class=\"wp-image-61084\"\/><\/a><\/figure>\n\n\n\n<figure class=\"wp-block-image size-large is-style-default\"><a href=\"https:\/\/esglesiajove.barcelona\/trobada-bernat-sellares\/dsc07661\/\"><img decoding=\"async\" data-id=\"61071\" src=\"https:\/\/esglesiajove.barcelona\/wp-content\/uploads\/2024\/11\/DSC07661.jpg\" alt=\"\" class=\"wp-image-61071\"\/><\/a><\/figure>\n\n\n\n<figure class=\"wp-block-image size-large is-style-default\"><a href=\"https:\/\/esglesiajove.barcelona\/trobada-bernat-sellares\/dsc07662\/\"><img decoding=\"async\" data-id=\"61077\" src=\"https:\/\/esglesiajove.barcelona\/wp-content\/uploads\/2024\/11\/DSC07662.jpg\" alt=\"\" class=\"wp-image-61077\"\/><\/a><\/figure>\n\n\n\n<figure class=\"wp-block-image size-large is-style-default\"><a href=\"https:\/\/esglesiajove.barcelona\/trobada-bernat-sellares\/dsc07667\/\"><img decoding=\"async\" data-id=\"61108\" src=\"https:\/\/esglesiajove.barcelona\/wp-content\/uploads\/2024\/11\/DSC07667.jpg\" alt=\"\" class=\"wp-image-61108\"\/><\/a><\/figure>\n\n\n\n<figure class=\"wp-block-image size-large is-style-default\"><a href=\"https:\/\/esglesiajove.barcelona\/trobada-bernat-sellares\/dsc07672\/\"><img decoding=\"async\" data-id=\"61063\" src=\"https:\/\/esglesiajove.barcelona\/wp-content\/uploads\/2024\/11\/DSC07672.jpg\" alt=\"\" class=\"wp-image-61063\"\/><\/a><\/figure>\n\n\n\n<figure class=\"wp-block-image size-large is-style-default\"><a href=\"https:\/\/esglesiajove.barcelona\/trobada-bernat-sellares\/dsc07674\/\"><img decoding=\"async\" data-id=\"61075\" src=\"https:\/\/esglesiajove.barcelona\/wp-content\/uploads\/2024\/11\/DSC07674.jpg\" alt=\"\" class=\"wp-image-61075\"\/><\/a><\/figure>\n\n\n\n<figure class=\"wp-block-image size-large is-style-default\"><a href=\"https:\/\/esglesiajove.barcelona\/trobada-bernat-sellares\/dsc07675\/\"><img decoding=\"async\" data-id=\"61081\" src=\"https:\/\/esglesiajove.barcelona\/wp-content\/uploads\/2024\/11\/DSC07675.jpg\" alt=\"\" class=\"wp-image-61081\"\/><\/a><\/figure>\n\n\n\n<figure class=\"wp-block-image size-large is-style-default\"><a href=\"https:\/\/esglesiajove.barcelona\/trobada-bernat-sellares\/dsc07677\/\"><img decoding=\"async\" data-id=\"61067\" src=\"https:\/\/esglesiajove.barcelona\/wp-content\/uploads\/2024\/11\/DSC07677.jpg\" alt=\"\" class=\"wp-image-61067\"\/><\/a><\/figure>\n\n\n\n<figure class=\"wp-block-image size-large is-style-default\"><a href=\"https:\/\/esglesiajove.barcelona\/trobada-bernat-sellares\/dsc07686\/\"><img decoding=\"async\" data-id=\"61091\" src=\"https:\/\/esglesiajove.barcelona\/wp-content\/uploads\/2024\/11\/DSC07686.jpg\" alt=\"\" class=\"wp-image-61091\"\/><\/a><\/figure>\n\n\n\n<figure class=\"wp-block-image size-large is-style-default\"><a href=\"https:\/\/esglesiajove.barcelona\/trobada-bernat-sellares\/dsc07687\/\"><img decoding=\"async\" data-id=\"61093\" src=\"https:\/\/esglesiajove.barcelona\/wp-content\/uploads\/2024\/11\/DSC07687.jpg\" alt=\"\" class=\"wp-image-61093\"\/><\/a><\/figure>\n\n\n\n<figure class=\"wp-block-image size-large is-style-default\"><a href=\"https:\/\/esglesiajove.barcelona\/trobada-bernat-sellares\/dsc07690\/\"><img decoding=\"async\" data-id=\"61094\" src=\"https:\/\/esglesiajove.barcelona\/wp-content\/uploads\/2024\/11\/DSC07690.jpg\" alt=\"\" class=\"wp-image-61094\"\/><\/a><\/figure>\n\n\n\n<figure class=\"wp-block-image size-large is-style-default\"><a href=\"https:\/\/esglesiajove.barcelona\/trobada-bernat-sellares\/dsc07691\/\"><img decoding=\"async\" data-id=\"61103\" src=\"https:\/\/esglesiajove.barcelona\/wp-content\/uploads\/2024\/11\/DSC07691.jpg\" alt=\"\" class=\"wp-image-61103\"\/><\/a><\/figure>\n\n\n\n<figure class=\"wp-block-image size-large is-style-default\"><a href=\"https:\/\/esglesiajove.barcelona\/trobada-bernat-sellares\/dsc07693\/\"><img decoding=\"async\" data-id=\"61069\" src=\"https:\/\/esglesiajove.barcelona\/wp-content\/uploads\/2024\/11\/DSC07693.jpg\" alt=\"\" class=\"wp-image-61069\"\/><\/a><\/figure>\n\n\n\n<figure class=\"wp-block-image size-large is-style-default\"><a href=\"https:\/\/esglesiajove.barcelona\/trobada-bernat-sellares\/dsc07694\/\"><img decoding=\"async\" data-id=\"61095\" src=\"https:\/\/esglesiajove.barcelona\/wp-content\/uploads\/2024\/11\/DSC07694.jpg\" alt=\"\" class=\"wp-image-61095\"\/><\/a><\/figure>\n\n\n\n<figure class=\"wp-block-image size-large is-style-default\"><a href=\"https:\/\/esglesiajove.barcelona\/trobada-bernat-sellares\/dsc07698\/\"><img decoding=\"async\" data-id=\"61088\" src=\"https:\/\/esglesiajove.barcelona\/wp-content\/uploads\/2024\/11\/DSC07698.jpg\" alt=\"\" class=\"wp-image-61088\"\/><\/a><\/figure>\n\n\n\n<figure class=\"wp-block-image size-large is-style-default\"><a href=\"https:\/\/esglesiajove.barcelona\/trobada-bernat-sellares\/dsc07700\/\"><img decoding=\"async\" data-id=\"61097\" src=\"https:\/\/esglesiajove.barcelona\/wp-content\/uploads\/2024\/11\/DSC07700.jpg\" alt=\"\" class=\"wp-image-61097\"\/><\/a><\/figure>\n\n\n\n<figure class=\"wp-block-image size-large is-style-default\"><a href=\"https:\/\/esglesiajove.barcelona\/trobada-bernat-sellares\/dsc07703\/\"><img decoding=\"async\" data-id=\"61092\" src=\"https:\/\/esglesiajove.barcelona\/wp-content\/uploads\/2024\/11\/DSC07703.jpg\" alt=\"\" class=\"wp-image-61092\"\/><\/a><\/figure>\n\n\n\n<figure class=\"wp-block-image size-large is-style-default\"><a href=\"https:\/\/esglesiajove.barcelona\/trobada-bernat-sellares\/dsc07706\/\"><img decoding=\"async\" data-id=\"61087\" src=\"https:\/\/esglesiajove.barcelona\/wp-content\/uploads\/2024\/11\/DSC07706.jpg\" alt=\"\" class=\"wp-image-61087\"\/><\/a><\/figure>\n\n\n\n<figure class=\"wp-block-image size-large is-style-default\"><a href=\"https:\/\/esglesiajove.barcelona\/trobada-bernat-sellares\/dsc07711\/\"><img decoding=\"async\" data-id=\"61089\" src=\"https:\/\/esglesiajove.barcelona\/wp-content\/uploads\/2024\/11\/DSC07711.jpg\" alt=\"\" class=\"wp-image-61089\"\/><\/a><\/figure>\n\n\n\n<figure class=\"wp-block-image size-large is-style-default\"><a href=\"https:\/\/esglesiajove.barcelona\/trobada-bernat-sellares\/dsc07712\/\"><img decoding=\"async\" data-id=\"61065\" src=\"https:\/\/esglesiajove.barcelona\/wp-content\/uploads\/2024\/11\/DSC07712.jpg\" alt=\"\" class=\"wp-image-61065\"\/><\/a><\/figure>\n\n\n\n<figure class=\"wp-block-image size-large is-style-default\"><a href=\"https:\/\/esglesiajove.barcelona\/trobada-bernat-sellares\/dsc07715\/\"><img decoding=\"async\" data-id=\"61098\" src=\"https:\/\/esglesiajove.barcelona\/wp-content\/uploads\/2024\/11\/DSC07715.jpg\" alt=\"\" class=\"wp-image-61098\"\/><\/a><\/figure>\n\n\n\n<figure class=\"wp-block-image size-large is-style-default\"><a href=\"https:\/\/esglesiajove.barcelona\/trobada-bernat-sellares\/dsc07721\/\"><img decoding=\"async\" data-id=\"61078\" src=\"https:\/\/esglesiajove.barcelona\/wp-content\/uploads\/2024\/11\/DSC07721.jpg\" alt=\"\" class=\"wp-image-61078\"\/><\/a><\/figure>\n\n\n\n<figure class=\"wp-block-image size-large is-style-default\"><a href=\"https:\/\/esglesiajove.barcelona\/trobada-bernat-sellares\/dsc07723\/\"><img decoding=\"async\" data-id=\"61082\" src=\"https:\/\/esglesiajove.barcelona\/wp-content\/uploads\/2024\/11\/DSC07723.jpg\" alt=\"\" class=\"wp-image-61082\"\/><\/a><\/figure>\n\n\n\n<figure class=\"wp-block-image size-large is-style-default\"><a href=\"https:\/\/esglesiajove.barcelona\/trobada-bernat-sellares\/dsc07726\/\"><img decoding=\"async\" data-id=\"61073\" src=\"https:\/\/esglesiajove.barcelona\/wp-content\/uploads\/2024\/11\/DSC07726.jpg\" alt=\"\" class=\"wp-image-61073\"\/><\/a><\/figure>\n\n\n\n<figure class=\"wp-block-image size-large is-style-default\"><a href=\"https:\/\/esglesiajove.barcelona\/trobada-bernat-sellares\/dsc07729\/\"><img decoding=\"async\" data-id=\"61096\" src=\"https:\/\/esglesiajove.barcelona\/wp-content\/uploads\/2024\/11\/DSC07729.jpg\" alt=\"\" class=\"wp-image-61096\"\/><\/a><\/figure>\n\n\n\n<figure class=\"wp-block-image size-large is-style-default\"><a href=\"https:\/\/esglesiajove.barcelona\/trobada-bernat-sellares\/dsc07734\/\"><img decoding=\"async\" data-id=\"61064\" src=\"https:\/\/esglesiajove.barcelona\/wp-content\/uploads\/2024\/11\/DSC07734.jpg\" alt=\"\" class=\"wp-image-61064\"\/><\/a><\/figure>\n\n\n\n<figure class=\"wp-block-image size-large is-style-default\"><a href=\"https:\/\/esglesiajove.barcelona\/trobada-bernat-sellares\/dsc07738\/\"><img decoding=\"async\" data-id=\"61070\" src=\"https:\/\/esglesiajove.barcelona\/wp-content\/uploads\/2024\/11\/DSC07738.jpg\" alt=\"\" class=\"wp-image-61070\"\/><\/a><\/figure>\n\n\n\n<figure class=\"wp-block-image size-large is-style-default\"><a href=\"https:\/\/esglesiajove.barcelona\/trobada-bernat-sellares\/dsc07739\/\"><img decoding=\"async\" data-id=\"61068\" src=\"https:\/\/esglesiajove.barcelona\/wp-content\/uploads\/2024\/11\/DSC07739.jpg\" alt=\"\" class=\"wp-image-61068\"\/><\/a><\/figure>\n\n\n\n<figure class=\"wp-block-image size-large is-style-default\"><a href=\"https:\/\/esglesiajove.barcelona\/trobada-bernat-sellares\/dsc07740\/\"><img decoding=\"async\" data-id=\"61105\" src=\"https:\/\/esglesiajove.barcelona\/wp-content\/uploads\/2024\/11\/DSC07740.jpg\" alt=\"\" class=\"wp-image-61105\"\/><\/a><\/figure>\n\n\n\n<figure class=\"wp-block-image size-large is-style-default\"><a href=\"https:\/\/esglesiajove.barcelona\/trobada-bernat-sellares\/dsc07741\/\"><img decoding=\"async\" data-id=\"61074\" src=\"https:\/\/esglesiajove.barcelona\/wp-content\/uploads\/2024\/11\/DSC07741.jpg\" alt=\"\" class=\"wp-image-61074\"\/><\/a><\/figure>\n\n\n\n<figure class=\"wp-block-image size-large is-style-default\"><a href=\"https:\/\/esglesiajove.barcelona\/trobada-bernat-sellares\/dsc07743\/\"><img decoding=\"async\" data-id=\"61101\" src=\"https:\/\/esglesiajove.barcelona\/wp-content\/uploads\/2024\/11\/DSC07743.jpg\" alt=\"\" class=\"wp-image-61101\"\/><\/a><\/figure>\n\n\n\n<figure class=\"wp-block-image size-large is-style-default\"><a href=\"https:\/\/esglesiajove.barcelona\/trobada-bernat-sellares\/dsc07748\/\"><img decoding=\"async\" data-id=\"61072\" src=\"https:\/\/esglesiajove.barcelona\/wp-content\/uploads\/2024\/11\/DSC07748.jpg\" alt=\"\" class=\"wp-image-61072\"\/><\/a><\/figure>\n\n\n\n<figure class=\"wp-block-image size-large is-style-default\"><a href=\"https:\/\/esglesiajove.barcelona\/trobada-bernat-sellares\/dsc07749\/\"><img decoding=\"async\" data-id=\"61080\" src=\"https:\/\/esglesiajove.barcelona\/wp-content\/uploads\/2024\/11\/DSC07749.jpg\" alt=\"\" class=\"wp-image-61080\"\/><\/a><\/figure>\n\n\n\n<figure class=\"wp-block-image size-large is-style-default\"><a href=\"https:\/\/esglesiajove.barcelona\/trobada-bernat-sellares\/dsc07751\/\"><img decoding=\"async\" data-id=\"61090\" src=\"https:\/\/esglesiajove.barcelona\/wp-content\/uploads\/2024\/11\/DSC07751.jpg\" alt=\"\" class=\"wp-image-61090\"\/><\/a><\/figure>\n\n\n\n<figure class=\"wp-block-image size-large is-style-default\"><a href=\"https:\/\/esglesiajove.barcelona\/trobada-bernat-sellares\/dsc07755\/\"><img decoding=\"async\" data-id=\"61086\" src=\"https:\/\/esglesiajove.barcelona\/wp-content\/uploads\/2024\/11\/DSC07755.jpg\" alt=\"\" class=\"wp-image-61086\"\/><\/a><\/figure>\n\n\n\n<figure class=\"wp-block-image size-large is-style-default\"><a href=\"https:\/\/esglesiajove.barcelona\/trobada-bernat-sellares\/dsc07756\/\"><img decoding=\"async\" data-id=\"61066\" src=\"https:\/\/esglesiajove.barcelona\/wp-content\/uploads\/2024\/11\/DSC07756.jpg\" alt=\"\" class=\"wp-image-61066\"\/><\/a><\/figure>\n\n\n\n<figure class=\"wp-block-image size-large is-style-default\"><a href=\"https:\/\/esglesiajove.barcelona\/trobada-bernat-sellares\/dsc07757\/\"><img decoding=\"async\" data-id=\"61102\" src=\"https:\/\/esglesiajove.barcelona\/wp-content\/uploads\/2024\/11\/DSC07757.jpg\" alt=\"\" class=\"wp-image-61102\"\/><\/a><\/figure>\n\n\n\n<figure class=\"wp-block-image size-large is-style-default\"><a href=\"https:\/\/esglesiajove.barcelona\/trobada-bernat-sellares\/dsc07758\/\"><img decoding=\"async\" data-id=\"61099\" src=\"https:\/\/esglesiajove.barcelona\/wp-content\/uploads\/2024\/11\/DSC07758.jpg\" alt=\"\" class=\"wp-image-61099\"\/><\/a><\/figure>\n\n\n\n<figure class=\"wp-block-image size-large is-style-default\"><a href=\"https:\/\/esglesiajove.barcelona\/trobada-bernat-sellares\/dsc07759\/\"><img decoding=\"async\" data-id=\"61079\" src=\"https:\/\/esglesiajove.barcelona\/wp-content\/uploads\/2024\/11\/DSC07759.jpg\" alt=\"\" class=\"wp-image-61079\"\/><\/a><\/figure>\n\n\n\n<figure class=\"wp-block-image size-large is-style-default\"><a href=\"https:\/\/esglesiajove.barcelona\/trobada-bernat-sellares\/dsc07764\/\"><img decoding=\"async\" data-id=\"61104\" src=\"https:\/\/esglesiajove.barcelona\/wp-content\/uploads\/2024\/11\/DSC07764.jpg\" alt=\"\" class=\"wp-image-61104\"\/><\/a><\/figure>\n<\/figure>\n\n<\/div>\n<\/div>\n\n\n\n<div style=\"height:27px\" aria-hidden=\"true\" class=\"wp-block-spacer\"><\/div>\n\n\n\n<p>Fot\u00f3grafos: Elena Torrents y Pau Verd\u00fa<\/p>\n\n\n\n<div style=\"height:52px\" aria-hidden=\"true\" class=\"wp-block-spacer\"><\/div>\n\n\n\n<h2 class=\"wp-block-heading has-text-align-center\">Futuros encuentros de Grup Joan Roig<\/h2>\n\n\n\n<div style=\"height:26px\" aria-hidden=\"true\" class=\"wp-block-spacer\"><\/div>\n\n\n\n<div class=\"wp-block-buttons is-content-justification-center is-layout-flex wp-container-core-buttons-is-layout-16018d1d wp-block-buttons-is-layout-flex\">\n<div class=\"wp-block-button\"><a class=\"wp-block-button__link wp-element-button\" href=\"https:\/\/esglesiajove.barcelona\/activitats\/trobades-grup-joan-roig\/\" target=\"_blank\" rel=\"noreferrer noopener\">Encuentros Grup Joan Roig<\/a><\/div>\n<\/div>\n","protected":false},"excerpt":{"rendered":"<p>El pasado mi\u00e9rcoles 18 de octubre, comenzamos el curso con los encuentros de Grup Joan Roig para j\u00f3venes adultos. Este primer ciclo trata sobre \u00abLa Creaci\u00f3n\u00bb, que fue iniciada por&#8230;<\/p>\n","protected":false},"author":1,"featured_media":6408,"comment_status":"closed","ping_status":"closed","sticky":false,"template":"","format":"standard","meta":{"inline_featured_image":false,"footnotes":""},"categories":[],"tags":[],"class_list":["post-7994","post","type-post","status-publish","format-standard","has-post-thumbnail"],"_links":{"self":[{"href":"https:\/\/esglesiajove.barcelona\/es\/wp-json\/wp\/v2\/posts\/7994","targetHints":{"allow":["GET"]}}],"collection":[{"href":"https:\/\/esglesiajove.barcelona\/es\/wp-json\/wp\/v2\/posts"}],"about":[{"href":"https:\/\/esglesiajove.barcelona\/es\/wp-json\/wp\/v2\/types\/post"}],"author":[{"embeddable":true,"href":"https:\/\/esglesiajove.barcelona\/es\/wp-json\/wp\/v2\/users\/1"}],"replies":[{"embeddable":true,"href":"https:\/\/esglesiajove.barcelona\/es\/wp-json\/wp\/v2\/comments?post=7994"}],"version-history":[{"count":1,"href":"https:\/\/esglesiajove.barcelona\/es\/wp-json\/wp\/v2\/posts\/7994\/revisions"}],"predecessor-version":[{"id":7995,"href":"https:\/\/esglesiajove.barcelona\/es\/wp-json\/wp\/v2\/posts\/7994\/revisions\/7995"}],"wp:featuredmedia":[{"embeddable":true,"href":"https:\/\/esglesiajove.barcelona\/es\/wp-json\/wp\/v2\/media\/6408"}],"wp:attachment":[{"href":"https:\/\/esglesiajove.barcelona\/es\/wp-json\/wp\/v2\/media?parent=7994"}],"wp:term":[{"taxonomy":"category","embeddable":true,"href":"https:\/\/esglesiajove.barcelona\/es\/wp-json\/wp\/v2\/categories?post=7994"},{"taxonomy":"post_tag","embeddable":true,"href":"https:\/\/esglesiajove.barcelona\/es\/wp-json\/wp\/v2\/tags?post=7994"}],"curies":[{"name":"wp","href":"https:\/\/api.w.org\/{rel}","templated":true}]}}