{"id":8035,"date":"2023-12-04T20:46:28","date_gmt":"2023-12-04T19:46:28","guid":{"rendered":"https:\/\/esglesiajove.barcelona\/congreso-inspira\/"},"modified":"2025-01-08T11:03:25","modified_gmt":"2025-01-08T10:03:25","slug":"congreso-inspira","status":"publish","type":"post","link":"https:\/\/esglesiajove.barcelona\/es\/congreso-inspira\/","title":{"rendered":"Congreso Inspira"},"content":{"rendered":"\n<h3 class=\"wp-block-heading\">Para parroquias en salida<\/h3>\n\n\n\n<p>El pasado fin de semana (17 y 18 de noviembre) se celebr\u00f3 con gran \u00e9xito el <a href=\"https:\/\/congresinspira.com\/\" target=\"_blank\" rel=\"noopener\"><strong>Congreso Inspira<\/strong><\/a>. El encuentro reuni\u00f3 a m\u00e1s de 750 asistentes y m\u00e1s de 50 parroquias. Este encuentro naci\u00f3 hace cinco a\u00f1os a ra\u00edz de una conversaci\u00f3n entre nuestro querido Obispo Toni Vadell y Mn. Bruno B\u00e9rchez, Delegado de Anuncio de la fe y de iniciaci\u00f3n cristiana. Inspira nac\u00eda con la voluntad de brindar la conversi\u00f3n, misi\u00f3n y sinodalidad a las comunidades parroquiales para salir y anunciar el Evangelio en el mundo actual.<\/p>\n\n\n\n\n\n<p><br>El viernes 17 comenz\u00f3 con un encuentro de m\u00e1s de 100 sacerdotes y di\u00e1conos. La jornada continu\u00f3 con una sesi\u00f3n vespertina en La Salle Bonanova, donde el Obispo auxiliar de M\u00e9xico DF, Mons. H\u00e9ctor P\u00e9rez y P. \u00c1lvaro abordaron la importancia de la sinodalidad y misi\u00f3n. M\u00e1s tarde, el P. Armando Matteo, subsecretario del Dicasterio por la doctrina de la fe, ofreci\u00f3 una reflexi\u00f3n sobre la posibilidad de evangelizar Europa con sus retos y oportunidades. Y despu\u00e9s de cenar fue el turno para el espect\u00e1culo a cargo de Juan Manuel Cotelo, que cautiv\u00f3 a los presentes con su actuaci\u00f3n sobre la misi\u00f3n y el apostolado.<\/p>\n\n\n\n<p>El s\u00e1bado 18, el evento continu\u00f3 con la apertura de puertas y Laudes presididas por el Obispo Auxiliar de Barcelona, Javier Vilanova. La ma\u00f1ana empez\u00f3 con una sesi\u00f3n del P. Xavier Grillon, quien habl\u00f3 sobre la fraternidad y la misi\u00f3n como elementos clave para la revoluci\u00f3n parroquial. Seguidamente, tuvimos el privilegio de escuchar a Hannah Vaughan, Directora ejecutiva de Divine renovation en Reino Unido, que comparti\u00f3 ideas sobre c\u00f3mo iniciar un proceso de conversi\u00f3n pastoral en la parroquia.<\/p>\n\n\n\n<p>Al mediod\u00eda, tuvo lugar la Eucarist\u00eda, presidida por el Cardenal Juan Jos\u00e9 Omella. Este fue uno de los momentos m\u00e1s destacados del d\u00eda, donde nuestro Cardenal nos habl\u00f3 de la importancia de sinodalidad y la misi\u00f3n en las parroquias<strong>. <\/strong>Posteriormente, tuvo lugar una comida que permiti\u00f3 a los participantes compartir sus experiencias en las comunidades parroquiales.&nbsp;<\/p>\n\n\n\n<p>Ya por la tarde, tuvimos unas sesiones, donde cada participante pod\u00eda escoger entre las diferentes \u00abParroquias Inspiradoras\u00bb, donde estas presentaron sus experiencias y as\u00ed ser referencia para muchas comunidades; y m\u00e1s tarde, escoger uno de los 20 diferentes \u00abTalleres Inspiradores\u00bb, para el aprendizaje y la reflexi\u00f3n en un tema en concreto. La jornada concluy\u00f3 con una cena y adoraci\u00f3n presidida por el Obispo Auxiliar Mons. Davida Abadias.<\/p>\n\n\n\n<div class=\"wp-block-columns is-not-stacked-on-mobile is-layout-flex wp-container-core-columns-is-layout-9d6595d7 wp-block-columns-is-layout-flex\">\n<div class=\"wp-block-column is-layout-flow wp-block-column-is-layout-flow\">\n<p>Este evento no solo brind\u00f3 a los asistentes la oportunidad de enriquecerse espiritualmente y fortalecer los lazos comunitarios, sino que tambi\u00e9n les proporcion\u00f3 herramientas pr\u00e1cticas para llevar la inspiraci\u00f3n a sus propias parroquias y comunidades. El Congreso Inspira se consolida as\u00ed como un espacio crucial para el crecimiento y la renovaci\u00f3n de la fe en la vida parroquial.<\/p>\n<\/div>\n\n\n\n<div class=\"wp-block-column is-vertically-aligned-center is-layout-flow wp-block-column-is-layout-flow\">\n<figure class=\"wp-block-embed aligncenter is-type-video is-provider-youtube wp-block-embed-youtube wp-embed-aspect-16-9 wp-has-aspect-ratio\"><div class=\"wp-block-embed__wrapper\">\n<iframe loading=\"lazy\" title=\"Congr\u00e9s Inspira!\" width=\"1080\" height=\"608\" src=\"https:\/\/www.youtube.com\/embed\/HZ4FdTvMa2A?feature=oembed\" frameborder=\"0\" allow=\"accelerometer; autoplay; clipboard-write; encrypted-media; gyroscope; picture-in-picture; web-share\" referrerpolicy=\"strict-origin-when-cross-origin\" allowfullscreen><\/iframe>\n<\/div><\/figure>\n<\/div>\n<\/div>\n\n\n\n\n<p class=\"has-text-align-center\"><strong>Toda la informaci\u00f3n en la p\u00e1gina web:<\/strong><\/p>\n\n\n\n<div class=\"wp-block-buttons is-content-justification-center is-layout-flex wp-container-core-buttons-is-layout-16018d1d wp-block-buttons-is-layout-flex\">\n<div class=\"wp-block-button has-custom-width wp-block-button__width-25 has-custom-font-size has-small-font-size\"><a class=\"wp-block-button__link has-warning-background-color has-background has-text-align-center wp-element-button\" style=\"border-radius:22px\">Congreso Inspira<\/a><\/div>\n<\/div>\n\n\n\n\n<div class=\"wp-block-group is-layout-constrained wp-block-group-is-layout-constrained\">\n\n<h2 class=\"wp-block-heading\">Galer\u00eda de im\u00e1genes<\/h2>\n\n\n\n<figure class=\"wp-block-gallery has-nested-images columns-default is-cropped wp-block-gallery-1 is-layout-flex wp-block-gallery-is-layout-flex\">\n<figure class=\"wp-block-image size-large is-style-default\"><a href=\"https:\/\/esglesiajove.barcelona\/congres-inspira\/img_8343_15_11zon\/\"><img decoding=\"async\" data-id=\"63287\" src=\"https:\/\/esglesiajove.barcelona\/wp-content\/uploads\/2024\/11\/IMG_8343_15_11zon.jpg\" alt=\"\" class=\"wp-image-63287\"\/><\/a><\/figure>\n\n\n\n<figure class=\"wp-block-image size-large is-style-default\"><a href=\"https:\/\/esglesiajove.barcelona\/congres-inspira\/img_8180_5_11zon\/\"><img decoding=\"async\" data-id=\"63285\" src=\"https:\/\/esglesiajove.barcelona\/wp-content\/uploads\/2024\/11\/IMG_8180_5_11zon.jpg\" alt=\"\" class=\"wp-image-63285\"\/><\/a><\/figure>\n\n\n\n<figure class=\"wp-block-image size-large is-style-default\"><a href=\"https:\/\/esglesiajove.barcelona\/congres-inspira\/img_8259_8_11zon\/\"><img decoding=\"async\" data-id=\"63286\" src=\"https:\/\/esglesiajove.barcelona\/wp-content\/uploads\/2024\/11\/IMG_8259_8_11zon.jpg\" alt=\"\" class=\"wp-image-63286\"\/><\/a><\/figure>\n\n\n\n<figure class=\"wp-block-image size-large is-style-default\"><a href=\"https:\/\/esglesiajove.barcelona\/congres-inspira\/img_8342_14_11zon\/\"><img decoding=\"async\" data-id=\"63284\" src=\"https:\/\/esglesiajove.barcelona\/wp-content\/uploads\/2024\/11\/IMG_8342_14_11zon.jpg\" alt=\"\" class=\"wp-image-63284\"\/><\/a><\/figure>\n\n\n\n<figure class=\"wp-block-image size-large is-style-default\"><a href=\"https:\/\/esglesiajove.barcelona\/congres-inspira\/img_8303_11_11zon\/\"><img decoding=\"async\" data-id=\"63283\" src=\"https:\/\/esglesiajove.barcelona\/wp-content\/uploads\/2024\/11\/IMG_8303_11_11zon.jpg\" alt=\"\" class=\"wp-image-63283\"\/><\/a><\/figure>\n\n\n\n<figure class=\"wp-block-image size-large is-style-default\"><a href=\"https:\/\/esglesiajove.barcelona\/congres-inspira\/img_8222_7_11zon\/\"><img decoding=\"async\" data-id=\"63274\" src=\"https:\/\/esglesiajove.barcelona\/wp-content\/uploads\/2024\/11\/IMG_8222_7_11zon.jpg\" alt=\"\" class=\"wp-image-63274\"\/><\/a><\/figure>\n\n\n\n<figure class=\"wp-block-image size-large is-style-default\"><a href=\"https:\/\/esglesiajove.barcelona\/congres-inspira\/img_8311_13_11zon\/\"><img decoding=\"async\" data-id=\"63275\" src=\"https:\/\/esglesiajove.barcelona\/wp-content\/uploads\/2024\/11\/IMG_8311_13_11zon.jpg\" alt=\"\" class=\"wp-image-63275\"\/><\/a><\/figure>\n\n\n\n<figure class=\"wp-block-image size-large is-style-default\"><a href=\"https:\/\/esglesiajove.barcelona\/congres-inspira\/img_8110_2_11zon\/\"><img decoding=\"async\" data-id=\"63276\" src=\"https:\/\/esglesiajove.barcelona\/wp-content\/uploads\/2024\/11\/IMG_8110_2_11zon.jpg\" alt=\"\" class=\"wp-image-63276\"\/><\/a><\/figure>\n\n\n\n<figure class=\"wp-block-image size-large is-style-default\"><a href=\"https:\/\/esglesiajove.barcelona\/congres-inspira\/img_8128_3_11zon\/\"><img decoding=\"async\" data-id=\"63278\" src=\"https:\/\/esglesiajove.barcelona\/wp-content\/uploads\/2024\/11\/IMG_8128_3_11zon.jpg\" alt=\"\" class=\"wp-image-63278\"\/><\/a><\/figure>\n\n\n\n<figure class=\"wp-block-image size-large is-style-default\"><a href=\"https:\/\/esglesiajove.barcelona\/congres-inspira\/img_8301_10_11zon\/\"><img decoding=\"async\" data-id=\"63277\" src=\"https:\/\/esglesiajove.barcelona\/wp-content\/uploads\/2024\/11\/IMG_8301_10_11zon.jpg\" alt=\"\" class=\"wp-image-63277\"\/><\/a><\/figure>\n\n\n\n<figure class=\"wp-block-image size-large is-style-default\"><a href=\"https:\/\/esglesiajove.barcelona\/congres-inspira\/img_7966_6_11zon\/\"><img decoding=\"async\" data-id=\"63268\" src=\"https:\/\/esglesiajove.barcelona\/wp-content\/uploads\/2024\/11\/IMG_7966_6_11zon.jpg\" alt=\"\" class=\"wp-image-63268\"\/><\/a><\/figure>\n\n\n\n<figure class=\"wp-block-image size-large is-style-default\"><a href=\"https:\/\/esglesiajove.barcelona\/congres-inspira\/img_7941_5_11zon\/\"><img decoding=\"async\" data-id=\"63267\" src=\"https:\/\/esglesiajove.barcelona\/wp-content\/uploads\/2024\/11\/IMG_7941_5_11zon.jpg\" alt=\"\" class=\"wp-image-63267\"\/><\/a><\/figure>\n\n\n\n<figure class=\"wp-block-image size-large is-style-default\"><a href=\"https:\/\/esglesiajove.barcelona\/congres-inspira\/img_7899_4_11zon\/\"><img decoding=\"async\" data-id=\"63266\" src=\"https:\/\/esglesiajove.barcelona\/wp-content\/uploads\/2024\/11\/IMG_7899_4_11zon.jpg\" alt=\"\" class=\"wp-image-63266\"\/><\/a><\/figure>\n\n\n\n<figure class=\"wp-block-image size-large is-style-default\"><a href=\"https:\/\/esglesiajove.barcelona\/congres-inspira\/img_7892_3_11zon\/\"><img decoding=\"async\" data-id=\"63265\" src=\"https:\/\/esglesiajove.barcelona\/wp-content\/uploads\/2024\/11\/IMG_7892_3_11zon.jpg\" alt=\"\" class=\"wp-image-63265\"\/><\/a><\/figure>\n\n\n\n<figure class=\"wp-block-image size-large is-style-default\"><a href=\"https:\/\/esglesiajove.barcelona\/congres-inspira\/img_8175_4_11zon\/\"><img decoding=\"async\" data-id=\"63273\" src=\"https:\/\/esglesiajove.barcelona\/wp-content\/uploads\/2024\/11\/IMG_8175_4_11zon.jpg\" alt=\"\" class=\"wp-image-63273\"\/><\/a><\/figure>\n\n\n\n<figure class=\"wp-block-image size-large is-style-default\"><a href=\"https:\/\/esglesiajove.barcelona\/congres-inspira\/img_7859_1_11zon\/\"><img decoding=\"async\" data-id=\"63263\" src=\"https:\/\/esglesiajove.barcelona\/wp-content\/uploads\/2024\/11\/IMG_7859_1_11zon.jpg\" alt=\"\" class=\"wp-image-63263\"\/><\/a><\/figure>\n\n\n\n<figure class=\"wp-block-image size-large is-style-default\"><a href=\"https:\/\/esglesiajove.barcelona\/congres-inspira\/img_7864_2_11zon\/\"><img decoding=\"async\" data-id=\"63264\" src=\"https:\/\/esglesiajove.barcelona\/wp-content\/uploads\/2024\/11\/IMG_7864_2_11zon.jpg\" alt=\"\" class=\"wp-image-63264\"\/><\/a><\/figure>\n\n\n\n<figure class=\"wp-block-image size-large is-style-default\"><a href=\"https:\/\/esglesiajove.barcelona\/congres-inspira\/inspira-2\/\"><img decoding=\"async\" data-id=\"63216\" src=\"https:\/\/esglesiajove.barcelona\/wp-content\/uploads\/2024\/11\/inspira-1-1024x682.png\" alt=\"\" class=\"wp-image-63216\"\/><\/a><\/figure>\n\n\n\n<figure class=\"wp-block-image size-large is-style-default\"><a href=\"https:\/\/esglesiajove.barcelona\/congres-inspira\/img_8039_9_11zon\/\"><img decoding=\"async\" data-id=\"63271\" src=\"https:\/\/esglesiajove.barcelona\/wp-content\/uploads\/2024\/11\/IMG_8039_9_11zon.jpg\" alt=\"\" class=\"wp-image-63271\"\/><\/a><\/figure>\n\n\n\n<figure class=\"wp-block-image size-large is-style-default\"><a href=\"https:\/\/esglesiajove.barcelona\/congres-inspira\/img_8196_6_11zon\/\"><img decoding=\"async\" data-id=\"63280\" src=\"https:\/\/esglesiajove.barcelona\/wp-content\/uploads\/2024\/11\/IMG_8196_6_11zon.jpg\" alt=\"\" class=\"wp-image-63280\"\/><\/a><\/figure>\n\n\n\n<figure class=\"wp-block-image size-large is-style-default\"><a href=\"https:\/\/esglesiajove.barcelona\/congres-inspira\/img_8286_9_11zon\/\"><img decoding=\"async\" data-id=\"63282\" src=\"https:\/\/esglesiajove.barcelona\/wp-content\/uploads\/2024\/11\/IMG_8286_9_11zon.jpg\" alt=\"\" class=\"wp-image-63282\"\/><\/a><\/figure>\n\n\n\n<figure class=\"wp-block-image size-large is-style-default\"><a href=\"https:\/\/esglesiajove.barcelona\/congres-inspira\/img_8307_12_11zon\/\"><img decoding=\"async\" data-id=\"63281\" src=\"https:\/\/esglesiajove.barcelona\/wp-content\/uploads\/2024\/11\/IMG_8307_12_11zon.jpg\" alt=\"\" class=\"wp-image-63281\"\/><\/a><\/figure>\n\n\n\n<figure class=\"wp-block-image size-large is-style-default\"><a href=\"https:\/\/esglesiajove.barcelona\/congres-inspira\/img_8066_1_11zon\/\"><img decoding=\"async\" data-id=\"63279\" src=\"https:\/\/esglesiajove.barcelona\/wp-content\/uploads\/2024\/11\/IMG_8066_1_11zon.jpg\" alt=\"\" class=\"wp-image-63279\"\/><\/a><\/figure>\n\n\n\n<figure class=\"wp-block-image size-large is-style-default\"><a href=\"https:\/\/esglesiajove.barcelona\/congres-inspira\/img_8570_1_11zon\/\"><img decoding=\"async\" data-id=\"63291\" src=\"https:\/\/esglesiajove.barcelona\/wp-content\/uploads\/2024\/11\/IMG_8570_1_11zon.jpg\" alt=\"\" class=\"wp-image-63291\"\/><\/a><\/figure>\n\n\n\n<figure class=\"wp-block-image size-large is-style-default\"><a href=\"https:\/\/esglesiajove.barcelona\/congres-inspira\/img_8572_2_11zon\/\"><img decoding=\"async\" data-id=\"63288\" src=\"https:\/\/esglesiajove.barcelona\/wp-content\/uploads\/2024\/11\/IMG_8572_2_11zon.jpg\" alt=\"\" class=\"wp-image-63288\"\/><\/a><\/figure>\n\n\n\n<figure class=\"wp-block-image size-large is-style-default\"><a href=\"https:\/\/esglesiajove.barcelona\/congres-inspira\/img_8574_3_11zon\/\"><img decoding=\"async\" data-id=\"63289\" src=\"https:\/\/esglesiajove.barcelona\/wp-content\/uploads\/2024\/11\/IMG_8574_3_11zon.jpg\" alt=\"\" class=\"wp-image-63289\"\/><\/a><\/figure>\n\n\n\n<figure class=\"wp-block-image size-large is-style-default\"><a href=\"https:\/\/esglesiajove.barcelona\/congres-inspira\/img_8589_4_11zon\/\"><img decoding=\"async\" data-id=\"63290\" src=\"https:\/\/esglesiajove.barcelona\/wp-content\/uploads\/2024\/11\/IMG_8589_4_11zon.jpg\" alt=\"\" class=\"wp-image-63290\"\/><\/a><\/figure>\n\n\n\n<figure class=\"wp-block-image size-large is-style-default\"><a href=\"https:\/\/esglesiajove.barcelona\/congres-inspira\/img_8594_5_11zon\/\"><img decoding=\"async\" data-id=\"63293\" src=\"https:\/\/esglesiajove.barcelona\/wp-content\/uploads\/2024\/11\/IMG_8594_5_11zon.jpg\" alt=\"\" class=\"wp-image-63293\"\/><\/a><\/figure>\n\n\n\n<figure class=\"wp-block-image size-large is-style-default\"><a href=\"https:\/\/esglesiajove.barcelona\/congres-inspira\/img_8616_6_11zon\/\"><img decoding=\"async\" data-id=\"63294\" src=\"https:\/\/esglesiajove.barcelona\/wp-content\/uploads\/2024\/11\/IMG_8616_6_11zon.jpg\" alt=\"\" class=\"wp-image-63294\"\/><\/a><\/figure>\n\n\n\n<figure class=\"wp-block-image size-large is-style-default\"><a href=\"https:\/\/esglesiajove.barcelona\/congres-inspira\/img_8635_7_11zon\/\"><img decoding=\"async\" data-id=\"63295\" src=\"https:\/\/esglesiajove.barcelona\/wp-content\/uploads\/2024\/11\/IMG_8635_7_11zon.jpg\" alt=\"\" class=\"wp-image-63295\"\/><\/a><\/figure>\n\n\n\n<figure class=\"wp-block-image size-large is-style-default\"><a href=\"https:\/\/esglesiajove.barcelona\/congres-inspira\/img_8639_9_11zon\/\"><img decoding=\"async\" data-id=\"63292\" src=\"https:\/\/esglesiajove.barcelona\/wp-content\/uploads\/2024\/11\/IMG_8639_9_11zon.jpg\" alt=\"\" class=\"wp-image-63292\"\/><\/a><\/figure>\n\n\n\n<figure class=\"wp-block-image size-large is-style-default\"><a href=\"https:\/\/esglesiajove.barcelona\/congres-inspira\/img_8649_10_11zon\/\"><img decoding=\"async\" data-id=\"63296\" src=\"https:\/\/esglesiajove.barcelona\/wp-content\/uploads\/2024\/11\/IMG_8649_10_11zon.jpg\" alt=\"\" class=\"wp-image-63296\"\/><\/a><\/figure>\n\n\n\n<figure class=\"wp-block-image size-large is-style-default\"><a href=\"https:\/\/esglesiajove.barcelona\/congres-inspira\/img_8673_11_11zon\/\"><img decoding=\"async\" data-id=\"63297\" src=\"https:\/\/esglesiajove.barcelona\/wp-content\/uploads\/2024\/11\/IMG_8673_11_11zon.jpg\" alt=\"\" class=\"wp-image-63297\"\/><\/a><\/figure>\n<\/figure>\n\n<\/div>\n","protected":false},"excerpt":{"rendered":"<p>Para parroquias en salida El pasado fin de semana (17 y 18 de noviembre) se celebr\u00f3 con gran \u00e9xito el Congreso Inspira. El encuentro reuni\u00f3 a m\u00e1s de 750 asistentes&#8230;<\/p>\n","protected":false},"author":1,"featured_media":6409,"comment_status":"closed","ping_status":"closed","sticky":false,"template":"","format":"standard","meta":{"inline_featured_image":false,"footnotes":""},"categories":[56],"tags":[],"class_list":{"0":"post-8035","1":"post","2":"type-post","3":"status-publish","4":"format-standard","5":"has-post-thumbnail","7":"category-articles"},"_links":{"self":[{"href":"https:\/\/esglesiajove.barcelona\/es\/wp-json\/wp\/v2\/posts\/8035","targetHints":{"allow":["GET"]}}],"collection":[{"href":"https:\/\/esglesiajove.barcelona\/es\/wp-json\/wp\/v2\/posts"}],"about":[{"href":"https:\/\/esglesiajove.barcelona\/es\/wp-json\/wp\/v2\/types\/post"}],"author":[{"embeddable":true,"href":"https:\/\/esglesiajove.barcelona\/es\/wp-json\/wp\/v2\/users\/1"}],"replies":[{"embeddable":true,"href":"https:\/\/esglesiajove.barcelona\/es\/wp-json\/wp\/v2\/comments?post=8035"}],"version-history":[{"count":1,"href":"https:\/\/esglesiajove.barcelona\/es\/wp-json\/wp\/v2\/posts\/8035\/revisions"}],"predecessor-version":[{"id":8036,"href":"https:\/\/esglesiajove.barcelona\/es\/wp-json\/wp\/v2\/posts\/8035\/revisions\/8036"}],"wp:featuredmedia":[{"embeddable":true,"href":"https:\/\/esglesiajove.barcelona\/es\/wp-json\/wp\/v2\/media\/6409"}],"wp:attachment":[{"href":"https:\/\/esglesiajove.barcelona\/es\/wp-json\/wp\/v2\/media?parent=8035"}],"wp:term":[{"taxonomy":"category","embeddable":true,"href":"https:\/\/esglesiajove.barcelona\/es\/wp-json\/wp\/v2\/categories?post=8035"},{"taxonomy":"post_tag","embeddable":true,"href":"https:\/\/esglesiajove.barcelona\/es\/wp-json\/wp\/v2\/tags?post=8035"}],"curies":[{"name":"wp","href":"https:\/\/api.w.org\/{rel}","templated":true}]}}