{"id":8042,"date":"2021-12-24T14:47:00","date_gmt":"2021-12-24T13:47:00","guid":{"rendered":"https:\/\/esglesiajove.barcelona\/connecta-especial-navidad-2023\/"},"modified":"2023-12-23T13:57:16","modified_gmt":"2023-12-23T12:57:16","slug":"connecta-especial-navidad-2023","status":"publish","type":"post","link":"https:\/\/esglesiajove.barcelona\/es\/connecta-especial-navidad-2023\/","title":{"rendered":"Connecta: Especial Navidad 2023"},"content":{"rendered":"\n<p>Desde la Esgl\u00e9sia Jove Barcelona (EJB), queremos compartir la experiencia vivida durante el reciente encuentro para adolescentes de la di\u00f3cesis de Barcelona. Este evento, dirigido a j\u00f3venes de 14 a 17 a\u00f1os, reuni\u00f3 a m\u00e1s de 20 parroquias y cont\u00f3 con la participaci\u00f3n de m\u00e1s de 250 adolescentes.<\/p>\n\n\n\n<p>La jornada comenz\u00f3 de manera animada en la Plaza de Sant Felip Neri, donde la energ\u00eda de la juventud se hizo sentir. Mientras las parroquias se inscrib\u00edan, los participantes se sumergieron en juegos y actividades que crearon un ambiente muy cercano.<\/p>\n\n\n\n<p>Posteriormente, entramos en la parroquia, donde se llev\u00f3 a cabo una peque\u00f1a charla sobre el significado de la Navidad y el prop\u00f3sito del encuentro. La esencia del evento se centr\u00f3 en salir a las calles y poner en pr\u00e1ctica la solidaridad durante la temporada navide\u00f1a.<\/p>\n\n\n\n<p>Las actividades incluyeron salir a las calles para hacer compa\u00f1\u00eda a las personas sin hogar, la recolecci\u00f3n de alimentos en supermercados para donar a los menos afortunados, la creaci\u00f3n de postales navide\u00f1as con mensajes de esperanza y alegr\u00eda, y el canto de villancicos en la Parroquia de Santa Ana para compartir momentos especiales con las personas sin hogar.<\/p>\n\n\n\n<p>La jornada concluy\u00f3 con un momento de profunda espiritualidad. Nos reunimos para adorar al Sant\u00edsimo con m\u00fasica y un peque\u00f1o testimonio que record\u00f3 a todos la importancia de la solidaridad y el compromiso durante la Navidad.<\/p>\n\n\n\n<p>Desde la Esgl\u00e9sia Jove Barcelona, \u00a1os deseamos una muy feliz y santa Navidad!<\/p>\n\n\n\n<h2 class=\"wp-block-heading\">Gracias<\/h2>\n\n\n\n<p>Gracias a todas las entidades que han hecho posible un d\u00eda como este y gracias a cada joven que decidi\u00f3 venir a Connecta para servir antes que acabar los detalles navide\u00f1os.<\/p>\n\n\n\n<ul class=\"wp-block-list\">\n<li>C\u00e1ritas Barcelona<\/li>\n\n\n\n<li>Hospital de campa\u00f1aa de la Parrpquia de Santa Anna<\/li>\n\n\n\n<li>Misioneras de la Caridad | Barcelona<\/li>\n\n\n\n<li>Comunidad del Cordero<\/li>\n\n\n\n<li>Atiram&nbsp;Hotels<\/li>\n\n\n\n<li>Mercadona<\/li>\n\n\n\n<li>Carrefour<\/li>\n\n\n\n<li>Caprabo<\/li>\n\n\n\n<li>Spar<\/li>\n\n\n\n<li>Condis<\/li>\n\n\n\n<li>Superservis<\/li>\n\n\n\n<li>Calcutas<\/li>\n<\/ul>\n\n\n\n<p>Des de Esgl\u00e9sia Jove Barcelona os deseamos una muy buena y santa navidad!<\/p>\n\n\n\n<h2 class=\"wp-block-heading\">\u00bfQu\u00e9 parroquias participaron? <\/h2>\n\n\n\n<p>Parroquia St miquel dels Sants<br>Colegio concepcionistas<br>Pastoral dels Sords<br>Colegio Sant Ignasi<br>Parroquia Santa Creu de Cabrils<br>PES La Mina<br>Parroquia Santa Tecla de les Corts<br>Parroquia St Sebasti\u00e0<br>Parroquia S. Familia<br>Parroquia Sta Eul\u00e0lia Proven\u00e7ana<br>Parroquia de St. Bartomeu<br>Parroquia St Enric d&#8217;Oss\u00f3<br>Iglesia Sta Coloma Gramenet<br>Parroquia Santa In\u00e9s<br>Parroquia Mare de D\u00e9u dels Desemparats<br>Colegio Abat Oliba<br>Parroquia St Joan Baptista<br>Parroquia Sta Eulalia de Vilapicina<br>Colegio Providencia Coraz\u00f3n de Jes\u00fas<br>Parroquia Sta Maria del Mar<br>Colegio R. M. de Santa Isabel<\/p>\n\n\n\n<div style=\"height:38px\" aria-hidden=\"true\" class=\"wp-block-spacer\"><\/div>\n\n\n\n<h2 class=\"wp-block-heading has-text-align-center\">Otras ediciones:<\/h2>\n\n\n\n<div class=\"wp-block-group is-layout-constrained wp-block-group-is-layout-constrained\">\n\n<div class=\"wp-block-columns is-layout-flex wp-container-core-columns-is-layout-9d6595d7 wp-block-columns-is-layout-flex\">\n<div class=\"wp-block-column is-layout-flow wp-block-column-is-layout-flow\">\n<figure class=\"wp-block-embed is-type-wp-embed is-provider-esgl-sia-jove-barcelona wp-block-embed-esgl-sia-jove-barcelona\"><div class=\"wp-block-embed__wrapper\">\n<blockquote class=\"wp-embedded-content\" data-secret=\"ofMjdVlVUc\"><a href=\"https:\/\/esglesiajove.barcelona\/connecta-especial-nadal-2022\/\">Connecta: Especial Nadal 2022<\/a><\/blockquote><iframe loading=\"lazy\" class=\"wp-embedded-content\" sandbox=\"allow-scripts\" security=\"restricted\" style=\"position: absolute; visibility: hidden;\" title=\"&#8220;Connecta: Especial Nadal 2022&#8221; &#8212; Esgl\u00e9sia Jove Barcelona\" src=\"https:\/\/esglesiajove.barcelona\/connecta-especial-nadal-2022\/embed\/#?secret=qBXXSPq0u1#?secret=ofMjdVlVUc\" data-secret=\"ofMjdVlVUc\" width=\"600\" height=\"338\" frameborder=\"0\" marginwidth=\"0\" marginheight=\"0\" scrolling=\"no\"><\/iframe>\n<\/div><\/figure>\n<\/div>\n\n\n\n<div class=\"wp-block-column is-layout-flow wp-block-column-is-layout-flow\">\n<figure class=\"wp-block-embed is-type-wp-embed is-provider-esgl-sia-jove-barcelona wp-block-embed-esgl-sia-jove-barcelona\"><div class=\"wp-block-embed__wrapper\">\n<blockquote class=\"wp-embedded-content\" data-secret=\"W1y3zGHILI\"><a href=\"https:\/\/esglesiajove.barcelona\/connecta-especial-nadal\/\">Connecta: Especial Nadal<\/a><\/blockquote><iframe loading=\"lazy\" class=\"wp-embedded-content\" sandbox=\"allow-scripts\" security=\"restricted\" style=\"position: absolute; visibility: hidden;\" title=\"&#8220;Connecta: Especial Nadal&#8221; &#8212; Esgl\u00e9sia Jove Barcelona\" src=\"https:\/\/esglesiajove.barcelona\/connecta-especial-nadal\/embed\/#?secret=8B4j2dd3Jn#?secret=W1y3zGHILI\" data-secret=\"W1y3zGHILI\" width=\"600\" height=\"338\" frameborder=\"0\" marginwidth=\"0\" marginheight=\"0\" scrolling=\"no\"><\/iframe>\n<\/div><\/figure>\n<\/div>\n<\/div>\n\n<\/div>\n","protected":false},"excerpt":{"rendered":"<p>Desde la Esgl\u00e9sia Jove Barcelona (EJB), queremos compartir la experiencia vivida durante el reciente encuentro para adolescentes de la di\u00f3cesis de Barcelona. Este evento, dirigido a j\u00f3venes de 14 a&#8230;<\/p>\n","protected":false},"author":1,"featured_media":6411,"comment_status":"closed","ping_status":"closed","sticky":false,"template":"","format":"standard","meta":{"inline_featured_image":false,"footnotes":""},"categories":[49],"tags":[],"class_list":{"0":"post-8042","1":"post","2":"type-post","3":"status-publish","4":"format-standard","5":"has-post-thumbnail","7":"category-blog-es"},"_links":{"self":[{"href":"https:\/\/esglesiajove.barcelona\/es\/wp-json\/wp\/v2\/posts\/8042","targetHints":{"allow":["GET"]}}],"collection":[{"href":"https:\/\/esglesiajove.barcelona\/es\/wp-json\/wp\/v2\/posts"}],"about":[{"href":"https:\/\/esglesiajove.barcelona\/es\/wp-json\/wp\/v2\/types\/post"}],"author":[{"embeddable":true,"href":"https:\/\/esglesiajove.barcelona\/es\/wp-json\/wp\/v2\/users\/1"}],"replies":[{"embeddable":true,"href":"https:\/\/esglesiajove.barcelona\/es\/wp-json\/wp\/v2\/comments?post=8042"}],"version-history":[{"count":0,"href":"https:\/\/esglesiajove.barcelona\/es\/wp-json\/wp\/v2\/posts\/8042\/revisions"}],"wp:featuredmedia":[{"embeddable":true,"href":"https:\/\/esglesiajove.barcelona\/es\/wp-json\/wp\/v2\/media\/6411"}],"wp:attachment":[{"href":"https:\/\/esglesiajove.barcelona\/es\/wp-json\/wp\/v2\/media?parent=8042"}],"wp:term":[{"taxonomy":"category","embeddable":true,"href":"https:\/\/esglesiajove.barcelona\/es\/wp-json\/wp\/v2\/categories?post=8042"},{"taxonomy":"post_tag","embeddable":true,"href":"https:\/\/esglesiajove.barcelona\/es\/wp-json\/wp\/v2\/tags?post=8042"}],"curies":[{"name":"wp","href":"https:\/\/api.w.org\/{rel}","templated":true}]}}