{"id":8107,"date":"2024-01-03T12:15:26","date_gmt":"2024-01-03T11:15:26","guid":{"rendered":"https:\/\/esglesiajove.barcelona\/reconocer-el-amor-de-dios-testimonio-joven-adulto\/"},"modified":"2025-01-08T11:03:24","modified_gmt":"2025-01-08T10:03:24","slug":"reconocer-el-amor-de-dios-testimonio-joven-adulto","status":"publish","type":"post","link":"https:\/\/esglesiajove.barcelona\/es\/reconocer-el-amor-de-dios-testimonio-joven-adulto\/","title":{"rendered":"\u00abReconocer el amor de Dios\u00bb Testimonio Joven Adulto"},"content":{"rendered":"\n<p><em>Soy la Clara, tengo 26 a\u00f1os y soy maestra.<br><br>Tengo la suerte de haber conocido a Dios desde muy peque\u00f1a. Sin embargo, mi relaci\u00f3n con \u00c9l empez\u00f3 a <\/em><\/p>\n\n\n\n<figure class=\"wp-block-image alignright size-large is-resized is-style-default\"><a href=\"https:\/\/www.instagram.com\/reel\/C0hXsgEgWol\/\" target=\"_blank\" rel=\"noreferrer noopener\"><img decoding=\"async\" src=\"https:\/\/esglesiajove.barcelona\/wp-content\/uploads\/2024\/11\/clara-garrit.png\" alt=\"\" class=\"wp-image-63692\" style=\"width:210px;height:auto\"\/><\/a><\/figure>\n\n\n\n<p><em>ser m\u00e1s pr\u00f3xima ahora hace 3 a\u00f1os a ra\u00edz de un peregrinaje que organiz\u00f3 Esgl\u00e9sia Jove Barcelona.<\/em><br><br><em>All\u00e1 pude conocer la Pastoral del Sordo y de personas con discapacidad de Barcelona, de la cual hoy ya hace 3 a\u00f1os que soy voluntaria. Preparo catequesis, recibo clases de lengua de signos, y los acompa\u00f1o en varias actividades de\u00a0EJB\u00a0incluso a la\u00a0JMJ.<br><br>En un principio no me hac\u00eda demasiada gracia ir, pero <strong>para m\u00ed fue una oportunidad para identificarme con Maria y tomarla como modelo de servicio<\/strong>.<br><br>Estar a la Pastoral del Sordo es servir. Servir consiste a abandonarse un mismo para entregarse al otro. La Pastoral es uno de los lugares donde me es f\u00e1cil se me hace poder reconocer el Amor de Dios<\/em><\/p>\n","protected":false},"excerpt":{"rendered":"<p>Soy la Clara, tengo 26 a\u00f1os y soy maestra. Tengo la suerte de haber conocido a Dios desde muy peque\u00f1a. Sin embargo, mi relaci\u00f3n con \u00c9l empez\u00f3 a ser m\u00e1s&#8230;<\/p>\n","protected":false},"author":1,"featured_media":6415,"comment_status":"closed","ping_status":"closed","sticky":false,"template":"","format":"standard","meta":{"inline_featured_image":false,"footnotes":""},"categories":[48],"tags":[],"class_list":{"0":"post-8107","1":"post","2":"type-post","3":"status-publish","4":"format-standard","5":"has-post-thumbnail","7":"category-testimonis"},"_links":{"self":[{"href":"https:\/\/esglesiajove.barcelona\/es\/wp-json\/wp\/v2\/posts\/8107","targetHints":{"allow":["GET"]}}],"collection":[{"href":"https:\/\/esglesiajove.barcelona\/es\/wp-json\/wp\/v2\/posts"}],"about":[{"href":"https:\/\/esglesiajove.barcelona\/es\/wp-json\/wp\/v2\/types\/post"}],"author":[{"embeddable":true,"href":"https:\/\/esglesiajove.barcelona\/es\/wp-json\/wp\/v2\/users\/1"}],"replies":[{"embeddable":true,"href":"https:\/\/esglesiajove.barcelona\/es\/wp-json\/wp\/v2\/comments?post=8107"}],"version-history":[{"count":1,"href":"https:\/\/esglesiajove.barcelona\/es\/wp-json\/wp\/v2\/posts\/8107\/revisions"}],"predecessor-version":[{"id":8108,"href":"https:\/\/esglesiajove.barcelona\/es\/wp-json\/wp\/v2\/posts\/8107\/revisions\/8108"}],"wp:featuredmedia":[{"embeddable":true,"href":"https:\/\/esglesiajove.barcelona\/es\/wp-json\/wp\/v2\/media\/6415"}],"wp:attachment":[{"href":"https:\/\/esglesiajove.barcelona\/es\/wp-json\/wp\/v2\/media?parent=8107"}],"wp:term":[{"taxonomy":"category","embeddable":true,"href":"https:\/\/esglesiajove.barcelona\/es\/wp-json\/wp\/v2\/categories?post=8107"},{"taxonomy":"post_tag","embeddable":true,"href":"https:\/\/esglesiajove.barcelona\/es\/wp-json\/wp\/v2\/tags?post=8107"}],"curies":[{"name":"wp","href":"https:\/\/api.w.org\/{rel}","templated":true}]}}