{"id":8163,"date":"2023-11-07T09:54:36","date_gmt":"2023-11-07T08:54:36","guid":{"rendered":"https:\/\/esglesiajove.barcelona\/impulsa-camino-ignaciano\/"},"modified":"2025-01-08T11:03:25","modified_gmt":"2025-01-08T10:03:25","slug":"impulsa-camino-ignaciano","status":"publish","type":"post","link":"https:\/\/esglesiajove.barcelona\/es\/impulsa-camino-ignaciano\/","title":{"rendered":"Impulsa: Camino Ignaciano"},"content":{"rendered":"\n<h4 class=\"wp-block-heading has-text-align-center\">\u00a1Cr\u00f3nicas Desenfadas del Camino Ignaciano!<\/h4>\n\n\n\n<p class=\"has-text-align-center\" style=\"font-size:20px\">\u00bfAlguna vez os hab\u00e9is preguntado qu\u00e9 ocurre cuando juntas caminatas, risas, y un toque del Se\u00f1or? Pues bien, el pasado 4 y 5 de noviembre, nos aventuramos por el Camino Ignaciano y la verdad\u2026 no sab\u00edamos a lo que nos est\u00e1bamos enfrentando\u2026<\/p>\n\n\n\n\n\n\n<figure class=\"wp-block-image size-large\"><img decoding=\"async\" src=\"https:\/\/esglesiajove.barcelona\/wp-content\/uploads\/2024\/11\/IMG_0755.jpg\" alt=\"\" class=\"wp-image-64269\"\/><\/figure>\n\n\n\n\n\n<h5 class=\"wp-block-heading\">S\u00e1bado: Amanece el Caos Controlado<\/h5>\n\n\n\n<p>Todo comenz\u00f3 a las 9 en Monistrol de Montserrat, donde nos reunimos. \u00a1Nada como arrancar el d\u00eda con una Misa! Despu\u00e9s, obviamente, desayuno (porque somos gente civilizada, al<br>menos eso intentamos). Y as\u00ed, con las energ\u00edas recargadas, nos aventuramos en una caminata<br>de 24km.<\/p>\n\n\n\n\n\n\n<p class=\"has-text-align-center\" style=\"font-size:19px\"><strong>\u00bfPrimeros kil\u00f3metros?<\/strong><\/p>\n\n\n\n<p>Una prueba de resistencia digna de un reality, subidas empinadas y calor. \u00a1Ay, pero la risa no pod\u00eda faltar! \u00c9ramos como 15 (o algo as\u00ed, \u00bfqui\u00e9n lleva la cuenta?), y en el camino nos fuimos conociendo. Paradas estrat\u00e9gicas incluyeron la historia de San Ignacio y testimonios de los Mosenes (sacerdotes con an\u00e9cdotas m\u00e1s locas que una pel\u00edcula de Hollywood).<\/p>\n\n\n\n\n\n\n<p>A medio camino, parada para comer y el juego de \u00ab\u00bfQu\u00e9 Preferir\u00edas?\u00bb para mantenernos<br>cuerdos (o no tanto). Llegamos a Manresa hacia las 19, nos tomamos la foto grupal (que m\u00e1s<br>parec\u00eda un meme) y luego, a buscar la escuela donde \u00edbamos a dormir. Tras una ducha, tan necesaria como merecida, nos lanzamos a una pizzer\u00eda. \u00a1Los testimonios de los dem\u00e1s fueron tambi\u00e9n muy interesantes!<\/p>\n\n\n\n\n\n<figure class=\"wp-block-image size-large\"><img decoding=\"async\" src=\"https:\/\/esglesiajove.barcelona\/wp-content\/uploads\/2024\/11\/IMG_0775.jpg\" alt=\"\" class=\"wp-image-64273\"\/><\/figure>\n\n\n\n\n\n\n<p><br>La retirada a \u00abdormir\u00bb a las 23:30 fue m\u00e1s un sue\u00f1o de esperanza que una realidad. Seguimos charlando hasta bien entrada la madrugada. Algunos finalmente sucumbieron al sue\u00f1o, pero los otros nos estiramos en el suelo para mirar las estrellas un buen rato, porque las estrellas no se miran todos los d\u00edas, \u00bfno?<\/p>\n\n\n\n<h5 class=\"wp-block-heading\">Domingo: Amanece con m\u00e1s Aventuras<\/h5>\n\n\n\n<p>A las 8, nos levantamos (o nos arrastramos, depende de qui\u00e9n lo cuente). Laudes a las 9 AM para ponerle el toque al d\u00eda. Despu\u00e9s, desayuno, que pareci\u00f3 m\u00e1s una comida tard\u00eda que otra cosa, porque, total, \u00bfqui\u00e9n tiene prisa en un domingo? Tras desayunar estuvimos jugando a b\u00e1squet, futbol, tocando la guitarra\u2026 esas cosas.<\/p>\n\n\n\n<p>La misa a las 12:30 fue el momento de reflexi\u00f3n, seguida de una BBQ que se extendi\u00f3 hasta media tarde. La visita a la Cueva fue una joya, es muy bonita, y, encima, pudimos incluir una r\u00e1pida sesi\u00f3n de oraci\u00f3n. El gran cierre: el tren de vuelta, jugando a cartas en mitad del vag\u00f3n.<\/p>\n\n\n\n\n\n\n<figure class=\"wp-block-image aligncenter size-full is-resized\"><img decoding=\"async\" src=\"https:\/\/esglesiajove.barcelona\/wp-content\/uploads\/2024\/11\/Captura-de-pantalla-347.png\" alt=\"\" class=\"wp-image-64319\" style=\"width:254px;height:auto\"\/><\/figure>\n\n\n\n\n\n<figure class=\"wp-block-image aligncenter size-full is-resized\"><img decoding=\"async\" src=\"https:\/\/esglesiajove.barcelona\/wp-content\/uploads\/2024\/11\/Captura-de-pantalla-346-1.png\" alt=\"\" class=\"wp-image-64321\" style=\"width:365px;height:auto\"\/><\/figure>\n\n\n\n\n\n\n<p class=\"has-text-align-center\" style=\"font-size:20px\"><br>Y as\u00ed, entre risas, momentos de reflexi\u00f3n y una buena dosis de caminata, concluy\u00f3 nuestro fin<br>de semana en el Camino Ignaciano!<\/p>\n\n\n\n<h2 class=\"wp-block-heading\">Recopilaci\u00f3n de im\u00e1genes:<\/h2>\n\n\n\n<figure class=\"wp-block-gallery has-nested-images columns-default is-cropped wp-block-gallery-1 is-layout-flex wp-block-gallery-is-layout-flex\">\n<figure class=\"wp-block-image size-large\"><a href=\"https:\/\/esglesiajove.barcelona\/impulsa-cami-ignasia\/img_0787-min\/\"><img decoding=\"async\" data-id=\"64467\" src=\"https:\/\/esglesiajove.barcelona\/wp-content\/uploads\/2024\/11\/IMG_0787-min.jpg\" alt=\"\" class=\"wp-image-64467\"\/><\/a><\/figure>\n\n\n\n<figure class=\"wp-block-image size-large\"><a href=\"https:\/\/esglesiajove.barcelona\/impulsa-cami-ignasia\/img_0799-min\/\"><img decoding=\"async\" data-id=\"64474\" src=\"https:\/\/esglesiajove.barcelona\/wp-content\/uploads\/2024\/11\/IMG_0799-min.jpg\" alt=\"\" class=\"wp-image-64474\"\/><\/a><\/figure>\n\n\n\n<figure class=\"wp-block-image size-large\"><a href=\"https:\/\/esglesiajove.barcelona\/impulsa-cami-ignasia\/img_0755-min\/\"><img decoding=\"async\" data-id=\"64471\" src=\"https:\/\/esglesiajove.barcelona\/wp-content\/uploads\/2024\/11\/IMG_0755-min.jpg\" alt=\"\" class=\"wp-image-64471\"\/><\/a><\/figure>\n\n\n\n<figure class=\"wp-block-image size-large\"><a href=\"https:\/\/esglesiajove.barcelona\/impulsa-cami-ignasia\/img_0765-min\/\"><img decoding=\"async\" data-id=\"64468\" src=\"https:\/\/esglesiajove.barcelona\/wp-content\/uploads\/2024\/11\/IMG_0765-min.jpg\" alt=\"\" class=\"wp-image-64468\"\/><\/a><\/figure>\n\n\n\n<figure class=\"wp-block-image size-large\"><a href=\"https:\/\/esglesiajove.barcelona\/impulsa-cami-ignasia\/img_0760-min\/\"><img decoding=\"async\" data-id=\"64473\" src=\"https:\/\/esglesiajove.barcelona\/wp-content\/uploads\/2024\/11\/IMG_0760-min.jpg\" alt=\"\" class=\"wp-image-64473\"\/><\/a><\/figure>\n\n\n\n<figure class=\"wp-block-image size-large\"><a href=\"https:\/\/esglesiajove.barcelona\/impulsa-cami-ignasia\/img_0757-min\/\"><img decoding=\"async\" data-id=\"64470\" src=\"https:\/\/esglesiajove.barcelona\/wp-content\/uploads\/2024\/11\/IMG_0757-min.jpg\" alt=\"\" class=\"wp-image-64470\"\/><\/a><\/figure>\n\n\n\n<figure class=\"wp-block-image size-large\"><a href=\"https:\/\/esglesiajove.barcelona\/impulsa-cami-ignasia\/img_0781-min\/\"><img decoding=\"async\" data-id=\"64469\" src=\"https:\/\/esglesiajove.barcelona\/wp-content\/uploads\/2024\/11\/IMG_0781-min.jpg\" alt=\"\" class=\"wp-image-64469\"\/><\/a><\/figure>\n\n\n\n<figure class=\"wp-block-image size-large\"><a href=\"https:\/\/esglesiajove.barcelona\/impulsa-cami-ignasia\/img_0754-min\/\"><img decoding=\"async\" data-id=\"64472\" src=\"https:\/\/esglesiajove.barcelona\/wp-content\/uploads\/2024\/11\/IMG_0754-min.jpg\" alt=\"\" class=\"wp-image-64472\"\/><\/a><\/figure>\n\n\n\n<figure class=\"wp-block-image size-large\"><a href=\"https:\/\/esglesiajove.barcelona\/impulsa-cami-ignasia\/img_0780-min\/\"><img decoding=\"async\" data-id=\"64465\" src=\"https:\/\/esglesiajove.barcelona\/wp-content\/uploads\/2024\/11\/IMG_0780-min.jpg\" alt=\"\" class=\"wp-image-64465\"\/><\/a><\/figure>\n\n\n\n<figure class=\"wp-block-image size-large\"><a href=\"https:\/\/esglesiajove.barcelona\/impulsa-cami-ignasia\/img_0759-min\/\"><img decoding=\"async\" data-id=\"64466\" src=\"https:\/\/esglesiajove.barcelona\/wp-content\/uploads\/2024\/11\/IMG_0759-min.jpg\" alt=\"\" class=\"wp-image-64466\"\/><\/a><\/figure>\n\n\n\n<figure class=\"wp-block-image size-large\"><a href=\"https:\/\/esglesiajove.barcelona\/impulsa-cami-ignasia\/img_0752-min\/\"><img decoding=\"async\" data-id=\"64464\" src=\"https:\/\/esglesiajove.barcelona\/wp-content\/uploads\/2024\/11\/IMG_0752-min.jpg\" alt=\"\" class=\"wp-image-64464\"\/><\/a><\/figure>\n\n\n\n<figure class=\"wp-block-image size-large\"><a href=\"https:\/\/esglesiajove.barcelona\/impulsa-cami-ignasia\/img_0782-min\/\"><img decoding=\"async\" data-id=\"64461\" src=\"https:\/\/esglesiajove.barcelona\/wp-content\/uploads\/2024\/11\/IMG_0782-min.jpg\" alt=\"\" class=\"wp-image-64461\"\/><\/a><\/figure>\n\n\n\n<figure class=\"wp-block-image size-large\"><a href=\"https:\/\/esglesiajove.barcelona\/impulsa-cami-ignasia\/img_0806-min\/\"><img decoding=\"async\" data-id=\"64462\" src=\"https:\/\/esglesiajove.barcelona\/wp-content\/uploads\/2024\/11\/IMG_0806-min.jpg\" alt=\"\" class=\"wp-image-64462\"\/><\/a><\/figure>\n\n\n\n<figure class=\"wp-block-image size-large\"><a href=\"https:\/\/esglesiajove.barcelona\/impulsa-cami-ignasia\/img_0785-min\/\"><img decoding=\"async\" data-id=\"64463\" src=\"https:\/\/esglesiajove.barcelona\/wp-content\/uploads\/2024\/11\/IMG_0785-min.jpg\" alt=\"\" class=\"wp-image-64463\"\/><\/a><\/figure>\n\n\n\n<figure class=\"wp-block-image size-large\"><a href=\"https:\/\/esglesiajove.barcelona\/impulsa-cami-ignasia\/img_0774-min\/\"><img decoding=\"async\" data-id=\"64460\" src=\"https:\/\/esglesiajove.barcelona\/wp-content\/uploads\/2024\/11\/IMG_0774-min.jpg\" alt=\"\" class=\"wp-image-64460\"\/><\/a><\/figure>\n\n\n\n<figure class=\"wp-block-image size-large\"><a href=\"https:\/\/esglesiajove.barcelona\/impulsa-cami-ignasia\/img_0797-min\/\"><img decoding=\"async\" data-id=\"64459\" src=\"https:\/\/esglesiajove.barcelona\/wp-content\/uploads\/2024\/11\/IMG_0797-min.jpg\" alt=\"\" class=\"wp-image-64459\"\/><\/a><\/figure>\n\n\n\n<figure class=\"wp-block-image size-large\"><a href=\"https:\/\/esglesiajove.barcelona\/impulsa-cami-ignasia\/img_0793-min\/\"><img decoding=\"async\" data-id=\"64458\" src=\"https:\/\/esglesiajove.barcelona\/wp-content\/uploads\/2024\/11\/IMG_0793-min.jpg\" alt=\"\" class=\"wp-image-64458\"\/><\/a><\/figure>\n\n\n\n<figure class=\"wp-block-image size-large\"><a href=\"https:\/\/esglesiajove.barcelona\/impulsa-cami-ignasia\/img_0795-min\/\"><img decoding=\"async\" data-id=\"64455\" src=\"https:\/\/esglesiajove.barcelona\/wp-content\/uploads\/2024\/11\/IMG_0795-min.jpg\" alt=\"\" class=\"wp-image-64455\"\/><\/a><\/figure>\n\n\n\n<figure class=\"wp-block-image size-large\"><a href=\"https:\/\/esglesiajove.barcelona\/impulsa-cami-ignasia\/img_0792-min\/\"><img decoding=\"async\" data-id=\"64457\" src=\"https:\/\/esglesiajove.barcelona\/wp-content\/uploads\/2024\/11\/IMG_0792-min.jpg\" alt=\"\" class=\"wp-image-64457\"\/><\/a><\/figure>\n\n\n\n<figure class=\"wp-block-image size-large\"><a href=\"https:\/\/esglesiajove.barcelona\/impulsa-cami-ignasia\/img_0752-v2-min\/\"><img decoding=\"async\" data-id=\"64456\" src=\"https:\/\/esglesiajove.barcelona\/wp-content\/uploads\/2024\/11\/IMG_0752-v2-min.jpg\" alt=\"\" class=\"wp-image-64456\"\/><\/a><\/figure>\n\n\n\n<figure class=\"wp-block-image size-large\"><a href=\"https:\/\/esglesiajove.barcelona\/impulsa-cami-ignasia\/ccefb5d4-f20f-4b95-907a-da0322693ebd-min\/\"><img decoding=\"async\" data-id=\"64454\" src=\"https:\/\/esglesiajove.barcelona\/wp-content\/uploads\/2024\/11\/CCEFB5D4-F20F-4B95-907A-DA0322693EBD-min.jpg\" alt=\"\" class=\"wp-image-64454\"\/><\/a><\/figure>\n<\/figure>\n","protected":false},"excerpt":{"rendered":"<p>\u00a1Cr\u00f3nicas Desenfadas del Camino Ignaciano! \u00bfAlguna vez os hab\u00e9is preguntado qu\u00e9 ocurre cuando juntas caminatas, risas, y un toque del Se\u00f1or? Pues bien, el pasado 4 y 5 de noviembre,&#8230;<\/p>\n","protected":false},"author":1,"featured_media":8098,"comment_status":"closed","ping_status":"closed","sticky":false,"template":"","format":"standard","meta":{"inline_featured_image":false,"footnotes":""},"categories":[],"tags":[],"class_list":["post-8163","post","type-post","status-publish","format-standard","has-post-thumbnail"],"_links":{"self":[{"href":"https:\/\/esglesiajove.barcelona\/es\/wp-json\/wp\/v2\/posts\/8163","targetHints":{"allow":["GET"]}}],"collection":[{"href":"https:\/\/esglesiajove.barcelona\/es\/wp-json\/wp\/v2\/posts"}],"about":[{"href":"https:\/\/esglesiajove.barcelona\/es\/wp-json\/wp\/v2\/types\/post"}],"author":[{"embeddable":true,"href":"https:\/\/esglesiajove.barcelona\/es\/wp-json\/wp\/v2\/users\/1"}],"replies":[{"embeddable":true,"href":"https:\/\/esglesiajove.barcelona\/es\/wp-json\/wp\/v2\/comments?post=8163"}],"version-history":[{"count":1,"href":"https:\/\/esglesiajove.barcelona\/es\/wp-json\/wp\/v2\/posts\/8163\/revisions"}],"predecessor-version":[{"id":8164,"href":"https:\/\/esglesiajove.barcelona\/es\/wp-json\/wp\/v2\/posts\/8163\/revisions\/8164"}],"wp:featuredmedia":[{"embeddable":true,"href":"https:\/\/esglesiajove.barcelona\/es\/wp-json\/wp\/v2\/media\/8098"}],"wp:attachment":[{"href":"https:\/\/esglesiajove.barcelona\/es\/wp-json\/wp\/v2\/media?parent=8163"}],"wp:term":[{"taxonomy":"category","embeddable":true,"href":"https:\/\/esglesiajove.barcelona\/es\/wp-json\/wp\/v2\/categories?post=8163"},{"taxonomy":"post_tag","embeddable":true,"href":"https:\/\/esglesiajove.barcelona\/es\/wp-json\/wp\/v2\/tags?post=8163"}],"curies":[{"name":"wp","href":"https:\/\/api.w.org\/{rel}","templated":true}]}}