{"id":8169,"date":"2024-01-03T11:05:46","date_gmt":"2024-01-03T10:05:46","guid":{"rendered":"https:\/\/esglesiajove.barcelona\/dios-te-llama-por-tu-nombre-testimonio-adolescente\/"},"modified":"2025-01-08T11:03:24","modified_gmt":"2025-01-08T10:03:24","slug":"dios-te-llama-por-tu-nombre-testimonio-adolescente","status":"publish","type":"post","link":"https:\/\/esglesiajove.barcelona\/es\/dios-te-llama-por-tu-nombre-testimonio-adolescente\/","title":{"rendered":"\u00abDios te llama por tu nombre\u00bb Testimonio adolescente"},"content":{"rendered":"\n<p>Hola, mi nombre es <strong>Lara<\/strong>, desde siempre he sido una persona de pas\u00e1rmelo bien con mi familia y mis amigos. Aun as\u00ed, ten\u00eda un hueco que no se llenaba con nada. En el instante que m\u00e1s lo necesitaba, Dios me toc\u00f3 el coraz\u00f3n y sent\u00ed el Verdadero amor, el de mi <strong>Padre<\/strong>. Desde el primer abrir y cerrar de ojos, me cogi\u00f3 de la cara y me dio una caricia que se qued\u00f3 sellada en mi alma.<\/p>\n\n\n\n\n\n<div style=\"height:43px\" aria-hidden=\"true\" class=\"wp-block-spacer\"><\/div>\n\n\n\n\n\n\n<p>Gracias a actividades como Connecta, aprend\u00ed a vivir en libertad. Esto me llev\u00f3 a querer servir a mis hermanos y termin\u00e9 siendo misionera del programa <a href=\"https:\/\/esglesiajove.barcelona\/adsum-aqui-me-tienes\/\">ADSUM<\/a>.<br>Pero sobre todo empec\u00e9 a buscar muchos m\u00e1s <strong>encuentros contigo. <\/strong><\/p>\n\n\n\n<p>Un tiempo despu\u00e9s, mi director espiritual me convenci\u00f3 para ir a la JMJ. Me<br>quedo con una frase que dijo el papa: <\/p>\n\n\n\n<p><strong>\u00abSi Dios te llama por tu nombre significa que para Dios ninguno de nosotros es sencillamente un n\u00famero, un rostro, es una cara, es un coraz\u00f3n\u2026<\/strong><\/p>\n\n\n\n\n\n<figure class=\"wp-block-image aligncenter size-large is-resized\"><a href=\"https:\/\/www.instagram.com\/reel\/C1pgrTerlUy\/?utm_source=ig_web_copy_link&amp;igsh=MzRlODBiNWFlZA==\" target=\"_blank\" rel=\"noopener\"><img decoding=\"async\" src=\"https:\/\/esglesiajove.barcelona\/wp-content\/uploads\/2024\/11\/lara-insta-play.jpg\" alt=\"\" class=\"wp-image-64348\" style=\"width:215px;height:auto\"\/><\/a><\/figure>\n\n\n\n\n\n\n<p class=\"has-text-align-center\"><\/p>\n\n\n\n<p><\/p>\n","protected":false},"excerpt":{"rendered":"<p>Hola, mi nombre es Lara, desde siempre he sido una persona de pas\u00e1rmelo bien con mi familia y mis amigos. Aun as\u00ed, ten\u00eda un hueco que no se llenaba con&#8230;<\/p>\n","protected":false},"author":1,"featured_media":6421,"comment_status":"closed","ping_status":"closed","sticky":false,"template":"","format":"standard","meta":{"inline_featured_image":false,"footnotes":""},"categories":[48],"tags":[],"class_list":{"0":"post-8169","1":"post","2":"type-post","3":"status-publish","4":"format-standard","5":"has-post-thumbnail","7":"category-testimonis"},"_links":{"self":[{"href":"https:\/\/esglesiajove.barcelona\/es\/wp-json\/wp\/v2\/posts\/8169","targetHints":{"allow":["GET"]}}],"collection":[{"href":"https:\/\/esglesiajove.barcelona\/es\/wp-json\/wp\/v2\/posts"}],"about":[{"href":"https:\/\/esglesiajove.barcelona\/es\/wp-json\/wp\/v2\/types\/post"}],"author":[{"embeddable":true,"href":"https:\/\/esglesiajove.barcelona\/es\/wp-json\/wp\/v2\/users\/1"}],"replies":[{"embeddable":true,"href":"https:\/\/esglesiajove.barcelona\/es\/wp-json\/wp\/v2\/comments?post=8169"}],"version-history":[{"count":1,"href":"https:\/\/esglesiajove.barcelona\/es\/wp-json\/wp\/v2\/posts\/8169\/revisions"}],"predecessor-version":[{"id":8170,"href":"https:\/\/esglesiajove.barcelona\/es\/wp-json\/wp\/v2\/posts\/8169\/revisions\/8170"}],"wp:featuredmedia":[{"embeddable":true,"href":"https:\/\/esglesiajove.barcelona\/es\/wp-json\/wp\/v2\/media\/6421"}],"wp:attachment":[{"href":"https:\/\/esglesiajove.barcelona\/es\/wp-json\/wp\/v2\/media?parent=8169"}],"wp:term":[{"taxonomy":"category","embeddable":true,"href":"https:\/\/esglesiajove.barcelona\/es\/wp-json\/wp\/v2\/categories?post=8169"},{"taxonomy":"post_tag","embeddable":true,"href":"https:\/\/esglesiajove.barcelona\/es\/wp-json\/wp\/v2\/tags?post=8169"}],"curies":[{"name":"wp","href":"https:\/\/api.w.org\/{rel}","templated":true}]}}