{"id":8174,"date":"2024-02-14T11:55:47","date_gmt":"2024-02-14T10:55:47","guid":{"rendered":"https:\/\/esglesiajove.barcelona\/intencion-del-papa-para-el-mes-de-febrero\/"},"modified":"2025-01-08T11:03:23","modified_gmt":"2025-01-08T10:03:23","slug":"intencion-del-papa-para-el-mes-de-febrero","status":"publish","type":"post","link":"https:\/\/esglesiajove.barcelona\/es\/intencion-del-papa-para-el-mes-de-febrero\/","title":{"rendered":"Intenci\u00f3n del Papa para el mes de febrero"},"content":{"rendered":"\n<p>Cada mes el Santo Padre difunde su intenci\u00f3n de oraci\u00f3n a trav\u00e9s del <em>V\u00eddeo&nbsp;del Papa<\/em>, una iniciativa desarrollada por la Red Mundial de Oraci\u00f3n del Papa.<\/p>\n\n\n\n<p>En este mes de <strong>febrero <\/strong>nos pide que recemos por <strong><mark style=\"background-color:rgba(0, 0, 0, 0)\" class=\"has-inline-color has-secondary-color\">Los enfermos terminales<\/mark><\/strong>:<\/p>\n\n\n\n<figure class=\"wp-block-embed is-type-video is-provider-youtube wp-block-embed-youtube wp-embed-aspect-16-9 wp-has-aspect-ratio\"><div class=\"wp-block-embed__wrapper\">\n<iframe loading=\"lazy\" title=\"Por los enfermos terminales \u2013 El Video del Papa 2 \u2013 Febrero 2024\" width=\"1080\" height=\"608\" src=\"https:\/\/www.youtube.com\/embed\/Z0m82Ldwa7o?feature=oembed\" frameborder=\"0\" allow=\"accelerometer; autoplay; clipboard-write; encrypted-media; gyroscope; picture-in-picture; web-share\" referrerpolicy=\"strict-origin-when-cross-origin\" allowfullscreen><\/iframe>\n<\/div><\/figure>\n\n\n\n<div style=\"height:26px\" aria-hidden=\"true\" class=\"wp-block-spacer\"><\/div>\n\n\n\n\n\n<div style=\"height:36px\" aria-hidden=\"true\" class=\"wp-block-spacer\"><\/div>\n\n\n\n<p>El Santo Padre recalca que no significa lo mismo \u00abin-curable\u00bb que \u00abin-cuidable\u00bb. Como dec\u00eda San Juan Pablo II: <\/p>\n\n\n\n<p class=\"has-text-align-center\"><strong>\u00abcurar si es posible, cuidar siempre<\/strong>\u00bb <\/p>\n\n\n\n<p>Por qu\u00e9, aunque a veces parece que no nos conocen o no nos escuchan \u00absi les cogemos de la mano nos damos cuenta de que estamos en sinton\u00eda\u00bb<\/p>\n\n\n\n<p>Tambi\u00e9n nos recuerda que todos los enfermos tienen derecho a un acompa\u00f1amiento m\u00e9dico, psicol\u00f3gico, espiritual y humano y que en este cuidado las familias necesitan todo el apoyo necesario.<\/p>\n\n\n\n\n\n\n<p><a href=\"https:\/\/www.vaticannews.va\/es\/papa\/news\/2022-10\/papa-francisco-video-intencion-oracion-octubre-iglesia-sinodo.html\" target=\"_blank\" rel=\"noreferrer noopener\">Web oficial del Vaticano<\/a><\/p>\n\n\n\n\n\n<p><a href=\"https:\/\/thepopevideo.org\/?lang=es\" target=\"_blank\" rel=\"noreferrer noopener\">Web del V\u00eddeo del Papa<\/a><\/p>\n\n\n\n\n\n<p><a href=\"https:\/\/www.popesprayer.va\/es\/\" target=\"_blank\" rel=\"noreferrer noopener\">Red Mundial de Oraci\u00f3n<\/a><\/p>\n\n\n\n","protected":false},"excerpt":{"rendered":"<p>Cada mes el Santo Padre difunde su intenci\u00f3n de oraci\u00f3n a trav\u00e9s del V\u00eddeo&nbsp;del Papa, una iniciativa desarrollada por la Red Mundial de Oraci\u00f3n del Papa. En este mes de&#8230;<\/p>\n","protected":false},"author":1,"featured_media":6422,"comment_status":"closed","ping_status":"closed","sticky":false,"template":"","format":"standard","meta":{"inline_featured_image":false,"footnotes":""},"categories":[56],"tags":[],"class_list":{"0":"post-8174","1":"post","2":"type-post","3":"status-publish","4":"format-standard","5":"has-post-thumbnail","7":"category-articles"},"_links":{"self":[{"href":"https:\/\/esglesiajove.barcelona\/es\/wp-json\/wp\/v2\/posts\/8174","targetHints":{"allow":["GET"]}}],"collection":[{"href":"https:\/\/esglesiajove.barcelona\/es\/wp-json\/wp\/v2\/posts"}],"about":[{"href":"https:\/\/esglesiajove.barcelona\/es\/wp-json\/wp\/v2\/types\/post"}],"author":[{"embeddable":true,"href":"https:\/\/esglesiajove.barcelona\/es\/wp-json\/wp\/v2\/users\/1"}],"replies":[{"embeddable":true,"href":"https:\/\/esglesiajove.barcelona\/es\/wp-json\/wp\/v2\/comments?post=8174"}],"version-history":[{"count":1,"href":"https:\/\/esglesiajove.barcelona\/es\/wp-json\/wp\/v2\/posts\/8174\/revisions"}],"predecessor-version":[{"id":9070,"href":"https:\/\/esglesiajove.barcelona\/es\/wp-json\/wp\/v2\/posts\/8174\/revisions\/9070"}],"wp:featuredmedia":[{"embeddable":true,"href":"https:\/\/esglesiajove.barcelona\/es\/wp-json\/wp\/v2\/media\/6422"}],"wp:attachment":[{"href":"https:\/\/esglesiajove.barcelona\/es\/wp-json\/wp\/v2\/media?parent=8174"}],"wp:term":[{"taxonomy":"category","embeddable":true,"href":"https:\/\/esglesiajove.barcelona\/es\/wp-json\/wp\/v2\/categories?post=8174"},{"taxonomy":"post_tag","embeddable":true,"href":"https:\/\/esglesiajove.barcelona\/es\/wp-json\/wp\/v2\/tags?post=8174"}],"curies":[{"name":"wp","href":"https:\/\/api.w.org\/{rel}","templated":true}]}}