{"id":8213,"date":"2024-02-28T11:34:52","date_gmt":"2024-02-28T10:34:52","guid":{"rendered":"https:\/\/esglesiajove.barcelona\/planes-de-dios\/"},"modified":"2025-01-08T11:03:23","modified_gmt":"2025-01-08T10:03:23","slug":"planes-de-dios","status":"publish","type":"post","link":"https:\/\/esglesiajove.barcelona\/es\/planes-de-dios\/","title":{"rendered":"Planes de Dios"},"content":{"rendered":"\n<p>Mn. Alberto Para se licenci\u00f3 en Derecho en 1998 y ejerci\u00f3 de abogado hasta que ingres\u00f3 en <strong>la Congregaci\u00f3n de los Sagrados Corazones<\/strong>, en 2009, donde permaneci\u00f3 hasta 2017. En 2019 recibi\u00f3 la ordenaci\u00f3n sacerdotal y actualmente es <strong>p\u00e1rroco de las parroquias de San Francisco de As\u00eds y Patriarca Abraham<\/strong>. Tambi\u00e9n es <strong>director del Secretariado Diocesano de Catequesis de Barcelona<\/strong>. Mn. Alberto, que <strong>anima a todos a hacer catequesis<\/strong> \u2014porque la formaci\u00f3n \u00ab<strong>alimenta nuestra vida de fe\u00bb\u2014, anima a dar el paso a los j\u00f3venes que est\u00e9n valorando entrar en el Seminario.<\/strong><\/p>\n\n\n\n<div class=\"wp-block-columns is-layout-flex wp-container-core-columns-is-layout-9d6595d7 wp-block-columns-is-layout-flex\">\n<div class=\"wp-block-column is-layout-flow wp-block-column-is-layout-flow\">\n<h3 class=\"wp-block-heading\">\u00bfC\u00f3mo sentiste tu llamada?<\/h3>\n\n\n\n<p>Mi camino, como el de todos, no puede resumirse f\u00e1cilmente. En la adolescencia descubr\u00ed la vocaci\u00f3n cristiana. Cuando ya ten\u00eda la vida encauzada, escuch\u00e9 la llamada a la vida religiosa, como religioso de la Congregaci\u00f3n de los Sagrados Corazones, que es donde naci\u00f3, creci\u00f3 y madur\u00f3 mi fe. Finalmente, despu\u00e9s de hacer los votos perpetuos, de dos a\u00f1os de oraci\u00f3n, de acompa\u00f1amiento espiritual, y de realizar los ejercicios espirituales, finalmente discern\u00ed que el Se\u00f1or me llamaba a la vida sacerdotal diocesana.<\/p>\n<\/div>\n\n\n\n<div class=\"wp-block-column is-vertically-aligned-center is-layout-flow wp-block-column-is-layout-flow\">\n<figure class=\"wp-block-embed is-type-video is-provider-youtube wp-block-embed-youtube wp-embed-aspect-16-9 wp-has-aspect-ratio\"><div class=\"wp-block-embed__wrapper\">\n<iframe loading=\"lazy\" title=\"Planes de Dios #shorts #testimonio #jesus\" width=\"1080\" height=\"608\" src=\"https:\/\/www.youtube.com\/embed\/S0M1EFitqZw?feature=oembed\" frameborder=\"0\" allow=\"accelerometer; autoplay; clipboard-write; encrypted-media; gyroscope; picture-in-picture; web-share\" referrerpolicy=\"strict-origin-when-cross-origin\" allowfullscreen><\/iframe>\n<\/div><\/figure>\n<\/div>\n<\/div>\n\n\n\n<h3 class=\"wp-block-heading has-text-align-right\">\u00bfEres m\u00e1s feliz que antes?<\/h3>\n\n\n\n<p class=\"has-text-align-right\">Yo me he sentido fundamentalmente feliz en todas las etapas de mi vida. Pero si respondes a la llamada del Se\u00f1or, consigues una paz interior que te hace sentir que has encontrado tu sitio en el mundo. Decir si al Se\u00f1or implica estar al servicio de la comunidad cristiana. Es mucha responsabilidad, pero cuando alguien que acompa\u00f1as da un paso m\u00e1s hacia el Se\u00f1or hace que brote un gran gozo.<\/p>\n\n\n\n<h3 class=\"wp-block-heading\">\u00bfQu\u00e9 le dir\u00edas a un joven que se est\u00e9 planteando dar el paso?<\/h3>\n\n\n\n<p>Si sientes que el Se\u00f1or te invita a dar un paso m\u00e1s, cuida tu oraci\u00f3n empapada de la Palabra la de Dios, y comp\u00e1rtelo con alguien que tenga m\u00e1s experiencia de fe que t\u00fa. Descubrir tu vocaci\u00f3n permitir\u00e1 tener claro el sentido de tu vida. San Agust\u00edn, en sus Confesiones, te dir\u00eda \u00abNos hiciste, Se\u00f1or para ti, y nuestro coraz\u00f3n est\u00e1 inquieto, hasta que descanse en ti\u00bb (l, 1, 1). <\/p>\n\n\n\n<p><em>\u00d2scar Bardaj\u00ed i Mart\u00edn<\/em><\/p>\n\n\n\n<div data-wp-interactive=\"core\/file\" class=\"wp-block-file\"><object data-wp-bind--hidden=\"!state.hasPdfPreview\" hidden class=\"wp-block-file__embed\" data=\"https:\/\/esglesiajove.barcelona\/wp-content\/uploads\/Full-dominical-del-18-de-febrer-de-2024-Arquebisbat-de-Barcelona.pdf\" type=\"application\/pdf\" style=\"width:100%;height:600px\" aria-label=\"Incrustado de Full-dominical-del-18-de-febrer-de-2024-Arquebisbat-de-Barcelona.\"><\/object><a id=\"wp-block-file--media-08435015-2359-4f3d-8022-594865118b39\" href=\"https:\/\/esglesiajove.barcelona\/wp-content\/uploads\/Full-dominical-del-18-de-febrer-de-2024-Arquebisbat-de-Barcelona.pdf\">Full-dominical-del-18-de-febrer-de-2024-Arquebisbat-de-Barcelona<\/a><a href=\"https:\/\/esglesiajove.barcelona\/wp-content\/uploads\/Full-dominical-del-18-de-febrer-de-2024-Arquebisbat-de-Barcelona.pdf\" class=\"wp-block-file__button wp-element-button\" download aria-describedby=\"wp-block-file--media-08435015-2359-4f3d-8022-594865118b39\">Baixa<\/a><\/div>\n","protected":false},"excerpt":{"rendered":"<p>Mn. Alberto Para se licenci\u00f3 en Derecho en 1998 y ejerci\u00f3 de abogado hasta que ingres\u00f3 en la Congregaci\u00f3n de los Sagrados Corazones, en 2009, donde permaneci\u00f3 hasta 2017. En&#8230;<\/p>\n","protected":false},"author":1,"featured_media":6425,"comment_status":"closed","ping_status":"closed","sticky":false,"template":"","format":"standard","meta":{"inline_featured_image":false,"footnotes":""},"categories":[48],"tags":[],"class_list":{"0":"post-8213","1":"post","2":"type-post","3":"status-publish","4":"format-standard","5":"has-post-thumbnail","7":"category-testimonis"},"_links":{"self":[{"href":"https:\/\/esglesiajove.barcelona\/es\/wp-json\/wp\/v2\/posts\/8213","targetHints":{"allow":["GET"]}}],"collection":[{"href":"https:\/\/esglesiajove.barcelona\/es\/wp-json\/wp\/v2\/posts"}],"about":[{"href":"https:\/\/esglesiajove.barcelona\/es\/wp-json\/wp\/v2\/types\/post"}],"author":[{"embeddable":true,"href":"https:\/\/esglesiajove.barcelona\/es\/wp-json\/wp\/v2\/users\/1"}],"replies":[{"embeddable":true,"href":"https:\/\/esglesiajove.barcelona\/es\/wp-json\/wp\/v2\/comments?post=8213"}],"version-history":[{"count":1,"href":"https:\/\/esglesiajove.barcelona\/es\/wp-json\/wp\/v2\/posts\/8213\/revisions"}],"predecessor-version":[{"id":9069,"href":"https:\/\/esglesiajove.barcelona\/es\/wp-json\/wp\/v2\/posts\/8213\/revisions\/9069"}],"wp:featuredmedia":[{"embeddable":true,"href":"https:\/\/esglesiajove.barcelona\/es\/wp-json\/wp\/v2\/media\/6425"}],"wp:attachment":[{"href":"https:\/\/esglesiajove.barcelona\/es\/wp-json\/wp\/v2\/media?parent=8213"}],"wp:term":[{"taxonomy":"category","embeddable":true,"href":"https:\/\/esglesiajove.barcelona\/es\/wp-json\/wp\/v2\/categories?post=8213"},{"taxonomy":"post_tag","embeddable":true,"href":"https:\/\/esglesiajove.barcelona\/es\/wp-json\/wp\/v2\/tags?post=8213"}],"curies":[{"name":"wp","href":"https:\/\/api.w.org\/{rel}","templated":true}]}}