{"id":8218,"date":"2023-09-30T12:21:45","date_gmt":"2023-09-30T10:21:45","guid":{"rendered":"https:\/\/esglesiajove.barcelona\/los-encuentros-de-la-mediterranea-2023\/"},"modified":"2025-01-08T11:03:26","modified_gmt":"2025-01-08T10:03:26","slug":"los-encuentros-de-la-mediterranea-2023","status":"publish","type":"post","link":"https:\/\/esglesiajove.barcelona\/es\/los-encuentros-de-la-mediterranea-2023\/","title":{"rendered":"Los Encuentros de la Mediterr\u00e1nea 2023"},"content":{"rendered":"\n<p>El pasado domingo 17 de septiembre comenzaban en la ciudad francesa de Marsella los <strong>Encuentros de la Mediterr\u00e1nea<\/strong>. Un evento en el que se reunieron <strong>70 obispos y 70 j\u00f3venes<\/strong> de todas las costas del Mediterr\u00e1neo para hablar de los retos y objetivos comunes de estas \u00e1reas. La premisa era simple: <strong>conocer y poner en com\u00fan; aprender y escuchar<\/strong>. El lema:<\/p>\n\n\n\n\n\n\n<h5 class=\"wp-block-heading has-text-align-center has-white-color has-secondary-background-color has-text-color has-background has-link-color wp-elements-a67bb6e7d013914152b1c9d43690a7d8\">El mediterr\u00e1neo: un mosaico de esperanza<\/h5>\n\n\n\n\n\n\n<h4 class=\"wp-block-heading\">Desde el inicio<\/h4>\n\n\n\n<p>El encuentro comenz\u00f3 con la reuni\u00f3n de todos los j\u00f3venes, que proven\u00edan de todas partes del mediterr\u00e1neo, con creencias, or\u00edgenes y realidades distintas. En una primera cena de bienvenida donde las diferencias se pon\u00edan de manifiesto en cada momento, empez\u00f3 a arraigar el fruto de las jornadas. <strong>Sonrisas, preguntas, risas<\/strong>; ante el obst\u00e1culo de la carencia de lengua com\u00fan: <strong>flexibilidad<\/strong>; ante las dudas y la incertidumbre: <strong>acompa\u00f1amiento<\/strong>. No lo sab\u00edamos todav\u00eda, pero a lo largo de toda la semana los j\u00f3venes del Mediterr\u00e1neo ser\u00edamos verdadero testimonio de las palabras del Papa Francisco en el discurso de cierre de las jornadas:<\/p>\n\n\n\n<figure class=\"wp-block-pullquote has-text-align-center has-primary-100-background-color has-background\" style=\"font-size:16px\"><blockquote><p>\u00ab<em><em>Hermanos y hermanas, en el actual mar de conflictos, estamos aqu\u00ed para reconocer el valor de la contribuci\u00f3n del Mediterr\u00e1neo, y que vuelva a ser un&nbsp;laboratorio de paz. Porque esta es su vocaci\u00f3n, ser <strong>un lugar donde pa\u00edses y realidades diferentes se encuentren sobre la base de la com\u00fan humanidad que todos compartimos, y no de ideolog\u00edas contrapuestas.<\/strong> En efecto, el Mediterr\u00e1neo no expresa un pensamiento uniforme e ideol\u00f3gico, sino un pensamiento polifac\u00e9tico y adherido a la realidad; un pensamiento vital, abierto y conciliador: un pensamiento&nbsp;comunitario, esta es la palabra.<\/em><\/em>\u00ab<\/p><cite><strong>Papa Francisco<\/strong><\/cite><\/blockquote><\/figure>\n\n\n\n<h4 class=\"wp-block-heading\">Jornada de jornadas<\/h4>\n\n\n\n<p>A la madrugada siguiente, temprano, empezaba el programa de los encuentros, que era bastante complejo para dedicarle meses, y no d\u00edas. Cada jornada ten\u00eda un tema de fondo que hac\u00eda de hilo conductor de las diferentes actividades o ponencias:<strong> la precariedad, los conflictos, el reto clim\u00e1tico, las migraciones, el di\u00e1logo inter religioso<\/strong>&#8230; De esta forma se abr\u00eda un espacio de debate y puesta en com\u00fan entre las diferentes perspectivas y experiencias que representaban a los j\u00f3venes.<\/p>\n\n\n\n<h4 class=\"wp-block-heading\">Encuentro con los obispos<\/h4>\n\n\n\n<p>A partir del jueves, en el Palacio de Pharo, los <strong>obispos <\/strong>se incorporaron a los encuentros, ahora ya con la misi\u00f3n de <strong>encontrar acciones y objetivos comunes para trabajar en todo el Mediterr\u00e1neo<\/strong>. As\u00ed, los otros d\u00edas hab\u00edan servido como preparaci\u00f3n y formaci\u00f3n. Adem\u00e1s, hab\u00edan sido un laboratorio en el que se pon\u00eda de manifiesto la posibilidad de alcanzar los objetivos de fraternidad y colaboraci\u00f3n entre tantas personas de or\u00edgenes y contextos diferentes.<\/p>\n\n\n\n<figure class=\"wp-block-image size-large\"><img decoding=\"async\" src=\"https:\/\/esglesiajove.barcelona\/wp-content\/uploads\/2024\/11\/Med23-Pharo-339.jpg\" alt=\"\" class=\"wp-image-64805\"\/><\/figure>\n\n\n\n<h4 class=\"wp-block-heading\">La clausura<\/h4>\n\n\n\n<p>Finalmente, el s\u00e1bado, con la llegada del Papa a la ciudad de Marsella se anunciaba la clausura del encuentro. Despu\u00e9s de toda una semana de emociones a flor de piel, la experiencia llegaba a su fin. Y como suele ocurrir, dec\u00edamos adi\u00f3s con un sabor dulce y amargo en los labios. A pesar del cansancio f\u00edsico, estaba <strong>la alegr\u00eda de haber recibido un don muy grande y el miedo a no saber c\u00f3mo compartirlo.<\/strong><\/p>\n\n\n\n\n\n\n<p style=\"font-style:italic;font-weight:400\">\u00abPara m\u00ed, participar de estos Encuentros en Marsella fue una experiencia como pocas en la vida. Porque, como muchos regalos del Se\u00f1or, estuvo lleno de lecciones que no me esperaba. En un mundo donde todo parece ir acelerado y siempre vamos preocupados por nuestros problemas, fue un golpe de humildad darse cuenta de que a pesar de querer hacer el bien a los dem\u00e1s, vamos con una venda en los ojos. Que poco a poco el ego\u00edsmo se ha colado en nuestro d\u00eda a d\u00eda y no somos capaces de detenernos para mirar a los dem\u00e1s, para velar por ellos.<\/p>\n\n\n\n<h5 class=\"wp-block-heading\">Ceguera de coraz\u00f3n<\/h5>\n\n\n\n<p style=\"font-style:italic;font-weight:400\">Esto, que tantas veces nos hab\u00edan dicho y que el Papa defini\u00f3 como una crisis del individualismo, se me hizo evidente a lo largo de la semana y especialmente en el \u00faltimo d\u00eda que estuvimos en Marsella. En la misa de acci\u00f3n de gracias que se celebr\u00f3 el domingo en la catedral de la ciudad, la bas\u00edlica estaba llena hasta los topes. Diez minutos antes de empezar la ceremonia no hab\u00eda sitio en la nave central y nos resignamos a escuchar misa: sin visibilidad alguna, sentadas en unos bancos de piedra del muro. <\/p>\n\n\n\n<p style=\"font-style:italic;font-weight:400\">Bien entrada la celebraci\u00f3n religiosa, todav\u00eda aparec\u00eda gente, especialmente personas mayores. Aunque no hab\u00eda sitio y algunos j\u00f3venes ya se hab\u00edan empezado a sentar en el suelo, siempre hab\u00eda alguien que se levantaba y ced\u00eda su sitio. Daba igual si la persona llegaba veinte o treinta minutos tarde o si no eran personas acusadamente mayores, constantemente hab\u00eda j\u00f3venes cediendo su asiento. Y yo, que ya pensaba que hab\u00eda cedido estando como estaba sentada en un lugar donde no pod\u00eda ni ver el altar, vi mi ceguera. \u00bfQu\u00e9 necesidad ten\u00eda yo de tener un sitio cuando hab\u00eda otras personas de pie? Especialmente, \u00bfcu\u00e1ndo no ten\u00eda ning\u00fan problema en sentarse en el suelo como tantos otros j\u00f3venes?<\/p>\n\n\n\n<h5 class=\"wp-block-heading\">Ser misericordioso como el Padre<\/h5>\n\n\n\n<p style=\"font-style:italic;font-weight:400\">Esta es una de las lecciones centrales que aprend\u00ed en Marsella. El ego\u00edsmo se cuela en nuestro d\u00eda a d\u00eda con las peque\u00f1as cosas. Nos hacemos impasible al sufrimiento de los dem\u00e1s; nos olvidamos de velar por ellos hasta el punto de que nos escuchamos justificando nuestro ego\u00edsmo y culpando a los dem\u00e1s: \u201csi quer\u00eda sentarse, deber\u00eda haber llegado antes\u201d. \u201cNo hago donaciones porque con mi dinero no cambiaremos el mundo\u201d. \u201cSi estas personas necesitan caridad, que se pongan a trabajar\u201d. Si hay algo que he aprendido de estas jornadas, es que la misericordia es extraordinaria. Debemos luchar constantemente por mirar a los dem\u00e1s con el amor de Dios. Esta es nuestra llamada como cristianos.\u00bb<\/p>\n\n\n\n<p><strong>Laura Trius B\u00e9jar<\/strong><\/p>\n\n","protected":false},"excerpt":{"rendered":"<p>El pasado domingo 17 de septiembre comenzaban en la ciudad francesa de Marsella los Encuentros de la Mediterr\u00e1nea. Un evento en el que se reunieron 70 obispos y 70 j\u00f3venes&#8230;<\/p>\n","protected":false},"author":1,"featured_media":6426,"comment_status":"closed","ping_status":"closed","sticky":false,"template":"","format":"standard","meta":{"inline_featured_image":false,"footnotes":""},"categories":[56],"tags":[],"class_list":{"0":"post-8218","1":"post","2":"type-post","3":"status-publish","4":"format-standard","5":"has-post-thumbnail","7":"category-articles"},"_links":{"self":[{"href":"https:\/\/esglesiajove.barcelona\/es\/wp-json\/wp\/v2\/posts\/8218","targetHints":{"allow":["GET"]}}],"collection":[{"href":"https:\/\/esglesiajove.barcelona\/es\/wp-json\/wp\/v2\/posts"}],"about":[{"href":"https:\/\/esglesiajove.barcelona\/es\/wp-json\/wp\/v2\/types\/post"}],"author":[{"embeddable":true,"href":"https:\/\/esglesiajove.barcelona\/es\/wp-json\/wp\/v2\/users\/1"}],"replies":[{"embeddable":true,"href":"https:\/\/esglesiajove.barcelona\/es\/wp-json\/wp\/v2\/comments?post=8218"}],"version-history":[{"count":1,"href":"https:\/\/esglesiajove.barcelona\/es\/wp-json\/wp\/v2\/posts\/8218\/revisions"}],"predecessor-version":[{"id":8219,"href":"https:\/\/esglesiajove.barcelona\/es\/wp-json\/wp\/v2\/posts\/8218\/revisions\/8219"}],"wp:featuredmedia":[{"embeddable":true,"href":"https:\/\/esglesiajove.barcelona\/es\/wp-json\/wp\/v2\/media\/6426"}],"wp:attachment":[{"href":"https:\/\/esglesiajove.barcelona\/es\/wp-json\/wp\/v2\/media?parent=8218"}],"wp:term":[{"taxonomy":"category","embeddable":true,"href":"https:\/\/esglesiajove.barcelona\/es\/wp-json\/wp\/v2\/categories?post=8218"},{"taxonomy":"post_tag","embeddable":true,"href":"https:\/\/esglesiajove.barcelona\/es\/wp-json\/wp\/v2\/tags?post=8218"}],"curies":[{"name":"wp","href":"https:\/\/api.w.org\/{rel}","templated":true}]}}