{"id":8247,"date":"2024-03-27T10:06:58","date_gmt":"2024-03-27T09:06:58","guid":{"rendered":"https:\/\/esglesiajove.barcelona\/vigilia-de-oracion-por-las-vocaciones-2024\/"},"modified":"2025-01-08T11:03:23","modified_gmt":"2025-01-08T10:03:23","slug":"vigilia-de-oracion-por-las-vocaciones-2024","status":"publish","type":"post","link":"https:\/\/esglesiajove.barcelona\/es\/vigilia-de-oracion-por-las-vocaciones-2024\/","title":{"rendered":"Vigilia de oraci\u00f3n por las vocaciones 2024"},"content":{"rendered":"\n<p>El pasado s\u00e1bado 16 de marzo tuvo lugar la tradicional vigilia de oraci\u00f3n por las vocaciones en el Seminario Conciliar de Barcelona.<\/p>\n\n\n\n<p>J\u00f3venes, ni\u00f1os, padres, abuelos y personas de todas las edades respondieron a esta llamada de oraci\u00f3n. Todos se unieron en la capilla del seminario para elevar su s\u00faplica a Dios por el aumento de vocaciones sacerdotales en nuestra archidi\u00f3cesis.<\/p>\n\n\n\n<h2 class=\"wp-block-heading\">Reviviendo la vigilia<\/h2>\n\n\n\n<p>Antes de iniciar la adoraci\u00f3n, el seminarista Andreu Salinas, que ser\u00e1 ordenado el pr\u00f3ximo s\u00e1bado 23 de marzo en la parroquia de San Jos\u00e9 Oriol, dio un peque\u00f1o testimonio sobre su vocaci\u00f3n.<\/p>\n\n\n\n<p>Despu\u00e9s de esto, tuvo lugar la exposici\u00f3n del Sant\u00edsimo y se ley\u00f3 el pasaje del evangelio de la llamada de Jes\u00fas a Mateo para seguirle (Lc 5, 27-28). El Cardenal pidi\u00f3 a Dios por las vocaciones, confiando plenamente que es a trav\u00e9s de los sacerdotes que se cumple la palabra de Jes\u00fas:<\/p>\n\n\n\n<p class=\"has-text-align-center\"><strong>\u00abId, pues, y haced disc\u00edpulos a todos los pueblos, bautiz\u00e1ndolos en el nombre del Padre y del Hijo y del Esp\u00edritu Santo;&nbsp;ense\u00f1\u00e1ndoles a guardar todo lo que os he mandado. Y sabed que yo estoy con vosotros todos los d\u00edas, hasta el final de los tiempos.\u00bb (Mateo 28, 16)<\/strong><\/p>\n\n\n\n<p>Es decir, el sacerdocio es una vocaci\u00f3n de amor a la comunidad: en nuestros pueblos, ciudades y barrios, son muchos los que esperan llevar a cabo el anuncio del Evangelio y renovar todos los d\u00edas el Sacrificio del Altar que se entrega por la salvaci\u00f3n del mundo. Un don del Buen Pastor que les hace capaces de llevar el cielo a la Tierra.<\/p>\n\n\n\n<h2 class=\"wp-block-heading\">Nuestra oraci\u00f3n<\/h2>\n\n\n\n<p>Por \u00faltimo, la adoraci\u00f3n concluy\u00f3 con esta petici\u00f3n que el Cardenal Omella dirigi\u00f3 a Jes\u00fas, en nombre de todos:<\/p>\n\n\n\n<p class=\"has-text-align-center has-white-color has-info-background-color has-text-color has-background has-link-color has-medium-font-size wp-elements-199870878c5cdf04d352f7383cd248d6\"><em>\u00abOh, Padre, due\u00f1o de la mies, escucha nuestras s\u00faplicas. Conc\u00e9denos la determinaci\u00f3n de responder a tu Hijo nuestro Se\u00f1or. Su Coraz\u00f3n nos quiere dar las vocaciones necesarias para que tu Iglesia se muestre fiel y pronta a obedecer tus mandatos. Esp\u00edritu Santo, alma de la Iglesia \u00a1Mueve el coraz\u00f3n de muchos para que, unidos al sacerdocio de Cristo, sean signos de su amor pastoral y de su presencia gloriosa! Necesitamos sacerdotes que den testimonio de Cristo Resucitado a semejanza de los Ap\u00f3stoles. Que sean muchos los que, en la misma persona de Cristo, amen seg\u00fan su Coraz\u00f3n indiviso, sacerdotes que muestren a Cristo como Esposo de la Iglesia, d\u00e1ndolo todo por ella, hombres que, consagrados a Cristo, sirvan la comuni\u00f3n de los diversos carismas al servicio de la unidad sellada con su Sangre preciosa. Dadnos, Se\u00f1or, sacerdotes marianos, hijos de Mar\u00eda, Madre de la Iglesia, para que todos podamos renovar nuestro S\u00ed incondicional a ser santos. Am\u00e9n.\u00bb<\/em><\/p>\n\n\n\n<h2 class=\"wp-block-heading\">Pica-pica<\/h2>\n\n\n\n<p>Al finalizar la adoraci\u00f3n, la gente pudo disfrutar de un picoteo, y unas buenas hamburguesas para los m\u00e1s atrevidos. Adem\u00e1s, se present\u00f3 el v\u00eddeo que el Seminario ha realizado especialmente para ese d\u00eda:<\/p>\n\n\n\n<figure class=\"wp-block-embed is-type-video is-provider-youtube wp-block-embed-youtube wp-embed-aspect-16-9 wp-has-aspect-ratio\"><div class=\"wp-block-embed__wrapper\">\n<iframe loading=\"lazy\" title=\"Tu puedes ser las manos de Dios - Seminario Conciliar de Barcelona\" width=\"1080\" height=\"608\" src=\"https:\/\/www.youtube.com\/embed\/8Eh84Nsfc-8?feature=oembed\" frameborder=\"0\" allow=\"accelerometer; autoplay; clipboard-write; encrypted-media; gyroscope; picture-in-picture; web-share\" referrerpolicy=\"strict-origin-when-cross-origin\" allowfullscreen><\/iframe>\n<\/div><\/figure>\n\n\n\n<div style=\"height:35px\" aria-hidden=\"true\" class=\"wp-block-spacer\"><\/div>\n\n\n\n<h5 class=\"wp-block-heading has-text-align-center\"><strong>\u00a1Damos gracias a Dios por esta vigilia y estamos seguros de que \u00c9l siempre nos escucha!<\/strong><\/h5>\n\n\n\n<h3 class=\"wp-block-heading\">Recopilaci\u00f3n de im\u00e1genes<\/h3>\n\n\n\n<figure class=\"wp-block-gallery has-nested-images columns-default is-cropped wp-block-gallery-1 is-layout-flex wp-block-gallery-is-layout-flex\">\n<figure class=\"wp-block-image size-large\"><a href=\"https:\/\/esglesiajove.barcelona\/vigilia-de-oracion-por-las-vocaciones-2024\/oracion\/\"><img decoding=\"async\" data-id=\"64913\" src=\"https:\/\/esglesiajove.barcelona\/wp-content\/uploads\/2024\/11\/Oracion.jpg\" alt=\"\" class=\"wp-image-64913\"\/><\/a><\/figure>\n\n\n\n<figure class=\"wp-block-image size-large\"><a href=\"https:\/\/esglesiajove.barcelona\/vigilia-de-oracion-por-las-vocaciones-2024\/oracion-2\/\"><img decoding=\"async\" data-id=\"64914\" src=\"https:\/\/esglesiajove.barcelona\/wp-content\/uploads\/2024\/11\/Oracion-2.jpg\" alt=\"\" class=\"wp-image-64914\"\/><\/a><\/figure>\n\n\n\n<figure class=\"wp-block-image size-large\"><a href=\"https:\/\/esglesiajove.barcelona\/vigilia-de-oracion-por-las-vocaciones-2024\/oracion-3\/\"><img decoding=\"async\" data-id=\"64915\" src=\"https:\/\/esglesiajove.barcelona\/wp-content\/uploads\/2024\/11\/Oracion-3.jpg\" alt=\"\" class=\"wp-image-64915\"\/><\/a><\/figure>\n\n\n\n<figure class=\"wp-block-image size-large\"><a href=\"https:\/\/esglesiajove.barcelona\/vigilia-de-oracion-por-las-vocaciones-2024\/oracion-4\/\"><img decoding=\"async\" data-id=\"64916\" src=\"https:\/\/esglesiajove.barcelona\/wp-content\/uploads\/2024\/11\/Oracion-4.jpg\" alt=\"\" class=\"wp-image-64916\"\/><\/a><\/figure>\n\n\n\n<figure class=\"wp-block-image size-large\"><a href=\"https:\/\/esglesiajove.barcelona\/vigilia-de-oracion-por-las-vocaciones-2024\/oracion-5\/\"><img decoding=\"async\" data-id=\"64919\" src=\"https:\/\/esglesiajove.barcelona\/wp-content\/uploads\/2024\/11\/Oracion-5.jpg\" alt=\"\" class=\"wp-image-64919\"\/><\/a><\/figure>\n\n\n\n<figure class=\"wp-block-image size-large\"><a href=\"https:\/\/esglesiajove.barcelona\/vigilia-de-oracion-por-las-vocaciones-2024\/oracion-6\/\"><img decoding=\"async\" data-id=\"64917\" src=\"https:\/\/esglesiajove.barcelona\/wp-content\/uploads\/2024\/11\/Oracion-6.jpg\" alt=\"\" class=\"wp-image-64917\"\/><\/a><\/figure>\n\n\n\n<figure class=\"wp-block-image size-large\"><a href=\"https:\/\/esglesiajove.barcelona\/vigilia-de-oracion-por-las-vocaciones-2024\/oracion-9\/\"><img decoding=\"async\" data-id=\"64918\" src=\"https:\/\/esglesiajove.barcelona\/wp-content\/uploads\/2024\/11\/Oracion-9.jpg\" alt=\"\" class=\"wp-image-64918\"\/><\/a><\/figure>\n\n\n\n<figure class=\"wp-block-image size-large\"><a href=\"https:\/\/esglesiajove.barcelona\/vigilia-de-oracion-por-las-vocaciones-2024\/oracion-10\/\"><img decoding=\"async\" data-id=\"64928\" src=\"https:\/\/esglesiajove.barcelona\/wp-content\/uploads\/2024\/11\/Oracion-10.jpg\" alt=\"\" class=\"wp-image-64928\"\/><\/a><\/figure>\n\n\n\n<figure class=\"wp-block-image size-large\"><a href=\"https:\/\/esglesiajove.barcelona\/vigilia-de-oracion-por-las-vocaciones-2024\/oracion-12\/\"><img decoding=\"async\" data-id=\"64922\" src=\"https:\/\/esglesiajove.barcelona\/wp-content\/uploads\/2024\/11\/Oracion-12.jpg\" alt=\"\" class=\"wp-image-64922\"\/><\/a><\/figure>\n\n\n\n<figure class=\"wp-block-image size-large\"><a href=\"https:\/\/esglesiajove.barcelona\/vigilia-de-oracion-por-las-vocaciones-2024\/oracion-13\/\"><img decoding=\"async\" data-id=\"64931\" src=\"https:\/\/esglesiajove.barcelona\/wp-content\/uploads\/2024\/11\/Oracion-13.jpg\" alt=\"\" class=\"wp-image-64931\"\/><\/a><\/figure>\n\n\n\n<figure class=\"wp-block-image size-large\"><a href=\"https:\/\/esglesiajove.barcelona\/vigilia-de-oracion-por-las-vocaciones-2024\/oracion-14\/\"><img decoding=\"async\" data-id=\"64935\" src=\"https:\/\/esglesiajove.barcelona\/wp-content\/uploads\/2024\/11\/Oracion-14.jpg\" alt=\"\" class=\"wp-image-64935\"\/><\/a><\/figure>\n\n\n\n<figure class=\"wp-block-image size-large\"><a href=\"https:\/\/esglesiajove.barcelona\/vigilia-de-oracion-por-las-vocaciones-2024\/oracion-15\/\"><img decoding=\"async\" data-id=\"64923\" src=\"https:\/\/esglesiajove.barcelona\/wp-content\/uploads\/2024\/11\/Oracion-15.jpg\" alt=\"\" class=\"wp-image-64923\"\/><\/a><\/figure>\n\n\n\n<figure class=\"wp-block-image size-large\"><a href=\"https:\/\/esglesiajove.barcelona\/vigilia-de-oracion-por-las-vocaciones-2024\/oracion-16\/\"><img decoding=\"async\" data-id=\"64925\" src=\"https:\/\/esglesiajove.barcelona\/wp-content\/uploads\/2024\/11\/Oracion-16.jpg\" alt=\"\" class=\"wp-image-64925\"\/><\/a><\/figure>\n\n\n\n<figure class=\"wp-block-image size-large\"><a href=\"https:\/\/esglesiajove.barcelona\/vigilia-de-oracion-por-las-vocaciones-2024\/oracion-17\/\"><img decoding=\"async\" data-id=\"64921\" src=\"https:\/\/esglesiajove.barcelona\/wp-content\/uploads\/2024\/11\/Oracion-17.jpg\" alt=\"\" class=\"wp-image-64921\"\/><\/a><\/figure>\n\n\n\n<figure class=\"wp-block-image size-large\"><a href=\"https:\/\/esglesiajove.barcelona\/vigilia-de-oracion-por-las-vocaciones-2024\/oracion-18\/\"><img decoding=\"async\" data-id=\"64926\" src=\"https:\/\/esglesiajove.barcelona\/wp-content\/uploads\/2024\/11\/Oracion-18.jpg\" alt=\"\" class=\"wp-image-64926\"\/><\/a><\/figure>\n\n\n\n<figure class=\"wp-block-image size-large\"><a href=\"https:\/\/esglesiajove.barcelona\/vigilia-de-oracion-por-las-vocaciones-2024\/oracion-21\/\"><img decoding=\"async\" data-id=\"64930\" src=\"https:\/\/esglesiajove.barcelona\/wp-content\/uploads\/2024\/11\/Oracion-21.jpg\" alt=\"\" class=\"wp-image-64930\"\/><\/a><\/figure>\n\n\n\n<figure class=\"wp-block-image size-large\"><a href=\"https:\/\/esglesiajove.barcelona\/vigilia-de-oracion-por-las-vocaciones-2024\/oracion-22\/\"><img decoding=\"async\" data-id=\"64934\" src=\"https:\/\/esglesiajove.barcelona\/wp-content\/uploads\/2024\/11\/Oracion-22.jpg\" alt=\"\" class=\"wp-image-64934\"\/><\/a><\/figure>\n\n\n\n<figure class=\"wp-block-image size-large\"><a href=\"https:\/\/esglesiajove.barcelona\/vigilia-de-oracion-por-las-vocaciones-2024\/oracion-23\/\"><img decoding=\"async\" data-id=\"64933\" src=\"https:\/\/esglesiajove.barcelona\/wp-content\/uploads\/2024\/11\/Oracion-23.jpg\" alt=\"\" class=\"wp-image-64933\"\/><\/a><\/figure>\n\n\n\n<figure class=\"wp-block-image size-large\"><a href=\"https:\/\/esglesiajove.barcelona\/vigilia-de-oracion-por-las-vocaciones-2024\/oracion-24\/\"><img decoding=\"async\" data-id=\"64927\" src=\"https:\/\/esglesiajove.barcelona\/wp-content\/uploads\/2024\/11\/Oracion-24.jpg\" alt=\"\" class=\"wp-image-64927\"\/><\/a><\/figure>\n\n\n\n<figure class=\"wp-block-image size-large\"><a href=\"https:\/\/esglesiajove.barcelona\/vigilia-de-oracion-por-las-vocaciones-2024\/oracion-25\/\"><img decoding=\"async\" data-id=\"64936\" src=\"https:\/\/esglesiajove.barcelona\/wp-content\/uploads\/2024\/11\/Oracion-25.jpg\" alt=\"\" class=\"wp-image-64936\"\/><\/a><\/figure>\n\n\n\n<figure class=\"wp-block-image size-large\"><a href=\"https:\/\/esglesiajove.barcelona\/vigilia-de-oracion-por-las-vocaciones-2024\/oracion-26\/\"><img decoding=\"async\" data-id=\"64920\" src=\"https:\/\/esglesiajove.barcelona\/wp-content\/uploads\/2024\/11\/Oracion-26.jpg\" alt=\"\" class=\"wp-image-64920\"\/><\/a><\/figure>\n\n\n\n<figure class=\"wp-block-image size-large\"><a href=\"https:\/\/esglesiajove.barcelona\/vigilia-de-oracion-por-las-vocaciones-2024\/oracion-27\/\"><img decoding=\"async\" data-id=\"64932\" src=\"https:\/\/esglesiajove.barcelona\/wp-content\/uploads\/2024\/11\/Oracion-27.jpg\" alt=\"\" class=\"wp-image-64932\"\/><\/a><\/figure>\n\n\n\n<figure class=\"wp-block-image size-large\"><a href=\"https:\/\/esglesiajove.barcelona\/vigilia-de-oracion-por-las-vocaciones-2024\/oracion-28\/\"><img decoding=\"async\" data-id=\"64929\" src=\"https:\/\/esglesiajove.barcelona\/wp-content\/uploads\/2024\/11\/Oracion-28.jpg\" alt=\"\" class=\"wp-image-64929\"\/><\/a><\/figure>\n\n\n\n<figure class=\"wp-block-image size-large\"><a href=\"https:\/\/esglesiajove.barcelona\/vigilia-de-oracion-por-las-vocaciones-2024\/oracion-29\/\"><img decoding=\"async\" data-id=\"64924\" src=\"https:\/\/esglesiajove.barcelona\/wp-content\/uploads\/2024\/11\/Oracion-29.jpg\" alt=\"\" class=\"wp-image-64924\"\/><\/a><\/figure>\n<\/figure>\n","protected":false},"excerpt":{"rendered":"<p>El pasado s\u00e1bado 16 de marzo tuvo lugar la tradicional vigilia de oraci\u00f3n por las vocaciones en el Seminario Conciliar de Barcelona. J\u00f3venes, ni\u00f1os, padres, abuelos y personas de todas&#8230;<\/p>\n","protected":false},"author":1,"featured_media":6427,"comment_status":"closed","ping_status":"closed","sticky":false,"template":"","format":"standard","meta":{"inline_featured_image":false,"footnotes":""},"categories":[],"tags":[],"class_list":["post-8247","post","type-post","status-publish","format-standard","has-post-thumbnail"],"_links":{"self":[{"href":"https:\/\/esglesiajove.barcelona\/es\/wp-json\/wp\/v2\/posts\/8247","targetHints":{"allow":["GET"]}}],"collection":[{"href":"https:\/\/esglesiajove.barcelona\/es\/wp-json\/wp\/v2\/posts"}],"about":[{"href":"https:\/\/esglesiajove.barcelona\/es\/wp-json\/wp\/v2\/types\/post"}],"author":[{"embeddable":true,"href":"https:\/\/esglesiajove.barcelona\/es\/wp-json\/wp\/v2\/users\/1"}],"replies":[{"embeddable":true,"href":"https:\/\/esglesiajove.barcelona\/es\/wp-json\/wp\/v2\/comments?post=8247"}],"version-history":[{"count":1,"href":"https:\/\/esglesiajove.barcelona\/es\/wp-json\/wp\/v2\/posts\/8247\/revisions"}],"predecessor-version":[{"id":8248,"href":"https:\/\/esglesiajove.barcelona\/es\/wp-json\/wp\/v2\/posts\/8247\/revisions\/8248"}],"wp:featuredmedia":[{"embeddable":true,"href":"https:\/\/esglesiajove.barcelona\/es\/wp-json\/wp\/v2\/media\/6427"}],"wp:attachment":[{"href":"https:\/\/esglesiajove.barcelona\/es\/wp-json\/wp\/v2\/media?parent=8247"}],"wp:term":[{"taxonomy":"category","embeddable":true,"href":"https:\/\/esglesiajove.barcelona\/es\/wp-json\/wp\/v2\/categories?post=8247"},{"taxonomy":"post_tag","embeddable":true,"href":"https:\/\/esglesiajove.barcelona\/es\/wp-json\/wp\/v2\/tags?post=8247"}],"curies":[{"name":"wp","href":"https:\/\/api.w.org\/{rel}","templated":true}]}}