{"id":8264,"date":"2024-03-20T11:56:00","date_gmt":"2024-03-20T10:56:00","guid":{"rendered":"https:\/\/esglesiajove.barcelona\/iii-jornadas-del-grupo-joan-roig\/"},"modified":"2025-01-08T11:03:23","modified_gmt":"2025-01-08T10:03:23","slug":"iii-jornadas-del-grupo-joan-roig","status":"publish","type":"post","link":"https:\/\/esglesiajove.barcelona\/es\/iii-jornadas-del-grupo-joan-roig\/","title":{"rendered":"III Jornadas del grupo Joan Roig"},"content":{"rendered":"\n<div class=\"wp-block-group has-white-background-color has-background is-layout-constrained wp-block-group-is-layout-constrained\">\n\n<p class=\"has-text-align-center\" style=\"font-size:20px\">Una cincuentena de j\u00f3venes profesionales de diferentes movimientos y parroquias de la di\u00f3cesis participaron de las III jornadas del grupo Joan Roig en Manresa:<\/p>\n\n\n\n<p class=\"has-text-align-center\" style=\"font-size:20px\"><strong>\u00abLa Verdad como Misterio\u00bb<\/strong><\/p>\n\n\n\n<div style=\"height:31px\" aria-hidden=\"true\" class=\"wp-block-spacer\"><\/div>\n\n\n\n<h4 class=\"wp-block-heading has-text-align-left\">\u00a1Empezamos bien!<\/h4>\n\n\n\n<p>Empezamos las jornadas de la mejor manera, <strong>celebrando la Santa Misa todos juntos y encomendando el fin de semana al beato Joan Roig. <\/strong>Para generar un ambiente de confianza hicimos una din\u00e1mica de grupos para romper el hielo y familiarizarnos entre todos.<\/p>\n\n\n\n<div style=\"height:44px\" aria-hidden=\"true\" class=\"wp-block-spacer\"><\/div>\n\n\n\n<h4 class=\"wp-block-heading has-text-align-right\">Dios siempre sorprende<\/h4>\n\n\n\n\n\n<figure class=\"wp-block-image aligncenter size-large is-resized\"><img decoding=\"async\" src=\"https:\/\/esglesiajove.barcelona\/wp-content\/uploads\/2024\/11\/IMG-20240320-WA0006.jpg\" alt=\"\" class=\"wp-image-64864\" style=\"width:201px;height:auto\"\/><\/figure>\n\n\n\n\n\n<p>Desde el s\u00e1bado a primera hora de la ma\u00f1ana ya<strong> vimos que este fin de semana estar\u00eda marcado por la providencia del Se\u00f1or. <\/strong>No solo nos regal\u00f3 la lluvia tan deseada, sino que despu\u00e9s de haber preparado durante meses estas jornadas, parec\u00eda que el esperado ponente no podr\u00eda llegar. Tantas eran las ganas de poder escuchar al ponente, que se buscaron todas las soluciones posibles. Sin embargo, el Se\u00f1or sabe m\u00e1s y nos pidi\u00f3 poner nuestros dones al servicio de los dem\u00e1s. <strong>Dedicamos la ma\u00f1ana del s\u00e1bado a hablar sobre la Verdad con la ayuda del discurso del Papa Benedicto XVI en Ratisbona. <\/strong>Dos personas se ofrecieron a hacernos m\u00e1s cerca las palabras del Papa con una introducci\u00f3n hist\u00f3rica y filos\u00f3fica. Luego con peque\u00f1os grupos compartimos nuestras reflexiones.<\/p>\n\n\n\n\n\n<div style=\"height:41px\" aria-hidden=\"true\" class=\"wp-block-spacer\"><\/div>\n\n\n\n<p>Despu\u00e9s de eso, el Se\u00f1or segu\u00eda sorprendiendo ya por la tarde tuvimos <strong>la inesperada visita del Padre Petit.<\/strong> Nos habl\u00f3 de la vida de San Ignacio y de<strong> la importancia de la cueva de Manresa,<\/strong> donde escribi\u00f3 sus ejercicios espirituales.<\/p>\n\n\n\n<div style=\"height:48px\" aria-hidden=\"true\" class=\"wp-block-spacer\"><\/div>\n\n\n\n<h4 class=\"wp-block-heading has-text-align-left\">La Cueva de Manresa<\/h4>\n\n\n\n\n\n<p>Para dar un toque cultural al fin de semana, dos voluntarias se ofrecieron para contar <strong>los famosos mosaicos de Rupnik<\/strong> que rodean el Santuario de la Cueva de San Ignacio. No falt\u00f3 poder ponernos ante el Se\u00f1or para tener cada uno su momento de intimidad en  adoraci\u00f3n al Sant\u00edsimo.<\/p>\n\n\n\n\n\n<figure class=\"wp-block-image aligncenter size-large is-resized\"><img decoding=\"async\" src=\"https:\/\/esglesiajove.barcelona\/wp-content\/uploads\/2024\/11\/IMG-20240320-WA0004.jpg\" alt=\"\" class=\"wp-image-64866\" style=\"width:327px;height:auto\"\/><\/figure>\n\n\n\n\n\n<div style=\"height:47px\" aria-hidden=\"true\" class=\"wp-block-spacer\"><\/div>\n\n\n\n<h4 class=\"wp-block-heading has-text-align-center\">\u00a1Un buen final!<\/h4>\n\n\n\n<p>El domingo aprovechamos para visitar la sede de Manresa, celebrar Misa con los feligreses de la bas\u00edlica y dar un paseo por los entornos. <strong>Terminamos las jornadas dando gracias a Dios y compartiendo nuestras vivencias del fin de semana.<\/strong> Nos conmovieron algunos testimonios que expresaron su admiraci\u00f3n por las permanentes sonrisas, tanto de los organizadores como de los participantes, a pesar de los cambios de planes inesperados. Tambi\u00e9n pudimos constatar c\u00f3mo, poco a poco, el grupo Joan Roig va creciendo. Un participante lo compar\u00f3 con el nacimiento de la Compa\u00f1\u00eda de Jes\u00fas, que San Ignacio no pod\u00eda imaginar lo que acabar\u00eda siendo.<\/p>\n\n\n\n\n\n<figure class=\"wp-block-image aligncenter size-large is-resized\"><img decoding=\"async\" src=\"https:\/\/esglesiajove.barcelona\/wp-content\/uploads\/2024\/11\/IMG-20240320-WA0009.jpg\" alt=\"\" class=\"wp-image-64868\" style=\"width:277px;height:auto\"\/><\/figure>\n\n\n\n\n\n<figure class=\"wp-block-image aligncenter size-large is-resized\"><img decoding=\"async\" src=\"https:\/\/esglesiajove.barcelona\/wp-content\/uploads\/2024\/11\/IMG-20240320-WA0007.jpg\" alt=\"\" class=\"wp-image-64867\" style=\"width:297px;height:auto\"\/><\/figure>\n\n\n\n\n\n<div style=\"height:39px\" aria-hidden=\"true\" class=\"wp-block-spacer\"><\/div>\n\n\n\n<p class=\"has-text-align-center\" style=\"font-size:20px\">No sabemos c\u00f3mo evolucionar\u00e1 el grupo, pero lo que s\u00ed sabemos es<br>que volveremos a vernos en agosto en <strong>Mariazell<\/strong>.<\/p>\n\n<\/div>\n\n\n\n<div style=\"height:40px\" aria-hidden=\"true\" class=\"wp-block-spacer\"><\/div>\n\n\n\n<h4 class=\"wp-block-heading\">Recopilaci\u00f3n de im\u00e1genes:<\/h4>\n\n\n\n<figure class=\"wp-block-gallery has-nested-images columns-default is-cropped wp-block-gallery-1 is-layout-flex wp-block-gallery-is-layout-flex\">\n<figure class=\"wp-block-image size-large\"><img decoding=\"async\" data-id=\"64879\" src=\"https:\/\/esglesiajove.barcelona\/wp-content\/uploads\/2024\/11\/IMG-20240320-WA0002.jpg\" alt=\"\" class=\"wp-image-64879\"\/><\/figure>\n\n\n\n<figure class=\"wp-block-image size-large\"><img decoding=\"async\" data-id=\"64878\" src=\"https:\/\/esglesiajove.barcelona\/wp-content\/uploads\/2024\/11\/IMG-20240320-WA0003.jpg\" alt=\"\" class=\"wp-image-64878\"\/><\/figure>\n\n\n\n<figure class=\"wp-block-image size-large\"><img decoding=\"async\" data-id=\"64880\" src=\"https:\/\/esglesiajove.barcelona\/wp-content\/uploads\/2024\/11\/IMG-20240320-WA0004-1.jpg\" alt=\"\" class=\"wp-image-64880\"\/><\/figure>\n\n\n\n<figure class=\"wp-block-image size-large\"><img decoding=\"async\" data-id=\"64884\" src=\"https:\/\/esglesiajove.barcelona\/wp-content\/uploads\/2024\/11\/IMG-20240320-WA0005.jpg\" alt=\"\" class=\"wp-image-64884\"\/><\/figure>\n\n\n\n<figure class=\"wp-block-image size-large\"><img decoding=\"async\" data-id=\"64883\" src=\"https:\/\/esglesiajove.barcelona\/wp-content\/uploads\/2024\/11\/IMG-20240320-WA0006-1.jpg\" alt=\"\" class=\"wp-image-64883\"\/><\/figure>\n\n\n\n<figure class=\"wp-block-image size-large\"><img decoding=\"async\" data-id=\"64881\" src=\"https:\/\/esglesiajove.barcelona\/wp-content\/uploads\/2024\/11\/IMG-20240320-WA0007-1.jpg\" alt=\"\" class=\"wp-image-64881\"\/><\/figure>\n\n\n\n<figure class=\"wp-block-image size-large\"><img decoding=\"async\" data-id=\"64885\" src=\"https:\/\/esglesiajove.barcelona\/wp-content\/uploads\/2024\/11\/IMG-20240320-WA0008.jpg\" alt=\"\" class=\"wp-image-64885\"\/><\/figure>\n\n\n\n<figure class=\"wp-block-image size-large\"><img decoding=\"async\" data-id=\"64882\" src=\"https:\/\/esglesiajove.barcelona\/wp-content\/uploads\/2024\/11\/IMG-20240320-WA0009-1.jpg\" alt=\"\" class=\"wp-image-64882\"\/><\/figure>\n<\/figure>\n\n\n\n<div style=\"height:73px\" aria-hidden=\"true\" class=\"wp-block-spacer\"><\/div>\n\n\n\n<h2 class=\"wp-block-heading\">Otras ediciones:<\/h2>\n\n\n\n<div class=\"wp-block-columns is-layout-flex wp-container-core-columns-is-layout-9d6595d7 wp-block-columns-is-layout-flex\">\n<div class=\"wp-block-column is-layout-flow wp-block-column-is-layout-flow\">\n<figure class=\"wp-block-embed is-type-wp-embed is-provider-esgl-sia-jove-barcelona wp-block-embed-esgl-sia-jove-barcelona\"><div class=\"wp-block-embed__wrapper\">\n<blockquote class=\"wp-embedded-content\" data-secret=\"wtwqmBEVyU\"><a href=\"https:\/\/esglesiajove.barcelona\/ii-jornades-grup-joan-roig-art-i-bellesa-com-a-cami-de-trobada-amb-deu\/\">II Jornades Grup Joan Roig: art i bellesa com a cam\u00ed de trobada amb D\u00e9u<\/a><\/blockquote><iframe loading=\"lazy\" class=\"wp-embedded-content\" sandbox=\"allow-scripts\" security=\"restricted\" style=\"position: absolute; visibility: hidden;\" title=\"&#8220;II Jornades Grup Joan Roig: art i bellesa com a cam\u00ed de trobada amb D\u00e9u&#8221; &#8212; Esgl\u00e9sia Jove Barcelona\" src=\"https:\/\/esglesiajove.barcelona\/ii-jornades-grup-joan-roig-art-i-bellesa-com-a-cami-de-trobada-amb-deu\/embed\/#?secret=VjHIf8c7gD#?secret=wtwqmBEVyU\" data-secret=\"wtwqmBEVyU\" width=\"600\" height=\"338\" frameborder=\"0\" marginwidth=\"0\" marginheight=\"0\" scrolling=\"no\"><\/iframe>\n<\/div><\/figure>\n<\/div>\n\n\n\n<div class=\"wp-block-column is-layout-flow wp-block-column-is-layout-flow\">\n<figure class=\"wp-block-embed is-type-wp-embed is-provider-esgl-sia-jove-barcelona wp-block-embed-esgl-sia-jove-barcelona\"><div class=\"wp-block-embed__wrapper\">\n<blockquote class=\"wp-embedded-content\" data-secret=\"AlUQxjbquL\"><a href=\"https:\/\/esglesiajove.barcelona\/i-jornades-del-grup-joan-roig-amb-marta-rodriguez\/\">I Jornades Grup Joan Roig<\/a><\/blockquote><iframe loading=\"lazy\" class=\"wp-embedded-content\" sandbox=\"allow-scripts\" security=\"restricted\" style=\"position: absolute; visibility: hidden;\" title=\"&#8220;I Jornades Grup Joan Roig&#8221; &#8212; Esgl\u00e9sia Jove Barcelona\" src=\"https:\/\/esglesiajove.barcelona\/i-jornades-del-grup-joan-roig-amb-marta-rodriguez\/embed\/#?secret=7qojvqcdeH#?secret=AlUQxjbquL\" data-secret=\"AlUQxjbquL\" width=\"600\" height=\"338\" frameborder=\"0\" marginwidth=\"0\" marginheight=\"0\" scrolling=\"no\"><\/iframe>\n<\/div><\/figure>\n<\/div>\n<\/div>\n","protected":false},"excerpt":{"rendered":"<p>Recopilaci\u00f3n de im\u00e1genes: Otras ediciones:<\/p>\n","protected":false},"author":1,"featured_media":6429,"comment_status":"closed","ping_status":"closed","sticky":false,"template":"","format":"standard","meta":{"inline_featured_image":false,"footnotes":""},"categories":[],"tags":[],"class_list":["post-8264","post","type-post","status-publish","format-standard","has-post-thumbnail"],"_links":{"self":[{"href":"https:\/\/esglesiajove.barcelona\/es\/wp-json\/wp\/v2\/posts\/8264","targetHints":{"allow":["GET"]}}],"collection":[{"href":"https:\/\/esglesiajove.barcelona\/es\/wp-json\/wp\/v2\/posts"}],"about":[{"href":"https:\/\/esglesiajove.barcelona\/es\/wp-json\/wp\/v2\/types\/post"}],"author":[{"embeddable":true,"href":"https:\/\/esglesiajove.barcelona\/es\/wp-json\/wp\/v2\/users\/1"}],"replies":[{"embeddable":true,"href":"https:\/\/esglesiajove.barcelona\/es\/wp-json\/wp\/v2\/comments?post=8264"}],"version-history":[{"count":1,"href":"https:\/\/esglesiajove.barcelona\/es\/wp-json\/wp\/v2\/posts\/8264\/revisions"}],"predecessor-version":[{"id":8265,"href":"https:\/\/esglesiajove.barcelona\/es\/wp-json\/wp\/v2\/posts\/8264\/revisions\/8265"}],"wp:featuredmedia":[{"embeddable":true,"href":"https:\/\/esglesiajove.barcelona\/es\/wp-json\/wp\/v2\/media\/6429"}],"wp:attachment":[{"href":"https:\/\/esglesiajove.barcelona\/es\/wp-json\/wp\/v2\/media?parent=8264"}],"wp:term":[{"taxonomy":"category","embeddable":true,"href":"https:\/\/esglesiajove.barcelona\/es\/wp-json\/wp\/v2\/categories?post=8264"},{"taxonomy":"post_tag","embeddable":true,"href":"https:\/\/esglesiajove.barcelona\/es\/wp-json\/wp\/v2\/tags?post=8264"}],"curies":[{"name":"wp","href":"https:\/\/api.w.org\/{rel}","templated":true}]}}