{"id":8269,"date":"2024-03-27T09:33:04","date_gmt":"2024-03-27T08:33:04","guid":{"rendered":"https:\/\/esglesiajove.barcelona\/jesus-capacita-a-los-que-llama\/"},"modified":"2025-01-08T11:03:23","modified_gmt":"2025-01-08T10:03:23","slug":"jesus-capacita-a-los-que-llama","status":"publish","type":"post","link":"https:\/\/esglesiajove.barcelona\/es\/jesus-capacita-a-los-que-llama\/","title":{"rendered":"Jes\u00fas capacita a los que llama"},"content":{"rendered":"\n<h3 class=\"wp-block-heading\"><strong>Dar el paso<\/strong><\/h3>\n\n\n\n<p>Cuando ten\u00eda 15 a\u00f1os, Susana era catequista de Primera Comuni\u00f3n en la parroquia de Urda (Toledo), su pueblo natal. Cantaba en el coro, estudiaba Gesti\u00f3n Administrativa, sal\u00eda con su grupo de amigos como cualquier otro joven de su edad\u2026 Ten\u00eda todo lo que necesitaba, pero notaba que le faltaba algo.<\/p>\n\n\n\n\n\n<p> <\/p>\n\n\n\n<p>La Hna. Susana Garc\u00eda del \u00c1lamo es, desde hace 36 a\u00f1os, <strong>carmelita de San Jos\u00e9<\/strong>, una congregaci\u00f3n dedicada al cuidado de enfermos, ancianos y ni\u00f1os. Actualmente es superiora general y miembro de la junta de la URC.<\/p>\n\n\n\n<h3 class=\"wp-block-heading\"><strong>\u00bfPor qu\u00e9 se decidi\u00f3 por la comunidad de Carmelitas de San Jos\u00e9?<\/strong><\/h3>\n\n\n\n<p>El testimonio de las hermanas que hab\u00eda en el pueblo fue decisivo para cuestionarme por qu\u00e9 yo no pod\u00eda ser como ellas, que dedicaban su vida a estar con ni\u00f1os, j\u00f3venes, matrimonios, y a visitar ancianos y enfermos. Para m\u00ed, ir con ellas era sentirme realizada y feliz. Lo que me atrajo de ellas fue la alegr\u00eda, su generosidad, su proximidad, que me abrieran las puertas y que me hicieran sentir en casa desde el primer momento.<\/p>\n\n\n\n<h3 class=\"wp-block-heading has-text-align-right\"><strong>\u00bfC\u00f3mo vive el d\u00eda a d\u00eda?<\/strong><\/h3>\n\n\n\n<p class=\"has-text-align-right\">Aparte de las tareas de la responsabilidad que me han confiado mis hermanas, acompa\u00f1o un grupo de revisi\u00f3n de vida de ACO, colaboro con la URC, formo un grupo de acompa\u00f1antes, el ritmo de la vida de comunidad \u2026 Antes daba clase en una de nuestras escuelas y acompa\u00f1aba a grupos de j\u00f3venes.<\/p>\n\n\n\n<h3 class=\"wp-block-heading\"><strong>\u00bfQu\u00e9 le dir\u00eda a una persona que est\u00e1 valorando dar el paso a entrar en la vida religiosa?<\/strong><\/h3>\n\n\n\n<p>Que escuche en el silencio de su coraz\u00f3n lo que Jes\u00fas le pide, le ofrece y le regala; que se abra al Esp\u00edritu para que act\u00fae y, sobre todo, que no tenga miedo, porque cuando \u00c9l se fija en alguien le da fuerza para responderle. Que se aventure a vivir en plenitud su vida desde \u00c9l, con \u00c9l y para \u00c9l y los dem\u00e1s.<\/p>\n\n\n\n<p><em>\u00d2scar Bardaj\u00ed i Mart\u00edn<\/em><\/p>\n","protected":false},"excerpt":{"rendered":"<p>Dar el paso Cuando ten\u00eda 15 a\u00f1os, Susana era catequista de Primera Comuni\u00f3n en la parroquia de Urda (Toledo), su pueblo natal. Cantaba en el coro, estudiaba Gesti\u00f3n Administrativa, sal\u00eda&#8230;<\/p>\n","protected":false},"author":1,"featured_media":6431,"comment_status":"closed","ping_status":"closed","sticky":false,"template":"","format":"standard","meta":{"inline_featured_image":false,"footnotes":""},"categories":[48],"tags":[],"class_list":{"0":"post-8269","1":"post","2":"type-post","3":"status-publish","4":"format-standard","5":"has-post-thumbnail","7":"category-testimonis"},"_links":{"self":[{"href":"https:\/\/esglesiajove.barcelona\/es\/wp-json\/wp\/v2\/posts\/8269","targetHints":{"allow":["GET"]}}],"collection":[{"href":"https:\/\/esglesiajove.barcelona\/es\/wp-json\/wp\/v2\/posts"}],"about":[{"href":"https:\/\/esglesiajove.barcelona\/es\/wp-json\/wp\/v2\/types\/post"}],"author":[{"embeddable":true,"href":"https:\/\/esglesiajove.barcelona\/es\/wp-json\/wp\/v2\/users\/1"}],"replies":[{"embeddable":true,"href":"https:\/\/esglesiajove.barcelona\/es\/wp-json\/wp\/v2\/comments?post=8269"}],"version-history":[{"count":1,"href":"https:\/\/esglesiajove.barcelona\/es\/wp-json\/wp\/v2\/posts\/8269\/revisions"}],"predecessor-version":[{"id":9067,"href":"https:\/\/esglesiajove.barcelona\/es\/wp-json\/wp\/v2\/posts\/8269\/revisions\/9067"}],"wp:featuredmedia":[{"embeddable":true,"href":"https:\/\/esglesiajove.barcelona\/es\/wp-json\/wp\/v2\/media\/6431"}],"wp:attachment":[{"href":"https:\/\/esglesiajove.barcelona\/es\/wp-json\/wp\/v2\/media?parent=8269"}],"wp:term":[{"taxonomy":"category","embeddable":true,"href":"https:\/\/esglesiajove.barcelona\/es\/wp-json\/wp\/v2\/categories?post=8269"},{"taxonomy":"post_tag","embeddable":true,"href":"https:\/\/esglesiajove.barcelona\/es\/wp-json\/wp\/v2\/tags?post=8269"}],"curies":[{"name":"wp","href":"https:\/\/api.w.org\/{rel}","templated":true}]}}