{"id":8273,"date":"2024-03-01T10:57:26","date_gmt":"2024-03-01T09:57:26","guid":{"rendered":"https:\/\/esglesiajove.barcelona\/intencion-del-papa-para-el-mes-de-marzo\/"},"modified":"2025-01-08T11:03:23","modified_gmt":"2025-01-08T10:03:23","slug":"intencion-del-papa-para-el-mes-de-marzo","status":"publish","type":"post","link":"https:\/\/esglesiajove.barcelona\/es\/intencion-del-papa-para-el-mes-de-marzo\/","title":{"rendered":"Intenci\u00f3n del Papa para el mes de marzo"},"content":{"rendered":"\n<p><br>Cada mes el Papa difunde su intenci\u00f3n de oraci\u00f3n a trav\u00e9s del V\u00eddeo del Papa, una iniciativa desarrollada por la Red Mundial de Oraci\u00f3n del Papa.<\/p>\n\n\n\n<p>En este mes de marzo nos pide que recemos por: <strong><mark style=\"background-color:rgba(0, 0, 0, 0)\" class=\"has-inline-color has-secondary-color\">Los nuevos m\u00e1rtires, testigos de Cristo<\/mark><\/strong><\/p>\n\n\n\n<figure class=\"wp-block-embed is-type-video is-provider-youtube wp-block-embed-youtube wp-embed-aspect-16-9 wp-has-aspect-ratio\"><div class=\"wp-block-embed__wrapper\">\n<iframe loading=\"lazy\" title=\"Por los nuevos m\u00e1rtires, testigos de Cristo \u2013 El Video del Papa 3 \u2013 Marzo 2024\" width=\"1080\" height=\"608\" src=\"https:\/\/www.youtube.com\/embed\/wxgynDy8tYA?feature=oembed\" frameborder=\"0\" allow=\"accelerometer; autoplay; clipboard-write; encrypted-media; gyroscope; picture-in-picture; web-share\" referrerpolicy=\"strict-origin-when-cross-origin\" allowfullscreen><\/iframe>\n<\/div><\/figure>\n\n\n\n<div style=\"height:26px\" aria-hidden=\"true\" class=\"wp-block-spacer\"><\/div>\n\n\n\n\n\n<div style=\"height:36px\" aria-hidden=\"true\" class=\"wp-block-spacer\"><\/div>\n\n\n\n<p>El Papa Francisco comparte la historia de un hombre que conoci\u00f3 en el campo de refugiados de Lesbos, en Grecia. \u00c9l es musulm\u00e1n y su esposa era cristiana. Cuando llegaron los terroristas a su pa\u00eds les preguntaron su fe. Vieron que la mujer llevaba un crucifijo y le dijeron que lo tiras al suelo, pero ella no lo hizo y la degollaron all\u00ed mismo.<\/p>\n\n\n\n<p>El Santo Padre elogi\u00f3 la valent\u00eda y la fe de esta mujer, pero tambi\u00e9n destac\u00f3 la actitud del esposo, que no se dej\u00f3 llevar por el rencor, sino que se centr\u00f3 en el ejemplo de amor de su esposa.<\/p>\n\n\n\n<p>El Papa tambi\u00e9n a\u00f1ade que hoy en d\u00eda es probable que haya m\u00e1s m\u00e1rtires a causa de su fe que en los inicios del cristianismo y que esto ha sido siempre una constante en la iglesia y es una se\u00f1al de que vamos por buen camino.<\/p>\n\n\n\n\n\n\n<p><a href=\"http:\/\/El Papa tambi\u00e9n a\u00f1ade que hoy en d\u00eda es probable que haya m\u00e1s m\u00e1rtires a causa de su fe que en los inicios del cristianismo y que esto ha sido siempre una constante en la iglesia y es una se\u00f1al de que vamos por buen camino.\">Web oficial del Vaticano<\/a><\/p>\n\n\n\n\n\n<p><a href=\"https:\/\/thepopevideo.org\/?lang=es\" target=\"_blank\" rel=\"noreferrer noopener\">V\u00eddeo del Papa<\/a><\/p>\n\n\n\n\n\n<p><a href=\"https:\/\/www.popesprayer.va\/es\/\" target=\"_blank\" rel=\"noopener\">Red mundial d&#8217;Oraci\u00f3n<\/a><\/p>\n\n\n\n","protected":false},"excerpt":{"rendered":"<p>Cada mes el Papa difunde su intenci\u00f3n de oraci\u00f3n a trav\u00e9s del V\u00eddeo del Papa, una iniciativa desarrollada por la Red Mundial de Oraci\u00f3n del Papa. En este mes de&#8230;<\/p>\n","protected":false},"author":1,"featured_media":6432,"comment_status":"closed","ping_status":"closed","sticky":false,"template":"","format":"standard","meta":{"inline_featured_image":false,"footnotes":""},"categories":[56],"tags":[],"class_list":{"0":"post-8273","1":"post","2":"type-post","3":"status-publish","4":"format-standard","5":"has-post-thumbnail","7":"category-articles"},"_links":{"self":[{"href":"https:\/\/esglesiajove.barcelona\/es\/wp-json\/wp\/v2\/posts\/8273","targetHints":{"allow":["GET"]}}],"collection":[{"href":"https:\/\/esglesiajove.barcelona\/es\/wp-json\/wp\/v2\/posts"}],"about":[{"href":"https:\/\/esglesiajove.barcelona\/es\/wp-json\/wp\/v2\/types\/post"}],"author":[{"embeddable":true,"href":"https:\/\/esglesiajove.barcelona\/es\/wp-json\/wp\/v2\/users\/1"}],"replies":[{"embeddable":true,"href":"https:\/\/esglesiajove.barcelona\/es\/wp-json\/wp\/v2\/comments?post=8273"}],"version-history":[{"count":1,"href":"https:\/\/esglesiajove.barcelona\/es\/wp-json\/wp\/v2\/posts\/8273\/revisions"}],"predecessor-version":[{"id":9068,"href":"https:\/\/esglesiajove.barcelona\/es\/wp-json\/wp\/v2\/posts\/8273\/revisions\/9068"}],"wp:featuredmedia":[{"embeddable":true,"href":"https:\/\/esglesiajove.barcelona\/es\/wp-json\/wp\/v2\/media\/6432"}],"wp:attachment":[{"href":"https:\/\/esglesiajove.barcelona\/es\/wp-json\/wp\/v2\/media?parent=8273"}],"wp:term":[{"taxonomy":"category","embeddable":true,"href":"https:\/\/esglesiajove.barcelona\/es\/wp-json\/wp\/v2\/categories?post=8273"},{"taxonomy":"post_tag","embeddable":true,"href":"https:\/\/esglesiajove.barcelona\/es\/wp-json\/wp\/v2\/tags?post=8273"}],"curies":[{"name":"wp","href":"https:\/\/api.w.org\/{rel}","templated":true}]}}