{"id":8286,"date":"2024-04-05T11:33:29","date_gmt":"2024-04-05T09:33:29","guid":{"rendered":"https:\/\/esglesiajove.barcelona\/life-teen-european-training-24-2\/"},"modified":"2025-01-08T11:03:22","modified_gmt":"2025-01-08T10:03:22","slug":"life-teen-european-training-24-2","status":"publish","type":"post","link":"https:\/\/esglesiajove.barcelona\/es\/life-teen-european-training-24-2\/","title":{"rendered":"LIFE TEEN European Training 24"},"content":{"rendered":"\n<p>El pasado 1 de marzo se dio el pistoletazo de salida de la presente edici\u00f3n del <a href=\"https:\/\/www.lifeteen.es\/lt-european-training\/\" target=\"_blank\" rel=\"noopener\"><strong>Life Teen European Training<\/strong><\/a> en el santuario de la Virgen de Montserrat. Un encuentro con catequistas, sacerdotes y religiosos de toda Espa\u00f1a y otras partes de Europa involucrados en la pastoral juvenil y con adolescentes.<\/p>\n\n\n\n<h3 class=\"wp-block-heading\">Formaci\u00f3n<\/h3>\n\n\n\n<p>Como tambi\u00e9n ha sucedido en las \u00faltimas ediciones, las sesiones de formaci\u00f3n y los talleres han ayudado a todos los misioneros a aprender \u00abtipos\u00bb para <strong>mejorar sus sesiones de Life Teen con los j\u00f3venes y adolescentes de sus parroquias.<\/strong> Adem\u00e1s, la posibilidad de <strong>compartir diferentes formas de hacer y puntos de vista con personas de lugares tan diversos ha sido muy enriquecedor.<\/strong><\/p>\n\n\n\n<figure class=\"wp-block-image size-large\"><img decoding=\"async\" src=\"https:\/\/esglesiajove.barcelona\/wp-content\/uploads\/2024\/11\/LTET_2024_1-10-1.jpg\" alt=\"\" class=\"wp-image-65029\"\/><\/figure>\n\n\n\n<div style=\"height:28px\" aria-hidden=\"true\" class=\"wp-block-spacer\"><\/div>\n\n\n\n<h3 class=\"wp-block-heading\">Un gran impulso<\/h3>\n\n\n\n<p>Pero sobre todo, estos tres d\u00edas de formaci\u00f3n y compartir en comunidad han <strong>avivado en el coraz\u00f3n de todos los participantes el deseo de misi\u00f3n<\/strong>. Como dir\u00edan los propios adolescentes: \u00a1ha sido un \u00abchute\u00bb de adrenalina! Asimismo, todos los que han participado de este encuentro se han sentido cuidados y acogidos, como se siente un ni\u00f1o en los brazos de su madre. Ahora ellos, de igual modo, <strong>se sienten impulsados a transmitir ese mismo amor y acogida a todos los j\u00f3venes y adolescentes de sus parroquias y movimientos.<\/strong><\/p>\n\n\n\n<figure class=\"wp-block-image size-large\"><img decoding=\"async\" src=\"https:\/\/esglesiajove.barcelona\/wp-content\/uploads\/2024\/11\/FULLDAY1_LTET2024-8-2.jpg\" alt=\"\" class=\"wp-image-65031\"\/><\/figure>\n\n\n\n<div style=\"height:27px\" aria-hidden=\"true\" class=\"wp-block-spacer\"><\/div>\n\n\n\n<h3 class=\"wp-block-heading\">El centro es Cristo<\/h3>\n\n\n\n<p>Conviene resaltar que uno de los aspectos clave del misionero es que <strong>Jes\u00fas debe ser el centro de toda la misi\u00f3n.<\/strong> Por este motivo, Life Teen European Training ha tenido <strong>potentes momentos de adoraci\u00f3n, alabanza y celebraci\u00f3n de los sacramentos.<\/strong><\/p>\n\n\n\n<figure class=\"wp-block-image size-large\"><img decoding=\"async\" src=\"https:\/\/esglesiajove.barcelona\/wp-content\/uploads\/2024\/11\/FULLDAY1_LTET2024-48-2.jpg\" alt=\"\" class=\"wp-image-65033\"\/><\/figure>\n\n\n\n<div style=\"height:26px\" aria-hidden=\"true\" class=\"wp-block-spacer\"><\/div>\n\n\n\n<h3 class=\"wp-block-heading\">No estamos solos<\/h3>\n\n\n\n<p>Haciendo el s\u00edmil con la Jornada Mundial de la Juventud, otro de los aspectos a valorar del European Training ha sido darse cuenta de que <strong>no estamos solos. En tantos lugares de Europa, Life Teen est\u00e1 siendo una herramienta de evangelizaci\u00f3n que est\u00e1 ayudando a tantos j\u00f3venes y adolescentes a encontrarse con Jesucristo<\/strong>. Esto ha motivado y fortalecido a todos los catequistas y misioneros ha continuado con su labor de evangelizaci\u00f3n, confiando en el poder y el amor infinito de Dios.<\/p>\n\n\n\n<figure class=\"wp-block-image size-large\"><img decoding=\"async\" src=\"https:\/\/esglesiajove.barcelona\/wp-content\/uploads\/2024\/11\/FULLDAY2NIGHT_LTET2024-62-1.jpg\" alt=\"\" class=\"wp-image-65034\"\/><\/figure>\n\n\n\n<div style=\"height:25px\" aria-hidden=\"true\" class=\"wp-block-spacer\"><\/div>\n\n\n\n\n\n<h3 class=\"wp-block-heading\">Misioneros de Adsum<\/h3>\n\n\n\n<p>En particular, este encuentro ha sido muy enriquecedor para los <strong>42 misioneros de <\/strong><a href=\"https:\/\/esglesiajove.barcelona\/activitats\/missio-adsum\/\"><strong>Adsum<\/strong> <\/a>de nuestra archidi\u00f3cesis. Gracias a ella, se sienten m\u00e1s motivados e ilusionados por cuidar su relaci\u00f3n personal con Jes\u00fas, trasladar lo aprendido a sus parroquias y cuidar mucho m\u00e1s a sus j\u00f3venes y adolescentes.<\/p>\n\n\n\n\n\n<div style=\"height:27px\" aria-hidden=\"true\" class=\"wp-block-spacer\"><\/div>\n\n\n\n<figure class=\"wp-block-image size-large\"><img decoding=\"async\" src=\"https:\/\/esglesiajove.barcelona\/wp-content\/uploads\/2024\/11\/Imatge-de-WhatsApp-2024-04-04-a-les-10.58.03_2915ca97-edited-1.jpg\" alt=\"\" class=\"wp-image-65038\"\/><\/figure>\n","protected":false},"excerpt":{"rendered":"<p>El pasado 1 de marzo se dio el pistoletazo de salida de la presente edici\u00f3n del Life Teen European Training en el santuario de la Virgen de Montserrat. Un encuentro&#8230;<\/p>\n","protected":false},"author":1,"featured_media":6435,"comment_status":"closed","ping_status":"closed","sticky":false,"template":"","format":"standard","meta":{"inline_featured_image":false,"footnotes":""},"categories":[],"tags":[],"class_list":["post-8286","post","type-post","status-publish","format-standard","has-post-thumbnail"],"_links":{"self":[{"href":"https:\/\/esglesiajove.barcelona\/es\/wp-json\/wp\/v2\/posts\/8286","targetHints":{"allow":["GET"]}}],"collection":[{"href":"https:\/\/esglesiajove.barcelona\/es\/wp-json\/wp\/v2\/posts"}],"about":[{"href":"https:\/\/esglesiajove.barcelona\/es\/wp-json\/wp\/v2\/types\/post"}],"author":[{"embeddable":true,"href":"https:\/\/esglesiajove.barcelona\/es\/wp-json\/wp\/v2\/users\/1"}],"replies":[{"embeddable":true,"href":"https:\/\/esglesiajove.barcelona\/es\/wp-json\/wp\/v2\/comments?post=8286"}],"version-history":[{"count":1,"href":"https:\/\/esglesiajove.barcelona\/es\/wp-json\/wp\/v2\/posts\/8286\/revisions"}],"predecessor-version":[{"id":8287,"href":"https:\/\/esglesiajove.barcelona\/es\/wp-json\/wp\/v2\/posts\/8286\/revisions\/8287"}],"wp:featuredmedia":[{"embeddable":true,"href":"https:\/\/esglesiajove.barcelona\/es\/wp-json\/wp\/v2\/media\/6435"}],"wp:attachment":[{"href":"https:\/\/esglesiajove.barcelona\/es\/wp-json\/wp\/v2\/media?parent=8286"}],"wp:term":[{"taxonomy":"category","embeddable":true,"href":"https:\/\/esglesiajove.barcelona\/es\/wp-json\/wp\/v2\/categories?post=8286"},{"taxonomy":"post_tag","embeddable":true,"href":"https:\/\/esglesiajove.barcelona\/es\/wp-json\/wp\/v2\/tags?post=8286"}],"curies":[{"name":"wp","href":"https:\/\/api.w.org\/{rel}","templated":true}]}}