{"id":8334,"date":"2024-05-29T19:52:46","date_gmt":"2024-05-29T17:52:46","guid":{"rendered":"https:\/\/esglesiajove.barcelona\/evangelizar-en-las-redes-sociales\/"},"modified":"2025-01-08T11:03:22","modified_gmt":"2025-01-08T10:03:22","slug":"evangelizar-en-las-redes-sociales","status":"publish","type":"post","link":"https:\/\/esglesiajove.barcelona\/es\/evangelizar-en-las-redes-sociales\/","title":{"rendered":"Evangelizar en las redes sociales"},"content":{"rendered":"\n<p class=\"has-text-align-center\" style=\"font-size:20px\"><em><strong>\u00abMuch\u00edsimas gracias por toda la acogida, el esfuerzo, por la organizaci\u00f3n. Por todo lo que haceis. He vuelto a tomar las vitaminas que necesito para el d\u00eda a d\u00eda\u00bb.<\/strong><\/em><\/p>\n\n\n\n<p>Mensajes como este son lo que me hacen seguir adelante con esta misi\u00f3n de evangelizar a trav\u00e9s de las redes sociales.<\/p>\n\n\n\n<div class=\"wp-block-columns is-layout-flex wp-container-core-columns-is-layout-9d6595d7 wp-block-columns-is-layout-flex\">\n<div class=\"wp-block-column is-layout-flow wp-block-column-is-layout-flow\">\n<h2 class=\"wp-block-heading\">\u00bfQui\u00e9n soy?<\/h2>\n\n\n\n<p>Soy <strong>Marta Sarr\u00e1 y tengo 22 a\u00f1os.<\/strong> Estoy terminando el grado en Publicidad, Relaciones P\u00fablicas y Marketing. Desde hace cuatro a\u00f1os colaboro con el <strong>equipo de comunicaci\u00f3n de Esgl\u00e9sia Jove Barcelona.<\/strong><\/p>\n<\/div>\n\n\n\n<div class=\"wp-block-column is-layout-flow wp-block-column-is-layout-flow\">\n<figure class=\"wp-block-image aligncenter size-full is-resized is-style-rounded\"><img decoding=\"async\" src=\"https:\/\/esglesiajove.barcelona\/wp-content\/uploads\/2024\/11\/pastoral-y-comunicacion-1.png\" alt=\"\" class=\"wp-image-65590\" style=\"width:346px;height:auto\"\/><\/figure>\n<\/div>\n<\/div>\n\n\n\n<h2 class=\"wp-block-heading\">\u00bfC\u00f3mo empez\u00f3?<\/h2>\n\n\n\n<p>Todo empez\u00f3 con la pandemia, a ra\u00edz de una llamada de Mn. Carlos Bosch, actual director del Secretariado de Juventud de la di\u00f3cesis de Barcelona, cuando me pidi\u00f3 ayuda con las redes de Iglesia Joven Barcelona. Lo que empez\u00f3 como un servicio puntual durante el confinamiento h<strong>a sido para m\u00ed una oportunidad para transmitir la alegr\u00eda de la Fe all\u00e1 donde se encuentran los j\u00f3venes.<\/strong><\/p>\n\n\n\n\n\n<div style=\"height:30px\" aria-hidden=\"true\" class=\"wp-block-spacer\"><\/div>\n\n\n\n<p>Al mismo tiempo, durante estos a\u00f1os he comprobado que la evangelizaci\u00f3n en las redes me permite ser testigo de c\u00f3mo los j\u00f3venes se acercan a la Iglesia y la Fe. Por otra parte, tambi\u00e9n puedo ver que las redes sociales no solo son una oportunidad para hacer llegar la Palabra a los j\u00f3venes, sino que <strong>tambi\u00e9n nos ayudan a ver que realmente hay una necesidad de superar las barreras del mundo virtual y dar un salto hacia los v\u00ednculos personales.<\/strong><\/p>\n\n\n\n<p>Pienso que, como en Iglesia, especialmente cuando queremos ir al encuentro de los j\u00f3venes, <strong>necesitamos explorar caminos creativos para llegar a ellos y, al mismo tiempo, transmitir la riqueza y la alegr\u00eda de nuestra fe.<\/strong><\/p>\n\n\n\n<h2 class=\"wp-block-heading\">Poner los dones a Su servicio<\/h2>\n\n\n\n<p>A d\u00eda de hoy, solo puedo <strong>dar las gracias a Dios por esta oportunidad que me ha regalado de poder poner al servicio de los j\u00f3venes y de la Iglesia mis capacidades y mi pasi\u00f3n por comunicar.<\/strong> Ha sido (y es) un regalo para m\u00ed poder disfrutar de la evangelizaci\u00f3n de esta forma.<\/p>\n\n\n\n<p class=\"has-text-align-right\"><strong><em>Marta Sarr\u00e0 Paloma,<\/em><\/strong><br><em>Responsable de Comunicaci\u00f3n del<\/em><br><em>Secretariado de Juventud de la di\u00f3cesis de Barcelona<\/em>.<\/p>\n","protected":false},"excerpt":{"rendered":"<p>\u00abMuch\u00edsimas gracias por toda la acogida, el esfuerzo, por la organizaci\u00f3n. Por todo lo que haceis. He vuelto a tomar las vitaminas que necesito para el d\u00eda a d\u00eda\u00bb. Mensajes&#8230;<\/p>\n","protected":false},"author":1,"featured_media":6439,"comment_status":"closed","ping_status":"closed","sticky":false,"template":"","format":"standard","meta":{"inline_featured_image":false,"footnotes":""},"categories":[56],"tags":[],"class_list":{"0":"post-8334","1":"post","2":"type-post","3":"status-publish","4":"format-standard","5":"has-post-thumbnail","7":"category-articles"},"_links":{"self":[{"href":"https:\/\/esglesiajove.barcelona\/es\/wp-json\/wp\/v2\/posts\/8334","targetHints":{"allow":["GET"]}}],"collection":[{"href":"https:\/\/esglesiajove.barcelona\/es\/wp-json\/wp\/v2\/posts"}],"about":[{"href":"https:\/\/esglesiajove.barcelona\/es\/wp-json\/wp\/v2\/types\/post"}],"author":[{"embeddable":true,"href":"https:\/\/esglesiajove.barcelona\/es\/wp-json\/wp\/v2\/users\/1"}],"replies":[{"embeddable":true,"href":"https:\/\/esglesiajove.barcelona\/es\/wp-json\/wp\/v2\/comments?post=8334"}],"version-history":[{"count":1,"href":"https:\/\/esglesiajove.barcelona\/es\/wp-json\/wp\/v2\/posts\/8334\/revisions"}],"predecessor-version":[{"id":8335,"href":"https:\/\/esglesiajove.barcelona\/es\/wp-json\/wp\/v2\/posts\/8334\/revisions\/8335"}],"wp:featuredmedia":[{"embeddable":true,"href":"https:\/\/esglesiajove.barcelona\/es\/wp-json\/wp\/v2\/media\/6439"}],"wp:attachment":[{"href":"https:\/\/esglesiajove.barcelona\/es\/wp-json\/wp\/v2\/media?parent=8334"}],"wp:term":[{"taxonomy":"category","embeddable":true,"href":"https:\/\/esglesiajove.barcelona\/es\/wp-json\/wp\/v2\/categories?post=8334"},{"taxonomy":"post_tag","embeddable":true,"href":"https:\/\/esglesiajove.barcelona\/es\/wp-json\/wp\/v2\/tags?post=8334"}],"curies":[{"name":"wp","href":"https:\/\/api.w.org\/{rel}","templated":true}]}}