{"id":8340,"date":"2024-04-01T07:10:00","date_gmt":"2024-04-01T05:10:00","guid":{"rendered":"https:\/\/esglesiajove.barcelona\/intencion-del-papa-para-el-mes-de-abril\/"},"modified":"2025-01-08T11:03:23","modified_gmt":"2025-01-08T10:03:23","slug":"intencion-del-papa-para-el-mes-de-abril","status":"publish","type":"post","link":"https:\/\/esglesiajove.barcelona\/es\/intencion-del-papa-para-el-mes-de-abril\/","title":{"rendered":"Intenci\u00f3n del Papa para el mes de abril"},"content":{"rendered":"\n<p>Cada mes el Papa difunde su intenci\u00f3n de oraci\u00f3n a trav\u00e9s del V\u00eddeo del Papa, una iniciativa desarrollada por la <strong>Red Mundial de Oraci\u00f3n del Papa.<\/strong><\/p>\n\n\n\n<p>En este mes de abril nos pide que rezamos por: <mark style=\"background-color:rgba(0, 0, 0, 0)\" class=\"has-inline-color has-secondary-color\"><strong>Por el papel de la mujer<\/strong><\/mark><\/p>\n\n\n\n<figure class=\"wp-block-embed is-type-video is-provider-youtube wp-block-embed-youtube wp-embed-aspect-16-9 wp-has-aspect-ratio\"><div class=\"wp-block-embed__wrapper\">\n<iframe loading=\"lazy\" title=\"Por el papel de las mujeres \u2013 El Video del Papa 4 \u2013 Abril 2024\" width=\"1080\" height=\"608\" src=\"https:\/\/www.youtube.com\/embed\/MHE5EFqz-3A?feature=oembed\" frameborder=\"0\" allow=\"accelerometer; autoplay; clipboard-write; encrypted-media; gyroscope; picture-in-picture; web-share\" referrerpolicy=\"strict-origin-when-cross-origin\" allowfullscreen><\/iframe>\n<\/div><\/figure>\n\n\n\n<div style=\"height:26px\" aria-hidden=\"true\" class=\"wp-block-spacer\"><\/div>\n\n\n\n\n\n<div style=\"height:36px\" aria-hidden=\"true\" class=\"wp-block-spacer\"><\/div>\n\n\n\n<p>Este mes, el Santo Padre manifiesta como en muchos lugares del mundo, la mujer es tratada como primer material de descarte:<\/p>\n\n\n\n<p>En muchos pa\u00edses, las mujeres soportan leyes que las obligan a vestirse de una determinada forma y no tienen la posibilidad de estudiar o tener acceso a ayudas para crear un nuevo negocio. Incluso hoy en d\u00eda, la mutilaci\u00f3n genital es todav\u00eda una pr\u00e1ctica habitual. <strong>\u00abNo neguemos a todas estas mujeres v\u00edctimas de abuso la voz\u00bb.<\/strong><\/p>\n\n\n\n<p>Rogamos para que los gobiernos trabajen para que los derechos humanos de las mujeres est\u00e9n garantizados. <strong>\u00abRespetamos a las mujeres, respet\u00e9moslas en su dignidad, en sus derechos fundamentales\u00bb.<\/strong><\/p>\n\n\n\n\n\n\n<p><a href=\"https:\/\/www.vaticannews.va\/es\/papa\/news\/2022-10\/papa-francisco-video-intencion-oracion-octubre-iglesia-sinodo.html\" target=\"_blank\" rel=\"noopener\">Web oficial del vaticano<\/a><\/p>\n\n\n\n\n\n<p><a href=\"https:\/\/thepopevideo.org\/?lang=es\" target=\"_blank\" rel=\"noreferrer noopener\">Video del Papa<\/a><\/p>\n\n\n\n\n\n<p><a href=\"https:\/\/www.popesprayer.va\/es\/\" target=\"_blank\" rel=\"noreferrer noopener\">Red mundial de oraci\u00f3n<\/a><\/p>\n\n\n\n","protected":false},"excerpt":{"rendered":"<p>Cada mes el Papa difunde su intenci\u00f3n de oraci\u00f3n a trav\u00e9s del V\u00eddeo del Papa, una iniciativa desarrollada por la Red Mundial de Oraci\u00f3n del Papa. En este mes de&#8230;<\/p>\n","protected":false},"author":1,"featured_media":6433,"comment_status":"closed","ping_status":"closed","sticky":false,"template":"","format":"standard","meta":{"inline_featured_image":false,"footnotes":""},"categories":[56],"tags":[],"class_list":{"0":"post-8340","1":"post","2":"type-post","3":"status-publish","4":"format-standard","5":"has-post-thumbnail","7":"category-articles"},"_links":{"self":[{"href":"https:\/\/esglesiajove.barcelona\/es\/wp-json\/wp\/v2\/posts\/8340","targetHints":{"allow":["GET"]}}],"collection":[{"href":"https:\/\/esglesiajove.barcelona\/es\/wp-json\/wp\/v2\/posts"}],"about":[{"href":"https:\/\/esglesiajove.barcelona\/es\/wp-json\/wp\/v2\/types\/post"}],"author":[{"embeddable":true,"href":"https:\/\/esglesiajove.barcelona\/es\/wp-json\/wp\/v2\/users\/1"}],"replies":[{"embeddable":true,"href":"https:\/\/esglesiajove.barcelona\/es\/wp-json\/wp\/v2\/comments?post=8340"}],"version-history":[{"count":1,"href":"https:\/\/esglesiajove.barcelona\/es\/wp-json\/wp\/v2\/posts\/8340\/revisions"}],"predecessor-version":[{"id":9066,"href":"https:\/\/esglesiajove.barcelona\/es\/wp-json\/wp\/v2\/posts\/8340\/revisions\/9066"}],"wp:featuredmedia":[{"embeddable":true,"href":"https:\/\/esglesiajove.barcelona\/es\/wp-json\/wp\/v2\/media\/6433"}],"wp:attachment":[{"href":"https:\/\/esglesiajove.barcelona\/es\/wp-json\/wp\/v2\/media?parent=8340"}],"wp:term":[{"taxonomy":"category","embeddable":true,"href":"https:\/\/esglesiajove.barcelona\/es\/wp-json\/wp\/v2\/categories?post=8340"},{"taxonomy":"post_tag","embeddable":true,"href":"https:\/\/esglesiajove.barcelona\/es\/wp-json\/wp\/v2\/tags?post=8340"}],"curies":[{"name":"wp","href":"https:\/\/api.w.org\/{rel}","templated":true}]}}