{"id":8498,"date":"2024-10-01T00:00:00","date_gmt":"2024-09-30T22:00:00","guid":{"rendered":"https:\/\/esglesiajove.barcelona\/intenciones-del-papa-para-el-mes-de-octubre-2024\/"},"modified":"1970-01-01T00:00:00","modified_gmt":"1969-12-31T23:00:00","slug":"intenciones-del-papa-para-el-mes-de-octubre-2024","status":"publish","type":"post","link":"https:\/\/esglesiajove.barcelona\/es\/intenciones-del-papa-para-el-mes-de-octubre-2024\/","title":{"rendered":"Intenciones del Papa para el mes de octubre 2024"},"content":{"rendered":"\n<h2 class=\"wp-block-heading\">Por una misi\u00f3n compartida<\/h2>\n\n\n\n<p>Como cada mes, el Santo Padre difunde a trav\u00e9s del V\u00eddeo del Papa sus intenciones de oraci\u00f3n.<\/p>\n\n\n\n\n\n<blockquote class=\"wp-block-quote is-style-plain is-layout-flow wp-block-quote-is-layout-flow\">\n<div style=\"height:20px\" aria-hidden=\"true\" class=\"wp-block-spacer\"><\/div>\n<\/blockquote>\n\n\n\n<p>Este mes, el Santo Padre ora por la misi\u00f3n de la Iglesia, en la que todos tenemos un papel clave. Los sacerdotes no son los jefes de los laicos, sino sus pastores, y juntos formamos una comunidad. Como cristianos, no se trata de que unos est\u00e9n por encima de los otros, sino de<strong> complementarnos y caminar juntos en un mismo camino<\/strong>, el de la sinodalidad.<\/p>\n\n\n\n<p>Puede que te preguntes: \u201c<strong>\u00bfQu\u00e9 puedo hacer yo?<\/strong>\u201d, conductor de autob\u00fas, campesina, pescador, repartidor de pizza, estudiante de secundaria o universitario. La respuesta es clara: <strong>dar testimonio con nuestras vidas<\/strong> y asumir la corresponsabilidad en la misi\u00f3n de la Iglesia. Todos los bautizados formamos parte de la misma casa, la Iglesia, y debemos cuidarla desde lo que mejor sabemos hacer.<\/p>\n\n\n\n<p>La clave est\u00e1 en la participaci\u00f3n y en entender que <strong>somos corresponsables de esta misi\u00f3n<\/strong>, tanto sacerdotes como laicos y consagrados. Cada uno aporta desde su lugar, en comuni\u00f3n, para que la Iglesia siga siendo un espacio de misi\u00f3n compartida.<\/p>\n\n\n\n<p><\/p>\n\n\n\n<figure class=\"wp-block-embed is-type-video is-provider-youtube wp-block-embed-youtube wp-embed-aspect-16-9 wp-has-aspect-ratio\"><div class=\"wp-block-embed__wrapper\">\n<iframe loading=\"lazy\" title=\"Por una misi\u00f3n compartida \u2013 El Video del Papa 10 \u2013 Octubre 2024\" width=\"1080\" height=\"608\" src=\"https:\/\/www.youtube.com\/embed\/OcG9q_lcsQc?feature=oembed\" frameborder=\"0\" allow=\"accelerometer; autoplay; clipboard-write; encrypted-media; gyroscope; picture-in-picture; web-share\" referrerpolicy=\"strict-origin-when-cross-origin\" allowfullscreen><\/iframe>\n<\/div><\/figure>\n\n\n\n<div style=\"height:100px\" aria-hidden=\"true\" class=\"wp-block-spacer\"><\/div>\n\n\n\n<p>Las claves son:<\/p>\n\n\n\n<p><\/p>\n\n\n\n<p><strong>COMUNI\u00d3N: <\/strong><\/p>\n\n\n\n<ul class=\"wp-block-list\">\n<li>La<strong> Iglesia debe estar unida<\/strong> a imagen de la Sant\u00edsima Trinidad.<\/li>\n\n\n\n<li>Poner de manifiesto<strong> la riqueza de los dones y personalidades<\/strong> de cada uno, no suprimir las individualidades.<\/li>\n\n\n\n<li>Estar unidos por el <strong>amor, el perd\u00f3n y el apoyo mutuo<\/strong> que provienen del Esp\u00edritu Santo, m\u00e1s all\u00e1 de las diferencias o desacuerdos. <\/li>\n<\/ul>\n\n\n\n<p><strong>PARTICIPACI\u00d3N: <\/strong><\/p>\n\n\n\n<ul class=\"wp-block-list\">\n<li><strong>Ser parte de la Iglesia<\/strong>, cada uno desde su lugar, nadie excluido: \u00abtodos, todos, todos\u00bb.<\/li>\n\n\n\n<li><strong>Trabajar de manera conjunta<\/strong> como motivaci\u00f3n para cooperaci\u00f3n y la colaboraci\u00f3n. <\/li>\n\n\n\n<li><strong>Contribuir con la vocaci\u00f3n<\/strong>, los dones y carismas de cada uno. <\/li>\n<\/ul>\n\n\n\n<p><strong> MISI\u00d3N: <\/strong><\/p>\n\n\n\n<ul class=\"wp-block-list\">\n<li>La Iglesia debe ir \u00aben salida\u00bb, con <strong>orientaci\u00f3n evangelizadora. <\/strong><\/li>\n\n\n\n<li><strong>Llevar la fuerza transformadora de la Buena Nueva<\/strong> a los lugares de estudio, trabajo y ocio.<\/li>\n\n\n\n<li><strong>Ser testigos humildes pero cre\u00edbles<\/strong> de la alegr\u00eda cristiana.<\/li>\n<\/ul>\n\n\n\n<div style=\"height:100px\" aria-hidden=\"true\" class=\"wp-block-spacer\"><\/div>\n\n\n\n<p><strong>QU\u00c9 NOS PIDE FRANCISCO PARA TRANSITAR EL CAMINO DE LA SINODALIDAD? <\/strong><\/p>\n\n\n\n<blockquote class=\"wp-block-quote is-layout-flow wp-block-quote-is-layout-flow\">\n<p>Corresponsabilidad. Apertura a una misi\u00f3n compartida. Promover y ayudar la participaci\u00f3n. Favorecer la escucha y el discernimiento. Apoyar siempre el estilo de vida sinodal.<\/p>\n<\/blockquote>\n\n\n\n<p><\/p>\n\n\n\n<p>As\u00ed que oremos para que la Iglesia siga impulsando una vida sinodal, promoviendo la corresponsabilidad, la participaci\u00f3n activa y la misi\u00f3n conjunta entre todos. \u00a1Juntos podemos hacer grandes cosas!<\/p>\n\n\n\n<p><\/p>\n\n\n\n<div style=\"height:56px\" aria-hidden=\"true\" class=\"wp-block-spacer\"><\/div>\n\n\n\n<p><a href=\"https:\/\/www.vaticannews.va\/es\/papa\/news\/2022-10\/papa-francisco-video-intencion-oracion-octubre-iglesia-sinodo.html\" target=\"_blank\" rel=\"noreferrer noopener\">Web oficial del Vaticano<\/a><\/p>\n\n\n\n<p><a href=\"https:\/\/thepopevideo.org\/?lang=es\" target=\"_blank\" rel=\"noreferrer noopener\">Web del V\u00eddeo del Papa<\/a><\/p>\n\n\n\n<p><a href=\"https:\/\/www.popesprayer.va\/es\/\" target=\"_blank\" rel=\"noreferrer noopener\">Red Mundial de Oraci\u00f3n del Papa<\/a> <\/p>\n\n\n\n<p><\/p>\n","protected":false},"excerpt":{"rendered":"<p>Por una misi\u00f3n compartida Como cada mes, el Santo Padre difunde a trav\u00e9s del V\u00eddeo del Papa sus intenciones de oraci\u00f3n. Este mes, el Santo Padre ora por la misi\u00f3n&#8230;<\/p>\n","protected":false},"author":1,"featured_media":6450,"comment_status":"closed","ping_status":"closed","sticky":false,"template":"","format":"standard","meta":{"inline_featured_image":false,"footnotes":""},"categories":[56],"tags":[],"class_list":{"0":"post-8498","1":"post","2":"type-post","3":"status-publish","4":"format-standard","5":"has-post-thumbnail","7":"category-articles"},"_links":{"self":[{"href":"https:\/\/esglesiajove.barcelona\/es\/wp-json\/wp\/v2\/posts\/8498","targetHints":{"allow":["GET"]}}],"collection":[{"href":"https:\/\/esglesiajove.barcelona\/es\/wp-json\/wp\/v2\/posts"}],"about":[{"href":"https:\/\/esglesiajove.barcelona\/es\/wp-json\/wp\/v2\/types\/post"}],"author":[{"embeddable":true,"href":"https:\/\/esglesiajove.barcelona\/es\/wp-json\/wp\/v2\/users\/1"}],"replies":[{"embeddable":true,"href":"https:\/\/esglesiajove.barcelona\/es\/wp-json\/wp\/v2\/comments?post=8498"}],"version-history":[{"count":0,"href":"https:\/\/esglesiajove.barcelona\/es\/wp-json\/wp\/v2\/posts\/8498\/revisions"}],"wp:featuredmedia":[{"embeddable":true,"href":"https:\/\/esglesiajove.barcelona\/es\/wp-json\/wp\/v2\/media\/6450"}],"wp:attachment":[{"href":"https:\/\/esglesiajove.barcelona\/es\/wp-json\/wp\/v2\/media?parent=8498"}],"wp:term":[{"taxonomy":"category","embeddable":true,"href":"https:\/\/esglesiajove.barcelona\/es\/wp-json\/wp\/v2\/categories?post=8498"},{"taxonomy":"post_tag","embeddable":true,"href":"https:\/\/esglesiajove.barcelona\/es\/wp-json\/wp\/v2\/tags?post=8498"}],"curies":[{"name":"wp","href":"https:\/\/api.w.org\/{rel}","templated":true}]}}