{"id":8564,"date":"2022-11-10T16:02:10","date_gmt":"2022-11-10T15:02:10","guid":{"rendered":"https:\/\/esglesiajove.barcelona\/connecta-inicio-de-curso-2\/"},"modified":"2024-11-14T14:24:17","modified_gmt":"2024-11-14T13:24:17","slug":"connecta-inicio-de-curso-2","status":"publish","type":"post","link":"https:\/\/esglesiajove.barcelona\/es\/connecta-inicio-de-curso-2\/","title":{"rendered":"Connecta: Inicio de curso"},"content":{"rendered":"\n<h2 class=\"wp-block-heading\">D\u00eda de caminata, amistad y fe<\/h2>\n\n\n\n<p>El pasado s\u00e1bado 19 de octubre, alrededor de ochenta adolescentes de diferentes parroquias de Barcelona, acompa\u00f1ados de sus monitores y catequistas, participaron en el encuentro \u201cConnecta\u201d, una jornada para convivir y fortalecer los lazos de fe y amistad. La jornada arranc\u00f3 con la celebraci\u00f3n de la Santa Misa en Mundet, y de all\u00ed, los participantes se lanzaron a una caminata hasta la ermita de Sant Medir, un recorrido que no solo ofreci\u00f3 un paisaje \u00fanico, sino tambi\u00e9n la oportunidad de conocerse, convivir y compartir.<\/p>\n\n\n\n<p>Durante el trayecto, los adolescentes no solo compartieron sus experiencias, sino que tambi\u00e9n se animaron y ayudaron mutuamente, haciendo que la caminata se convirtiera en una met\u00e1fora de su vida espiritual: esfuerzo, constancia y apoyo en comunidad para alcanzar una meta. Al llegar a la ermita, participaron en actividades, juegos y, como broche de oro, una adoraci\u00f3n \u201cmuy familiar\u201d, que brind\u00f3 a los j\u00f3venes un espacio \u00edntimo para detenerse y entregarse a la oraci\u00f3n.<\/p>\n\n\n\n<p><\/p>\n\n\n\n\n\n<div style=\"height:39px\" aria-hidden=\"true\" class=\"wp-block-spacer\"><\/div>\n\n\n\n<p>Comentarios como estos se escuchaban al final del d\u00eda, reflejando la conexi\u00f3n profunda que los participantes lograron experimentar. Este encuentro, organizado por Esgl\u00e9sia Jove de Barcelona, fue una ocasi\u00f3n \u00fanica para que los adolescentes se sintieran parte de una comunidad m\u00e1s grande, reforzando su sentido de pertenencia en la Iglesia.<\/p>\n\n\n\n<p>Neus Rosell, catequista de ADSUM.<\/p>\n\n\n\n<div style=\"height:56px\" aria-hidden=\"true\" class=\"wp-block-spacer\"><\/div>\n\n\n\n<h2 class=\"wp-block-heading\">Galer\u00eda de im\u00e1genes<\/h2>\n\n\n\n<figure class=\"wp-block-gallery has-nested-images columns-default is-cropped wp-block-gallery-1 is-layout-flex wp-block-gallery-is-layout-flex\">\n<figure class=\"wp-block-image size-large\"><img decoding=\"async\" data-id=\"66807\" src=\"https:\/\/esglesiajove.barcelona\/wp-content\/uploads\/2024\/11\/IMG_1757.jpg\" alt=\"\" class=\"wp-image-66807\"\/><\/figure>\n\n\n\n<figure class=\"wp-block-image size-large\"><img decoding=\"async\" data-id=\"66808\" src=\"https:\/\/esglesiajove.barcelona\/wp-content\/uploads\/2024\/11\/IMG_1762.jpg\" alt=\"\" class=\"wp-image-66808\"\/><\/figure>\n\n\n\n<figure class=\"wp-block-image size-large\"><img decoding=\"async\" data-id=\"66810\" src=\"https:\/\/esglesiajove.barcelona\/wp-content\/uploads\/2024\/11\/IMG_1781.jpg\" alt=\"\" class=\"wp-image-66810\"\/><\/figure>\n\n\n\n<figure class=\"wp-block-image size-large\"><img decoding=\"async\" data-id=\"66813\" src=\"https:\/\/esglesiajove.barcelona\/wp-content\/uploads\/2024\/11\/IMG_1789.jpg\" alt=\"\" class=\"wp-image-66813\"\/><\/figure>\n\n\n\n<figure class=\"wp-block-image size-large\"><img decoding=\"async\" data-id=\"66814\" src=\"https:\/\/esglesiajove.barcelona\/wp-content\/uploads\/2024\/11\/IMG_1791.jpg\" alt=\"\" class=\"wp-image-66814\"\/><\/figure>\n\n\n\n<figure class=\"wp-block-image size-large\"><img decoding=\"async\" data-id=\"66822\" src=\"https:\/\/esglesiajove.barcelona\/wp-content\/uploads\/2024\/11\/IMG_1799.jpg\" alt=\"\" class=\"wp-image-66822\"\/><\/figure>\n\n\n\n<figure class=\"wp-block-image size-large\"><img decoding=\"async\" data-id=\"66811\" src=\"https:\/\/esglesiajove.barcelona\/wp-content\/uploads\/2024\/11\/IMG_1811.jpg\" alt=\"\" class=\"wp-image-66811\"\/><\/figure>\n\n\n\n<figure class=\"wp-block-image size-large\"><img decoding=\"async\" data-id=\"66819\" src=\"https:\/\/esglesiajove.barcelona\/wp-content\/uploads\/2024\/11\/IMG_1815.jpg\" alt=\"\" class=\"wp-image-66819\"\/><\/figure>\n\n\n\n<figure class=\"wp-block-image size-large\"><img decoding=\"async\" data-id=\"66812\" src=\"https:\/\/esglesiajove.barcelona\/wp-content\/uploads\/2024\/11\/IMG_1840.jpg\" alt=\"\" class=\"wp-image-66812\"\/><\/figure>\n\n\n\n<figure class=\"wp-block-image size-large\"><img decoding=\"async\" data-id=\"66826\" src=\"https:\/\/esglesiajove.barcelona\/wp-content\/uploads\/2024\/11\/IMG_1843.jpg\" alt=\"\" class=\"wp-image-66826\"\/><\/figure>\n\n\n\n<figure class=\"wp-block-image size-large\"><img decoding=\"async\" data-id=\"66824\" src=\"https:\/\/esglesiajove.barcelona\/wp-content\/uploads\/2024\/11\/IMG_1871.jpg\" alt=\"\" class=\"wp-image-66824\"\/><\/figure>\n\n\n\n<figure class=\"wp-block-image size-large\"><img decoding=\"async\" data-id=\"66821\" src=\"https:\/\/esglesiajove.barcelona\/wp-content\/uploads\/2024\/11\/IMG_1878.jpg\" alt=\"\" class=\"wp-image-66821\"\/><\/figure>\n\n\n\n<figure class=\"wp-block-image size-large\"><img decoding=\"async\" data-id=\"66817\" src=\"https:\/\/esglesiajove.barcelona\/wp-content\/uploads\/2024\/11\/IMG_1894.jpg\" alt=\"\" class=\"wp-image-66817\"\/><\/figure>\n\n\n\n<figure class=\"wp-block-image size-large\"><img decoding=\"async\" data-id=\"66825\" src=\"https:\/\/esglesiajove.barcelona\/wp-content\/uploads\/2024\/11\/IMG_1895.jpg\" alt=\"\" class=\"wp-image-66825\"\/><\/figure>\n\n\n\n<figure class=\"wp-block-image size-large\"><img decoding=\"async\" data-id=\"66823\" src=\"https:\/\/esglesiajove.barcelona\/wp-content\/uploads\/2024\/11\/IMG_1897.jpg\" alt=\"\" class=\"wp-image-66823\"\/><\/figure>\n\n\n\n<figure class=\"wp-block-image size-large\"><img decoding=\"async\" data-id=\"66827\" src=\"https:\/\/esglesiajove.barcelona\/wp-content\/uploads\/2024\/11\/IMG_1905.jpg\" alt=\"\" class=\"wp-image-66827\"\/><\/figure>\n\n\n\n<figure class=\"wp-block-image size-large\"><img decoding=\"async\" data-id=\"66820\" src=\"https:\/\/esglesiajove.barcelona\/wp-content\/uploads\/2024\/11\/IMG_1911.jpg\" alt=\"\" class=\"wp-image-66820\"\/><\/figure>\n\n\n\n<figure class=\"wp-block-image size-large\"><img decoding=\"async\" data-id=\"66809\" src=\"https:\/\/esglesiajove.barcelona\/wp-content\/uploads\/2024\/11\/IMG_1922.jpg\" alt=\"\" class=\"wp-image-66809\"\/><\/figure>\n\n\n\n<figure class=\"wp-block-image size-full\"><img decoding=\"async\" data-id=\"66844\" src=\"https:\/\/esglesiajove.barcelona\/wp-content\/uploads\/2024\/11\/IMG_1929-1-1.jpg\" alt=\"\" class=\"wp-image-66844\"\/><\/figure>\n\n\n\n<figure class=\"wp-block-image size-large\"><img decoding=\"async\" data-id=\"66818\" src=\"https:\/\/esglesiajove.barcelona\/wp-content\/uploads\/2024\/11\/IMG_1939.jpg\" alt=\"\" class=\"wp-image-66818\"\/><\/figure>\n\n\n\n<figure class=\"wp-block-image size-large\"><img decoding=\"async\" data-id=\"66816\" src=\"https:\/\/esglesiajove.barcelona\/wp-content\/uploads\/2024\/11\/IMG_1940.jpg\" alt=\"\" class=\"wp-image-66816\"\/><\/figure>\n<\/figure>\n","protected":false},"excerpt":{"rendered":"<p>D\u00eda de caminata, amistad y fe El pasado s\u00e1bado 19 de octubre, alrededor de ochenta adolescentes de diferentes parroquias de Barcelona, acompa\u00f1ados de sus monitores y catequistas, participaron en el&#8230;<\/p>\n","protected":false},"author":1,"featured_media":6453,"comment_status":"closed","ping_status":"closed","sticky":false,"template":"","format":"standard","meta":{"inline_featured_image":false,"footnotes":""},"categories":[],"tags":[],"class_list":["post-8564","post","type-post","status-publish","format-standard","has-post-thumbnail"],"_links":{"self":[{"href":"https:\/\/esglesiajove.barcelona\/es\/wp-json\/wp\/v2\/posts\/8564","targetHints":{"allow":["GET"]}}],"collection":[{"href":"https:\/\/esglesiajove.barcelona\/es\/wp-json\/wp\/v2\/posts"}],"about":[{"href":"https:\/\/esglesiajove.barcelona\/es\/wp-json\/wp\/v2\/types\/post"}],"author":[{"embeddable":true,"href":"https:\/\/esglesiajove.barcelona\/es\/wp-json\/wp\/v2\/users\/1"}],"replies":[{"embeddable":true,"href":"https:\/\/esglesiajove.barcelona\/es\/wp-json\/wp\/v2\/comments?post=8564"}],"version-history":[{"count":1,"href":"https:\/\/esglesiajove.barcelona\/es\/wp-json\/wp\/v2\/posts\/8564\/revisions"}],"predecessor-version":[{"id":8586,"href":"https:\/\/esglesiajove.barcelona\/es\/wp-json\/wp\/v2\/posts\/8564\/revisions\/8586"}],"wp:featuredmedia":[{"embeddable":true,"href":"https:\/\/esglesiajove.barcelona\/es\/wp-json\/wp\/v2\/media\/6453"}],"wp:attachment":[{"href":"https:\/\/esglesiajove.barcelona\/es\/wp-json\/wp\/v2\/media?parent=8564"}],"wp:term":[{"taxonomy":"category","embeddable":true,"href":"https:\/\/esglesiajove.barcelona\/es\/wp-json\/wp\/v2\/categories?post=8564"},{"taxonomy":"post_tag","embeddable":true,"href":"https:\/\/esglesiajove.barcelona\/es\/wp-json\/wp\/v2\/tags?post=8564"}],"curies":[{"name":"wp","href":"https:\/\/api.w.org\/{rel}","templated":true}]}}