{"id":8599,"date":"2024-11-07T14:46:27","date_gmt":"2024-11-07T13:46:27","guid":{"rendered":"https:\/\/esglesiajove.barcelona\/cuarto-aniversario-de-la-beatificacion-del-beato-joan-roig-i-diggle\/"},"modified":"2025-02-05T15:29:34","modified_gmt":"2025-02-05T14:29:34","slug":"cuarto-aniversario-de-la-beatificacion-del-beato-joan-roig-i-diggle","status":"publish","type":"post","link":"https:\/\/esglesiajove.barcelona\/es\/cuarto-aniversario-de-la-beatificacion-del-beato-joan-roig-i-diggle\/","title":{"rendered":"Cuarto aniversario de la beatificaci\u00f3n del Beato Joan Roig i Diggle"},"content":{"rendered":"[vc_row type=\u00bbin_container\u00bb full_screen_row_position=\u00bbmiddle\u00bb column_margin=\u00bbdefault\u00bb column_direction=\u00bbdefault\u00bb column_direction_tablet=\u00bbdefault\u00bb column_direction_phone=\u00bbdefault\u00bb scene_position=\u00bbcenter\u00bb text_color=\u00bbdark\u00bb text_align=\u00bbleft\u00bb row_border_radius=\u00bbnone\u00bb row_border_radius_applies=\u00bbbg\u00bb overflow=\u00bbvisible\u00bb overlay_strength=\u00bb0.3&#8243; gradient_direction=\u00bbleft_to_right\u00bb shape_divider_position=\u00bbbottom\u00bb bg_image_animation=\u00bbnone\u00bb][vc_column column_padding=\u00bbno-extra-padding\u00bb column_padding_tablet=\u00bbinherit\u00bb column_padding_phone=\u00bbinherit\u00bb column_padding_position=\u00bball\u00bb column_element_direction_desktop=\u00bbdefault\u00bb column_element_spacing=\u00bbdefault\u00bb desktop_text_alignment=\u00bbdefault\u00bb tablet_text_alignment=\u00bbdefault\u00bb phone_text_alignment=\u00bbdefault\u00bb background_color_opacity=\u00bb1&#8243; background_hover_color_opacity=\u00bb1&#8243; column_backdrop_filter=\u00bbnone\u00bb column_shadow=\u00bbnone\u00bb column_border_radius=\u00bbnone\u00bb column_link_target=\u00bb_self\u00bb column_position=\u00bbdefault\u00bb gradient_direction=\u00bbleft_to_right\u00bb overlay_strength=\u00bb0.3&#8243; width=\u00bb1\/1&#8243; tablet_width_inherit=\u00bbdefault\u00bb animation_type=\u00bbdefault\u00bb bg_image_animation=\u00bbnone\u00bb border_type=\u00bbsimple\u00bb column_border_width=\u00bbnone\u00bb column_border_style=\u00bbsolid\u00bb][vc_column_text css=\u00bb\u00bb text_direction=\u00bbdefault\u00bb]\n<p>El 7 de noviembre de 2020 resonaba con fuerza en la Sagrada Familia el himno Christus Vincit, Christus Reinado (Cristo Vence, Cristo Reina) para iniciar la celebraci\u00f3n de la beatificaci\u00f3n del m\u00e1rtir <a href=\"https:\/\/joanroigdiggle.com\/\" target=\"_blank\" rel=\"noopener\">Joan Roig i Diggle<\/a>: un joven que en plena Guerra Civil, con s\u00f3lo 19 a\u00f1os, dio su vida por Amor.<\/p>\n\n<p>Nace en Barcelona en 1917 en el seno de una familia cat\u00f3lica, de padre catal\u00e1n y madre inglesa. En 1934 sufren un fuerte rev\u00e9s econ\u00f3mico. Es necesario que Juan deje los estudios y se ponga a trabajar. Pese a ver truncadas sus ilusiones de futuro, no manifiesta ninguna queja, y alterna con alegr\u00eda el trabajo con el estudio nocturno.<\/p>\n\n<p>Se trasladan a vivir a El Masnou donde comienza a vivir a fondo su fe y su relaci\u00f3n con Dios. Es precisamente en esta poblaci\u00f3n del Maresme donde se integra en la Federaci\u00f3n de J\u00f3venes Cristianos de Catalu\u00f1a, donde encuentra un estilo de vida, una comunidad y una misi\u00f3n: llevar a Jes\u00fas a los dem\u00e1s.\u00a0<\/p>\n\n<p>Vive de primera mano los problemas del mundo obrero. Esto le despierta una gran sensibilidad social. Estudia, vive y difunde la Doctrina Social de la Iglesia, convencido de que es el \u00fanico camino v\u00e1lido para combatir las desigualdades y promover la dignidad de todas las personas. No se queda en una bella teor\u00eda, sino que dedica los domingos a visitar a enfermos y pobres.<\/p>\n\n<p>En 1936 estalla la Guerra Civil espa\u00f1ola y se intensifica la persecuci\u00f3n religiosa. Joan es consciente de que muchos cristianos ser\u00e1n martirizados y anima a los j\u00f3venes de la Federaci\u00f3n a estar preparados por lo que Dios tenga previsto y confiar en los frutos de la entrega. Pese al peligro que esto supone, Joan decide no esconderse, incluso, su director espiritual le conf\u00eda la Eucarist\u00eda para que pueda llevar la comuni\u00f3n a algunos cristianos de El Masnou. La noche del 11 de septiembre, una guerrilla se presenta en la casa familiar. Antes de que se lo lleven, puede comulgar y eso le da fuerzas para encarar la voluntad de Dios diciendo a su madre: God is with me [Dios est\u00e1 conmigo]. A sus 19 a\u00f1os, acepta con serenidad el martirio, ofreciendo su vida perdonando a sus verdugos antes de que le fusilen a santa Coloma de Gramenet.<\/p>\n\n<p>Actualmente sus restos se pueden venerar en la tumba situada en la parroquia de San Pedro del Masnou, donde fueron trasladados el 20 de enero de 2007.<\/p>\n\n<p>Con ocasi\u00f3n de la beatificaci\u00f3n, muchos j\u00f3venes descubrieron la vida y el ejemplo del beato Joan Roig. Bajo la gu\u00eda del obispo Toni Vadell empez\u00f3 a caminar el <a href=\"https:\/\/esglesiajove.barcelona\/grup-joan-roig-joves-adults\/\">Grup Joan Roig<\/a>, dirigido a los j\u00f3venes adultos (25-35 a\u00f1os) de los diferentes carismas y movimientos de la Iglesia de Barcelona.<\/p>\n\n<p>Que el beato Joan Roig siga cuidando a los j\u00f3venes de nuestra archidi\u00f3cesis y aumente la valent\u00eda de nuestros corazones, para que podamos responder con confianza a la realidad que nos ha regalado el Se\u00f1or.<\/p>\n\n<p>Les pedimos que encomiende sus intenciones al beato Joan Roig confiando en que pronto podamos cantar de nuevo Christus Vincit, Christus Reinado con ocasi\u00f3n de su canonizaci\u00f3n. <a href=\"https:\/\/joanroigdiggle.com\/web\/wp-content\/uploads\/Estampa-Beat-Joan-Roig-CAT.pdf.\" target=\"_blank\" rel=\"noopener\">Estampa del Beato Joan Roig<\/a><\/p>\n\n<p>Grupo Joan Roig<br \/>Carla Vidal y Joan Pi\u00f1ol<\/p>\n\n\n<figure class=\"wp-block-image aligncenter size-large is-resized\"><img decoding=\"async\" class=\"wp-image-66980\" style=\"width: 836px; height: auto;\" src=\"https:\/\/esglesiajove.barcelona\/wp-content\/uploads\/2024\/11\/Captura-de-pantalla-2024-11-07-a-las-15.28.53.png\" alt=\"\" \/><\/figure>\n\n\n<p>&nbsp;<\/p>\n[\/vc_column_text][\/vc_column][\/vc_row]\n","protected":false},"excerpt":{"rendered":"<p>[vc_row type=\u00bbin_container\u00bb full_screen_row_position=\u00bbmiddle\u00bb column_margin=\u00bbdefault\u00bb column_direction=\u00bbdefault\u00bb column_direction_tablet=\u00bbdefault\u00bb column_direction_phone=\u00bbdefault\u00bb scene_position=\u00bbcenter\u00bb text_color=\u00bbdark\u00bb text_align=\u00bbleft\u00bb row_border_radius=\u00bbnone\u00bb row_border_radius_applies=\u00bbbg\u00bb overflow=\u00bbvisible\u00bb overlay_strength=\u00bb0.3&#8243; gradient_direction=\u00bbleft_to_right\u00bb shape_divider_position=\u00bbbottom\u00bb bg_image_animation=\u00bbnone\u00bb][vc_column column_padding=\u00bbno-extra-padding\u00bb column_padding_tablet=\u00bbinherit\u00bb column_padding_phone=\u00bbinherit\u00bb column_padding_position=\u00bball\u00bb column_element_direction_desktop=\u00bbdefault\u00bb column_element_spacing=\u00bbdefault\u00bb desktop_text_alignment=\u00bbdefault\u00bb tablet_text_alignment=\u00bbdefault\u00bb phone_text_alignment=\u00bbdefault\u00bb background_color_opacity=\u00bb1&#8243; background_hover_color_opacity=\u00bb1&#8243; column_backdrop_filter=\u00bbnone\u00bb column_shadow=\u00bbnone\u00bb&#8230;<\/p>\n","protected":false},"author":1,"featured_media":6455,"comment_status":"closed","ping_status":"closed","sticky":false,"template":"","format":"standard","meta":{"inline_featured_image":false,"footnotes":""},"categories":[56,57,58],"tags":[],"class_list":{"0":"post-8599","1":"post","2":"type-post","3":"status-publish","4":"format-standard","5":"has-post-thumbnail","7":"category-articles","8":"category-articulos","9":"category-testimonios"},"_links":{"self":[{"href":"https:\/\/esglesiajove.barcelona\/es\/wp-json\/wp\/v2\/posts\/8599","targetHints":{"allow":["GET"]}}],"collection":[{"href":"https:\/\/esglesiajove.barcelona\/es\/wp-json\/wp\/v2\/posts"}],"about":[{"href":"https:\/\/esglesiajove.barcelona\/es\/wp-json\/wp\/v2\/types\/post"}],"author":[{"embeddable":true,"href":"https:\/\/esglesiajove.barcelona\/es\/wp-json\/wp\/v2\/users\/1"}],"replies":[{"embeddable":true,"href":"https:\/\/esglesiajove.barcelona\/es\/wp-json\/wp\/v2\/comments?post=8599"}],"version-history":[{"count":2,"href":"https:\/\/esglesiajove.barcelona\/es\/wp-json\/wp\/v2\/posts\/8599\/revisions"}],"predecessor-version":[{"id":10092,"href":"https:\/\/esglesiajove.barcelona\/es\/wp-json\/wp\/v2\/posts\/8599\/revisions\/10092"}],"wp:featuredmedia":[{"embeddable":true,"href":"https:\/\/esglesiajove.barcelona\/es\/wp-json\/wp\/v2\/media\/6455"}],"wp:attachment":[{"href":"https:\/\/esglesiajove.barcelona\/es\/wp-json\/wp\/v2\/media?parent=8599"}],"wp:term":[{"taxonomy":"category","embeddable":true,"href":"https:\/\/esglesiajove.barcelona\/es\/wp-json\/wp\/v2\/categories?post=8599"},{"taxonomy":"post_tag","embeddable":true,"href":"https:\/\/esglesiajove.barcelona\/es\/wp-json\/wp\/v2\/tags?post=8599"}],"curies":[{"name":"wp","href":"https:\/\/api.w.org\/{rel}","templated":true}]}}